{"id":58526,"date":"2023-01-05T16:02:39","date_gmt":"2023-01-05T13:02:39","guid":{"rendered":"https:\/\/www.bghaber.org\/bghaber\/?p=58526"},"modified":"2023-01-05T16:02:45","modified_gmt":"2023-01-05T13:02:45","slug":"2023un-ilk-yorunge-ucusunda-bulgaristan-uydusu-da-var","status":"publish","type":"post","link":"https:\/\/www.bghaber.org\/bghaber\/2023un-ilk-yorunge-ucusunda-bulgaristan-uydusu-da-var\/","title":{"rendered":"2023\u2019\u00fcn ilk y\u00f6r\u00fcnge u\u00e7u\u015funda Bulgaristan uydusu da var"},"content":{"rendered":"\n<p class=\"wp-block-paragraph\">Uydu \u00fcreticisi bir Bulgar \u015firketi,&nbsp;<strong>Platform-2 nano uydusunun ba\u015far\u0131yla y\u00f6r\u00fcngeye f\u0131rlat\u0131ld\u0131\u011f\u0131n\u0131 duyurdu. Bulgar nano uydusu, 24 \u00fclkeden 113 uyduyla birlikte Elon Musk\u2019\u0131n SpaceX \u015firketi taraf\u0131ndan 2023\u2019\u00fcn ilk y\u00f6r\u00fcnge u\u00e7u\u015funda D\u00fcnya y\u00f6r\u00fcngesine f\u0131rlat\u0131ld\u0131<\/strong>.<\/p>\n\n\n\n<p class=\"wp-block-paragraph\">24 \u00e7asa gazetesinin haberine g\u00f6re, 2023 y\u0131l\u0131nda\u00a0<strong>BalkanSat 30B sistemi<\/strong>\u00a0\u00fczerinden kamu ve \u00f6zel sekt\u00f6re hizmet verecek olan Bulgar telekom\u00fcnikasyon uydusu BalkanSat\u2019\u0131n uzaya f\u0131rlat\u0131lmas\u0131 planlan\u0131yor. Bulgaristan \u00fczerinde ileti\u015fim sa\u011flayacak olan\u00a0<strong>a\u011f, devlet ve belediye idareleri,\u00a0\u0130\u00e7i\u015fleri Bakanl\u0131\u011f\u0131, Savunma Bakanl\u0131\u011f\u0131, itfaiye, hastaneler taraf\u0131ndan kullan\u0131lacak<\/strong>.<\/p>\n\n\n\n<p class=\"wp-block-paragraph\"><\/p>\n\n\n\n<p class=\"wp-block-paragraph\">BNR<\/p>\n<div id=\"bghab-1707583242\" class=\"bghab-yazi-altinda bghab-entity-placement\"><script async src=\"https:\/\/pagead2.googlesyndication.com\/pagead\/js\/adsbygoogle.js\"><\/script>\r\n<!-- bghaber-yaz\u0131-sonu -->\r\n<ins class=\"adsbygoogle\"\r\n     style=\"display:block\"\r\n     data-ad-client=\"ca-pub-6203283170189293\"\r\n     data-ad-slot=\"4222328180\"\r\n     data-ad-format=\"auto\"\r\n     data-full-width-responsive=\"true\"><\/ins>\r\n<script>\r\n     (adsbygoogle = window.adsbygoogle || []).push({});\r\n<\/script><\/div><br style=\"clear: both; display: block; float: none;\"\/>","protected":false},"excerpt":{"rendered":"<p>Uydu \u00fcreticisi bir Bulgar \u015firketi,&nbsp;Platform-2 nano uydusunun ba\u015far\u0131yla y\u00f6r\u00fcngeye f\u0131rlat\u0131ld\u0131\u011f\u0131n\u0131 duyurdu. Bulgar nano uydusu, 24 \u00fclkeden 113 uyduyla birlikte Elon Musk\u2019\u0131n SpaceX \u015firketi taraf\u0131ndan 2023\u2019\u00fcn<\/p>\n","protected":false},"author":29,"featured_media":58527,"comment_status":"open","ping_status":"closed","sticky":false,"template":"","format":"standard","meta":{"advanced_seo_description":"","jetpack_seo_html_title":"","jetpack_seo_noindex":false,"jetpack_seo_schema_type":"","_jetpack_newsletter_access":"","_jetpack_dont_email_post_to_subs":false,"_jetpack_newsletter_tier_id":0,"_jetpack_memberships_contains_paywalled_content":false,"_jetpack_feature_clip_id":0,"_jetpack_memberships_contains_paid_content":false,"footnotes":"","jetpack_post_was_ever_published":false},"categories":[1,5],"tags":[30,1103],"class_list":["post-58526","post","type-post","status-publish","format-standard","has-post-thumbnail","hentry","category-haberler","category-yasam","tag-bulgaristan","tag-uydu"],"jetpack_sharing_enabled":true,"jetpack_likes_enabled":true,"jetpack-related-posts":[],"jetpack_shortlink":"https:\/\/wp.me\/pc2PfJ-fdY","jetpack_featured_media_url":"https:\/\/i0.wp.com\/www.bghaber.org\/bghaber\/wp-content\/uploads\/2023\/01\/roket-uydu-firlatma.jpg?fit=925%2C520&ssl=1","_links":{"self":[{"href":"https:\/\/www.bghaber.org\/bghaber\/wp-json\/wp\/v2\/posts\/58526","targetHints":{"allow":["GET"]}}],"collection":[{"href":"https:\/\/www.bghaber.org\/bghaber\/wp-json\/wp\/v2\/posts"}],"about":[{"href":"https:\/\/www.bghaber.org\/bghaber\/wp-json\/wp\/v2\/types\/post"}],"author":[{"embeddable":true,"href":"https:\/\/www.bghaber.org\/bghaber\/wp-json\/wp\/v2\/users\/29"}],"replies":[{"embeddable":true,"href":"https:\/\/www.bghaber.org\/bghaber\/wp-json\/wp\/v2\/comments?post=58526"}],"version-history":[{"count":0,"href":"https:\/\/www.bghaber.org\/bghaber\/wp-json\/wp\/v2\/posts\/58526\/revisions"}],"wp:featuredmedia":[{"embeddable":true,"href":"https:\/\/www.bghaber.org\/bghaber\/wp-json\/wp\/v2\/media\/58527"}],"wp:attachment":[{"href":"https:\/\/www.bghaber.org\/bghaber\/wp-json\/wp\/v2\/media?parent=58526"}],"wp:term":[{"taxonomy":"category","embeddable":true,"href":"https:\/\/www.bghaber.org\/bghaber\/wp-json\/wp\/v2\/categories?post=58526"},{"taxonomy":"post_tag","embeddable":true,"href":"https:\/\/www.bghaber.org\/bghaber\/wp-json\/wp\/v2\/tags?post=58526"}],"curies":[{"name":"wp","href":"https:\/\/api.w.org\/{rel}","templated":true}]}}