{"id":58524,"date":"2023-01-05T15:04:47","date_gmt":"2023-01-05T12:04:47","guid":{"rendered":"https:\/\/www.bghaber.org\/bghaber\/?p=58524"},"modified":"2023-01-05T15:04:54","modified_gmt":"2023-01-05T12:04:54","slug":"bulgaristanda-25-milyon-euro-degerinde-2-1-milyon-doz-covid-19-asisi-cope-gitti","status":"publish","type":"post","link":"https:\/\/www.bghaber.org\/bghaber\/bulgaristanda-25-milyon-euro-degerinde-2-1-milyon-doz-covid-19-asisi-cope-gitti\/","title":{"rendered":"Bulgaristan&#8217;da 25 milyon euro de\u011ferinde 2.1 milyon doz Covid-19 a\u015f\u0131s\u0131 \u00e7\u00f6pe gitti"},"content":{"rendered":"\n<p class=\"wp-block-paragraph\">Bulgaristan&#8217;da binlerce doz Covid-19 a\u015f\u0131s\u0131 imha edildi. Bulgaristan Sa\u011fl\u0131k Bakanl\u0131\u011f\u0131 sitesinde yer alan verilere g\u00f6re, Bulgaristan&#8217;da bug\u00fcne kadar 25 milyon euro de\u011ferinde 2.1 milyon doz Covid-19 a\u015f\u0131s\u0131n\u0131 imha edildi\u011fi veya edilece\u011fi belirtildi. A\u015f\u0131lar\u0131n son kullanma tarihi ge\u00e7mi\u015f, kullan\u0131lmayan \u00e7ok dozlu \u015fi\u015felerin tam kullan\u0131lmamas\u0131, k\u0131r\u0131k \u015fi\u015feler ve yanl\u0131\u015f muhafaza gibi nedenlerden dolay\u0131 imha edildi\u011fi aktar\u0131ld\u0131.<\/p>\n\n\n\n<p class=\"wp-block-paragraph\">Bulgaristan&#8217;da bug\u00fcne kadar AstraZeneca&#8217;dan 689 bin 508 doz, Pfizer\/BioNTech&#8217;ten 1 milyon 159 bin 628 doz, Moderna&#8217;dan 261 bin 828 doz, Janssen&#8217;den 4 bin 803 doz, Valneva Austri&#8217;dan 9 doz a\u015f\u0131 imha edildi.<\/p>\n\n\n\n<p class=\"wp-block-paragraph\">Bulgaristan, 17 May\u0131s 2021&#8217;de Pfizer\/BioNTech&#8217;ten 267 milyon euroya 14 milyon doz a\u015f\u0131 al\u0131nmas\u0131 konusunda anla\u015fm\u0131\u015ft\u0131. Pfizer\/BioNTech, s\u00f6z konusu sipari\u015fin 8 milyon 354 bin 768 dozluk k\u0131sm\u0131n\u0131 bu y\u0131l Bulgaristan&#8217;a teslim edecek. Bulgaristan, bu y\u0131l ba\u015fka markalardan a\u015f\u0131 almayacak.<\/p>\n\n\n\n<p class=\"wp-block-paragraph\">Bulgaristan a\u015f\u0131lama konusunda Avrupa Birli\u011fi (AB) \u00fclkeleri aras\u0131nda son s\u0131ralarda yer al\u0131rken, Avrupa&#8217;da n\u00fcfusa oranla Covid-19&#8217;a ba\u011fl\u0131 en \u00e7ok can kayb\u0131 ya\u015fanan \u00fclkeler aras\u0131nda yer al\u0131yor.<\/p>\n\n\n\n<p class=\"wp-block-paragraph\"><\/p>\n\n\n\n<p class=\"wp-block-paragraph\">\u0130HA<\/p><div id=\"bghab-3450685480\" class=\"bghab-icerik-icine bghab-entity-placement\"><script async src=\"\/\/pagead2.googlesyndication.com\/pagead\/js\/adsbygoogle.js?client=ca-pub-6203283170189293\" crossorigin=\"anonymous\"><\/script><ins class=\"adsbygoogle\" style=\"display:block; text-align:center;\" data-ad-client=\"ca-pub-6203283170189293\" \ndata-ad-slot=\"7303146466\" \ndata-ad-layout=\"in-article\"\ndata-ad-format=\"fluid\" data-full-width-responsive=\"true\"><\/ins>\n<script> \n(adsbygoogle = window.adsbygoogle || []).push({}); \n<\/script>\n<\/div>\n<div id=\"bghab-3090943943\" class=\"bghab-yazi-altinda bghab-entity-placement\"><script async src=\"https:\/\/pagead2.googlesyndication.com\/pagead\/js\/adsbygoogle.js\"><\/script>\r\n<!-- bghaber-yaz\u0131-sonu -->\r\n<ins class=\"adsbygoogle\"\r\n     style=\"display:block\"\r\n     data-ad-client=\"ca-pub-6203283170189293\"\r\n     data-ad-slot=\"4222328180\"\r\n     data-ad-format=\"auto\"\r\n     data-full-width-responsive=\"true\"><\/ins>\r\n<script>\r\n     (adsbygoogle = window.adsbygoogle || []).push({});\r\n<\/script><\/div><br style=\"clear: both; display: block; float: none;\"\/>","protected":false},"excerpt":{"rendered":"<p>Bulgaristan&#8217;da binlerce doz Covid-19 a\u015f\u0131s\u0131 imha edildi. Bulgaristan Sa\u011fl\u0131k Bakanl\u0131\u011f\u0131 sitesinde yer alan verilere g\u00f6re, Bulgaristan&#8217;da bug\u00fcne kadar 25 milyon euro de\u011ferinde 2.1 milyon doz<\/p>\n","protected":false},"author":29,"featured_media":52562,"comment_status":"open","ping_status":"closed","sticky":false,"template":"","format":"standard","meta":{"advanced_seo_description":"","jetpack_seo_html_title":"","jetpack_seo_noindex":false,"jetpack_seo_schema_type":"","_jetpack_newsletter_access":"","_jetpack_dont_email_post_to_subs":false,"_jetpack_newsletter_tier_id":0,"_jetpack_memberships_contains_paywalled_content":false,"_jetpack_feature_clip_id":0,"_jetpack_memberships_contains_paid_content":false,"footnotes":"","jetpack_post_was_ever_published":false},"categories":[1,7],"tags":[1961,30,2902,2884],"class_list":["post-58524","post","type-post","status-publish","format-standard","has-post-thumbnail","hentry","category-haberler","category-saglik-spor","tag-asi","tag-bulgaristan","tag-korona","tag-virus"],"jetpack_sharing_enabled":true,"jetpack_likes_enabled":true,"jetpack-related-posts":[],"jetpack_shortlink":"https:\/\/wp.me\/pc2PfJ-fdW","jetpack_featured_media_url":"https:\/\/i0.wp.com\/www.bghaber.org\/bghaber\/wp-content\/uploads\/2021\/01\/bulgaristan-harita-ve-asi-koronavirus.jpg?fit=925%2C520&ssl=1","_links":{"self":[{"href":"https:\/\/www.bghaber.org\/bghaber\/wp-json\/wp\/v2\/posts\/58524","targetHints":{"allow":["GET"]}}],"collection":[{"href":"https:\/\/www.bghaber.org\/bghaber\/wp-json\/wp\/v2\/posts"}],"about":[{"href":"https:\/\/www.bghaber.org\/bghaber\/wp-json\/wp\/v2\/types\/post"}],"author":[{"embeddable":true,"href":"https:\/\/www.bghaber.org\/bghaber\/wp-json\/wp\/v2\/users\/29"}],"replies":[{"embeddable":true,"href":"https:\/\/www.bghaber.org\/bghaber\/wp-json\/wp\/v2\/comments?post=58524"}],"version-history":[{"count":0,"href":"https:\/\/www.bghaber.org\/bghaber\/wp-json\/wp\/v2\/posts\/58524\/revisions"}],"wp:featuredmedia":[{"embeddable":true,"href":"https:\/\/www.bghaber.org\/bghaber\/wp-json\/wp\/v2\/media\/52562"}],"wp:attachment":[{"href":"https:\/\/www.bghaber.org\/bghaber\/wp-json\/wp\/v2\/media?parent=58524"}],"wp:term":[{"taxonomy":"category","embeddable":true,"href":"https:\/\/www.bghaber.org\/bghaber\/wp-json\/wp\/v2\/categories?post=58524"},{"taxonomy":"post_tag","embeddable":true,"href":"https:\/\/www.bghaber.org\/bghaber\/wp-json\/wp\/v2\/tags?post=58524"}],"curies":[{"name":"wp","href":"https:\/\/api.w.org\/{rel}","templated":true}]}}