{"id":58520,"date":"2023-01-03T16:21:57","date_gmt":"2023-01-03T13:21:57","guid":{"rendered":"https:\/\/www.bghaber.org\/bghaber\/?p=58520"},"modified":"2023-01-03T16:22:02","modified_gmt":"2023-01-03T13:22:02","slug":"hava-durumu-1-ocak-2023","status":"publish","type":"post","link":"https:\/\/www.bghaber.org\/bghaber\/hava-durumu-1-ocak-2023\/","title":{"rendered":"Hava Durumu &#8211; 1 Ocak 2023"},"content":{"rendered":"\n<p class=\"wp-block-paragraph\"><strong>Sabah&nbsp;<\/strong>saatlerinde ovalarda sisli ve par\u00e7al\u0131 bulutlu hava g\u00f6r\u00fclecek. \u00d6\u011fle saatlerinde hafif, Kuzey Bulgaristan\u2019da kuzey-kuzeybat\u0131dan \u0131l\u0131ml\u0131 r\u00fczgar esecek.<\/p>\n\n\n\n<p class=\"wp-block-paragraph\">En d\u00fc\u015f\u00fck hava s\u0131cakl\u0131klar\u0131 s\u0131f\u0131r\u0131n alt\u0131nda 1 ila 4, Sofya\u2019da 0 derece civar\u0131nda.<\/p>\n\n\n\n<p class=\"wp-block-paragraph\">Yurt genelinde en y\u00fcksek s\u0131cakl\u0131klar 13 ila 18 derece aras\u0131nda seyredecek,<\/p>\n\n\n\n<p class=\"wp-block-paragraph\"><strong>Sofya\u2019da<\/strong>&nbsp;13 derece civar\u0131nda olacak.<\/p>\n\n\n\n<p class=\"wp-block-paragraph\"><strong>Da\u011flarda&nbsp;<\/strong>g\u00fcne\u015fli hava hava g\u00f6r\u00fclecek, kuzey-kuzeybat\u0131dan \u0131l\u0131ml\u0131 ile \u015fiddetli r\u00fczgar esecek.<\/p><div id=\"bghab-3439888934\" class=\"bghab-icerik-icine bghab-entity-placement\"><script async src=\"\/\/pagead2.googlesyndication.com\/pagead\/js\/adsbygoogle.js?client=ca-pub-6203283170189293\" crossorigin=\"anonymous\"><\/script><ins class=\"adsbygoogle\" style=\"display:block; text-align:center;\" data-ad-client=\"ca-pub-6203283170189293\" \ndata-ad-slot=\"7303146466\" \ndata-ad-layout=\"in-article\"\ndata-ad-format=\"fluid\" data-full-width-responsive=\"true\"><\/ins>\n<script> \n(adsbygoogle = window.adsbygoogle || []).push({}); \n<\/script>\n<\/div>\n\n\n\n<p class=\"wp-block-paragraph\">Termometreler1 200 rak\u0131mda 14, 2 000 metrelerde 6 dereceyi g\u00f6sterecek.<\/p>\n\n\n\n<p class=\"wp-block-paragraph\"><\/p>\n\n\n\n<p class=\"wp-block-paragraph\">BNR<\/p>\n<div id=\"bghab-4197056972\" class=\"bghab-yazi-altinda bghab-entity-placement\"><script async src=\"https:\/\/pagead2.googlesyndication.com\/pagead\/js\/adsbygoogle.js\"><\/script>\r\n<!-- bghaber-yaz\u0131-sonu -->\r\n<ins class=\"adsbygoogle\"\r\n     style=\"display:block\"\r\n     data-ad-client=\"ca-pub-6203283170189293\"\r\n     data-ad-slot=\"4222328180\"\r\n     data-ad-format=\"auto\"\r\n     data-full-width-responsive=\"true\"><\/ins>\r\n<script>\r\n     (adsbygoogle = window.adsbygoogle || []).push({});\r\n<\/script><\/div><br style=\"clear: both; display: block; float: none;\"\/>","protected":false},"excerpt":{"rendered":"<p>Sabah&nbsp;saatlerinde ovalarda sisli ve par\u00e7al\u0131 bulutlu hava g\u00f6r\u00fclecek. \u00d6\u011fle saatlerinde hafif, Kuzey Bulgaristan\u2019da kuzey-kuzeybat\u0131dan \u0131l\u0131ml\u0131 r\u00fczgar esecek. En d\u00fc\u015f\u00fck hava s\u0131cakl\u0131klar\u0131 s\u0131f\u0131r\u0131n alt\u0131nda 1 ila<\/p>\n","protected":false},"author":29,"featured_media":9771,"comment_status":"open","ping_status":"closed","sticky":false,"template":"","format":"standard","meta":{"advanced_seo_description":"","jetpack_seo_html_title":"","jetpack_seo_noindex":false,"jetpack_seo_schema_type":"","_jetpack_newsletter_access":"","_jetpack_dont_email_post_to_subs":false,"_jetpack_newsletter_tier_id":0,"_jetpack_memberships_contains_paywalled_content":false,"_jetpack_feature_clip_id":0,"_jetpack_memberships_contains_paid_content":false,"footnotes":"","jetpack_post_was_ever_published":false},"categories":[5],"tags":[30],"class_list":["post-58520","post","type-post","status-publish","format-standard","has-post-thumbnail","hentry","category-yasam","tag-bulgaristan"],"jetpack_sharing_enabled":true,"jetpack_likes_enabled":true,"jetpack-related-posts":[],"jetpack_shortlink":"https:\/\/wp.me\/pc2PfJ-fdS","jetpack_featured_media_url":"https:\/\/i0.wp.com\/www.bghaber.org\/bghaber\/wp-content\/uploads\/2014\/04\/iklim-hava-gunes.jpg?fit=850%2C478&ssl=1","_links":{"self":[{"href":"https:\/\/www.bghaber.org\/bghaber\/wp-json\/wp\/v2\/posts\/58520","targetHints":{"allow":["GET"]}}],"collection":[{"href":"https:\/\/www.bghaber.org\/bghaber\/wp-json\/wp\/v2\/posts"}],"about":[{"href":"https:\/\/www.bghaber.org\/bghaber\/wp-json\/wp\/v2\/types\/post"}],"author":[{"embeddable":true,"href":"https:\/\/www.bghaber.org\/bghaber\/wp-json\/wp\/v2\/users\/29"}],"replies":[{"embeddable":true,"href":"https:\/\/www.bghaber.org\/bghaber\/wp-json\/wp\/v2\/comments?post=58520"}],"version-history":[{"count":0,"href":"https:\/\/www.bghaber.org\/bghaber\/wp-json\/wp\/v2\/posts\/58520\/revisions"}],"wp:featuredmedia":[{"embeddable":true,"href":"https:\/\/www.bghaber.org\/bghaber\/wp-json\/wp\/v2\/media\/9771"}],"wp:attachment":[{"href":"https:\/\/www.bghaber.org\/bghaber\/wp-json\/wp\/v2\/media?parent=58520"}],"wp:term":[{"taxonomy":"category","embeddable":true,"href":"https:\/\/www.bghaber.org\/bghaber\/wp-json\/wp\/v2\/categories?post=58520"},{"taxonomy":"post_tag","embeddable":true,"href":"https:\/\/www.bghaber.org\/bghaber\/wp-json\/wp\/v2\/tags?post=58520"}],"curies":[{"name":"wp","href":"https:\/\/api.w.org\/{rel}","templated":true}]}}