{"id":58452,"date":"2022-12-21T01:40:34","date_gmt":"2022-12-20T22:40:34","guid":{"rendered":"https:\/\/www.bghaber.org\/bghaber\/?p=58452"},"modified":"2022-12-21T01:43:21","modified_gmt":"2022-12-20T22:43:21","slug":"tbmm-baskani-sentop-bulgaristanli-mevkidasi-rasidov-ile-gorustu","status":"publish","type":"post","link":"https:\/\/www.bghaber.org\/bghaber\/tbmm-baskani-sentop-bulgaristanli-mevkidasi-rasidov-ile-gorustu\/","title":{"rendered":"TBMM Ba\u015fkan\u0131 \u015eentop, Bulgaristanl\u0131 mevkida\u015f\u0131 Ra\u015fidov ile g\u00f6r\u00fc\u015ft\u00fc"},"content":{"rendered":"\n<p class=\"wp-block-paragraph\">T\u00fcrkiye B\u00fcy\u00fck Millet Meclisi\u00a0(TBMM) Ba\u015fkan\u0131 Mustafa \u015eentop, g\u00f6\u00e7 sorunun belli \u00fclkelerin \u00fczerinde kalmas\u0131n\u0131n do\u011fru olmad\u0131\u011f\u0131n\u0131 belirterek &#8220;Bunun k\u00fcresel sorun oldu\u011funu ve k\u00fcresel \u00e7\u00f6z\u00fcmler \u00fcretilmesi gerekti\u011fini ifade ettik, bug\u00fcne kadar. Bu bak\u0131mdan T\u00fcrkiye ve Bulgaristan&#8217;\u0131n i\u015f birli\u011fi halinde \u00f6zellikle Avrupa \u00fclkelerinin parlamentolar\u0131n\u0131n da i\u015ftirak edece\u011fi, g\u00f6\u00e7le ilgili bir toplant\u0131 d\u00fczenlemenin bu a\u015famada \u00e7ok faydal\u0131 olaca\u011f\u0131n\u0131 d\u00fc\u015f\u00fcn\u00fcyoruz. En k\u0131sa zamanda bu toplant\u0131 ger\u00e7ekle\u015fecek&#8221;\u00a0dedi.<\/p>\n\n\n\n<!--more-->\n\n\n\n<p class=\"wp-block-paragraph\">TBMM Ba\u015fkan\u0131\u00a0\u015eentop, Bulgaristan Meclis Ba\u015fkan\u0131 Vejdi Ra\u015fidov ile ba\u015f ba\u015fa g\u00f6r\u00fc\u015ft\u00fc\u00a0ard\u0131ndan\u00a0heyetler aras\u0131 g\u00f6r\u00fc\u015fme yap\u0131ld\u0131.<\/p>\n\n\n\n<p class=\"wp-block-paragraph\">\u015eentop, g\u00f6r\u00fc\u015fmelerin ard\u0131ndan d\u00fczenlenen ortak bas\u0131n toplant\u0131s\u0131nda, Bulgaristan tarihinde ilk kez T\u00fcrk k\u00f6kenli birinin meclis ba\u015fkan\u0131 se\u00e7ildi\u011fini belirterek,<strong>\u00a0&#8220;Balkan k\u00f6kenli bir T\u00fcrk olarak bundan \u015fahsi bir mutluluk duydu\u011fumu da payla\u015fmak isterim.\u00a0Zat\u0131alilerinin meclis ba\u015fkanl\u0131\u011f\u0131 g\u00f6revine se\u00e7ilmesi, her iki\u00a0\u00fclkenin \u00e7ok daha yak\u0131n ili\u015fkiler geli\u015ftirmesi i\u00e7in de \u00f6nemli bir f\u0131rsat sunmaktad\u0131r.\u00a0<\/strong>Ge\u00e7mi\u015f y\u0131llarda takdirle kar\u015f\u0131lad\u0131\u011f\u0131m\u0131z \u015fahsi emeklerinin bilincinde olarak T\u00fcrkiye ile Bulgaristan aras\u0131nda gerek ikili gerekse de parlamentolar aras\u0131ndaki ili\u015fkilerin geli\u015ftirilmesinde kendisinin \u00f6nemli bir rol oynamaya devam edece\u011fine can\u0131 g\u00f6n\u00fclden inan\u0131yorum. Verimli isti\u015farelerde, parlamenter diplomasinin bize sundu\u011fu olanaklar\u0131 en iyi \u015fekilde kullanarak, iki \u00fclke aras\u0131ndaki ili\u015fkileri her alanda geli\u015ftirme y\u00f6n\u00fcndeki irademizi teyit ettik. Dost, kom\u015fu ve m\u00fcttefikimiz Bulgaristan ile ili\u015fkilerimizin son d\u00f6nemde olumlu bir seyir izlemesinden son derece memnunuz.\u00a0Ekonomi\u00a0ve ticaret ba\u015fta olmak \u00fczere\u00a0sanayi, turizm, e\u011fitim, k\u00fclt\u00fcr ve di\u011fer bir\u00e7ok alanda\u00a0i\u015f birli\u011fini geli\u015ftirilebilece\u011fimiz y\u00fcksek bir potansiyel bulunmaktad\u0131r&#8221;\u00a0dedi.<\/p>\n\n\n\n<p class=\"wp-block-paragraph\"><strong>&#8216;BULGAR\u0130STAN&#8217;DAK\u0130 SOYDA\u015eLARIMIZ \u00d6NEML\u0130&nbsp;K\u00d6PR\u00dc&#8217;<\/strong><br><br>T\u00fcrkiye ile Bulgaristan aras\u0131ndaki ili\u015fkilerin \u00f6nemine dikkat \u00e7eken \u015eentop, &#8220;Elbette ki bu yak\u0131nl\u0131kta&nbsp;beraber payla\u015ft\u0131\u011f\u0131m\u0131z ortak co\u011frafya, tarih ve k\u00fclt\u00fcr gibi ortak de\u011ferlerimiz \u00f6nemli bir etken ve ayr\u0131ca birer f\u0131rsatt\u0131r. Bu yak\u0131nl\u0131\u011f\u0131n sa\u011flanmas\u0131nda Bulgaristan&#8217;daki T\u00fcrk soyda\u015flar\u0131m\u0131z da \u00f6nemli bir k\u00f6pr\u00fc g\u00f6revi \u00fcstlenmektedir. Bu imkanlar\u0131m\u0131z sayesinde&nbsp;ili\u015fkilerimizi ve i\u015f birli\u011fimizi \u00e7ok y\u00f6nl\u00fc geli\u015ftirmek i\u00e7in elimizden gelen t\u00fcm gayreti g\u00f6sterece\u011fiz. Bu konuda her zamankinden daha umutlu ve kararl\u0131y\u0131z. Bu,&nbsp;sadece iki \u00fclkenin yarar\u0131na de\u011fil b\u00f6lgemiz i\u00e7in de son derece \u00f6nemlidir. Pek \u00e7ok \u00f6nemli b\u00f6lgesel ve k\u00fcresel zorluklarla kar\u015f\u0131la\u015ft\u0131\u011f\u0131m\u0131z b\u00f6ylesi bir d\u00f6nemde, iki kom\u015fu \u00fclke aras\u0131ndaki i\u015f birli\u011fi ve dayan\u0131\u015fman\u0131n g\u00fc\u00e7lendirilmesi, giderek artan bir zaruret te\u015fkil etmektedir&#8221; diye konu\u015ftu.&nbsp;<br><br>Yak\u0131n ili\u015fkilerin ba\u015fta Balkanlar olmak \u00fczere b\u00f6lgedeki bar\u0131\u015f, istikrar ve refah\u0131n\u0131n geli\u015ftirilmesine \u00f6nemli katk\u0131&nbsp;sunaca\u011f\u0131n\u0131 de\u011ferlendirdiklerini aktaran \u015eentop, &#8220;B\u00f6yle bir zamanda iki yak\u0131n ve dost kom\u015fu \u00fclkeler olarak birlikte hareket etmenin \u00f6neminin bilincindeyiz. Bu d\u00fc\u015f\u00fcncelerle, isti\u015farelerimizin hay\u0131rlara vesile olmas\u0131n\u0131 diliyorum&#8221;&nbsp;dedi.<br><br><strong>RA\u015e\u0130DOV: \u0130L\u0130\u015eK\u0130LER H\u0130\u00c7 OLMADI\u011eI KADAR \u0130Y\u0130 D\u00dcZEYDE<\/strong><br><br>Bulgaristan Meclis Ba\u015fkan\u0131 Vejdi Ra\u015fidov da uzun y\u0131llar&nbsp;sonra T\u00fcrkiye&nbsp;ve TBMM&#8217;de olmaktan memnuniyet duydu\u011funu belirterek, &#8220;Teminat vermek istiyorum. Son 10-15 y\u0131lda T\u00fcrkiye ve Bulgaristan aras\u0131ndaki ili\u015fkiler, bundan \u00f6nce hi\u00e7 olmad\u0131\u011f\u0131 kadar iyi d\u00fczeyde. Bakan kurullar\u0131m\u0131z ortak toplant\u0131lar yapt\u0131. Bakanl\u0131klar d\u00fczeyinde de iki devlet aras\u0131nda son derece b\u00fcy\u00fck say\u0131da s\u00f6zle\u015fme ve anla\u015fma imzaland\u0131. Sinema alan\u0131nda, &#8216;ortak yap\u0131mlar anla\u015fmas\u0131&#8217; imzaland\u0131. T\u00fcrkiye de sinema sekt\u00f6r\u00fcnde \u00f6nemli bir \u00fcretici durumunda. K\u00fclt\u00fcrel eserler ka\u00e7ak\u00e7\u0131l\u0131\u011f\u0131 konusunda da ortak bir anla\u015fma imzalad\u0131k. \u0130ki \u00fclke aras\u0131nda &#8216;k\u00fclt\u00fcrel geli\u015fim anla\u015fmas\u0131&#8217; da imzalad\u0131k&#8221; diye konu\u015ftu.<br><br>Vejdi Ra\u015fidov,&nbsp;T\u00fcrk h\u00fck\u00fcmetinin karar\u0131 do\u011frultusunda, \u0130stanbul&#8217;daki Demir Kilise&#8217;nin restore edildi\u011fini s\u00f6yleyerek, kilisenin &#8216;\u0130stanbul&#8217;un incisi&#8217; oldu\u011funu vurgulad\u0131. Ra\u015fidov, &#8220;Bunun finansman\u0131n\u0131 T\u00fcrk Devleti sa\u011flad\u0131 \u00e7\u00fcnk\u00fc ba\u015fka bir \u00fclkeye ait bir eserin restorasyonuna finans sa\u011flamam\u0131z m\u00fcmk\u00fcn de\u011fil. Bunun i\u00e7in T\u00fcrk h\u00fck\u00fcmetine m\u00fcte\u015fekkiriz. Ben de bakan oldu\u011fum d\u00f6nemde, k\u00fclt\u00fcr harikas\u0131 olan 3 caminin restorasyonunu sa\u011flad\u0131m. Restore edilecek daha bir\u00e7ok eser var \u00fclkemizde&#8221;&nbsp;dedi.&nbsp;<br>&nbsp;<\/p>\n\n\n\n<p class=\"wp-block-paragraph\"><strong>&#8216;ORTAK \u00c7\u00d6Z\u00dcM ARAMAMIZ GEREK&#8217;<\/strong><br><br>G\u00f6\u00e7 ve m\u00fclteci konusunun \u00f6nemine de dikkat \u00e7eken Ra\u015fidov, \u015f\u00f6yle konu\u015ftu:<br><br>&#8220;Biliyoruz; T\u00fcrkiye&#8217;nin s\u0131n\u0131r\u0131ndaki 4 milyon kadar s\u0131\u011f\u0131nmac\u0131n\u0131n bak\u0131m\u0131n\u0131 T\u00fcrkiye sa\u011fl\u0131yor. G\u00f6\u00e7 olay\u0131 ortaya \u00e7\u0131kt\u0131\u011f\u0131ndan bu yana, en g\u00fcvenilir s\u0131n\u0131r\u0131n T\u00fcrkiye ile Bulgaristan aras\u0131ndaki s\u0131n\u0131r oldu\u011funu\u00a0da s\u00f6ylemem gerekiyor. Ayr\u0131 ayr\u0131 istisnai olaylar &#8216;g\u00f6\u00e7 ak\u0131n\u0131&#8217; olarak de\u011ferlendirilemez. Dolay\u0131s\u0131yla T\u00fcrk h\u00fck\u00fcmeti ile yap\u0131lan anla\u015fma i\u00e7in m\u00fcte\u015fekkirim. Bulgaristan vatanda\u015flar\u0131n\u0131n rahat uyku uyumalar\u0131n\u0131 sa\u011flad\u0131. G\u00f6\u00e7 olay\u0131n\u0131 bir b\u00fct\u00fcn olarak \u00e7\u00f6zmek i\u00e7in\u00a0bu s\u0131k\u0131nt\u0131y\u0131\u00a0ortadan kald\u0131rmak amac\u0131yla yuvarlak masa etraf\u0131nda birle\u015fip, ortak \u00e7\u00f6z\u00fcm aramam\u0131z gerekiyor. Bu m\u00fcltecilerin ihtiya\u00e7lar\u0131n\u0131 kar\u015f\u0131lamak i\u00e7in her g\u00fcn y\u00fczlerce milyon dolar harcan\u0131yor. Evet, bu insani bir durum olmakla birlikte a\u011f\u0131r bir sorun da olu\u015fturuyor. Vize gibi sorunlar\u0131 da ele alaca\u011f\u0131z. Avrupa&#8217;n\u0131n buna haz\u0131r ve olgun oldu\u011funu d\u00fc\u015f\u00fcn\u00fcyorum. Taahh\u00fct ettim, Bulgaristan&#8217;\u0131n ara buluculu\u011fuyla bir toplant\u0131 yapal\u0131m ve \u00e7\u00f6z\u00fcmler bulal\u0131m.&#8221;<br><br><strong>\u015eENTOP: G\u00d6\u00c7 K\u00dcRESEL EN B\u00dcY\u00dcK SORUN<\/strong><br><br>\u015eentop, g\u00f6\u00e7 konusunun k\u00fcresel en b\u00fcy\u00fck sorun oldu\u011funa i\u015faret ederek, &#8220;Bu sorunun, yava\u015f yava\u015f k\u00fcresel bir sorun oldu\u011fu anla\u015f\u0131lmaya ba\u015flanm\u0131\u015ft\u0131r. \u00d6zellikle Rusya-Ukrayna sava\u015f\u0131yla beraber bu sorunun baz\u0131 co\u011frafi b\u00f6lgelere ait, onlara \u00f6zel bir sorun olmad\u0131\u011f\u0131,\u00a0<a rel=\"noreferrer noopener\" href=\"https:\/\/www.haber7.com\/dunya\" target=\"_blank\">d\u00fcnya<\/a>n\u0131n her yerinde ortaya \u00e7\u0131kabilecek bir sorun oldu\u011fu da anla\u015f\u0131lm\u0131\u015ft\u0131r. Bilhassa Ukrayna&#8217;da meydana gelen g\u00f6\u00e7\u00fcn, \u00f6nce Ukrayna&#8217;ya kom\u015fu olan \u00fclkeler \u00fczerinden, daha sonra da Avrupa&#8217;n\u0131n b\u00fct\u00fcn \u00fclkelerinde bir g\u00f6\u00e7 sorunu ortaya \u00e7\u0131kartt\u0131\u011f\u0131n\u0131 biliyoruz. Bu yeni durumun kendilerine \u00e7ok uzak bir sorunmu\u015f gibi g\u00f6\u00e7 sorununu g\u00f6ren Avrupa \u00fclkelerinde de bir uyanma, bir konuyu anlamaya \u00e7al\u0131\u015fma noktas\u0131nda birtak\u0131m imkanlar sundu\u011funu d\u00fc\u015f\u00fcn\u00fcyorum&#8221; dedi.<br><br>Meclis Ba\u015fkan\u0131 \u015eentop, g\u00f6\u00e7 sorunun belli \u00fclkelerin \u00fczerinde kalmas\u0131n\u0131n do\u011fru olmad\u0131\u011f\u0131n\u0131 her zaman ifade ettiklerini belirtip, &#8220;Bunun bir k\u00fcresel sorun oldu\u011funu ve k\u00fcresel \u00e7\u00f6z\u00fcmler \u00fcretilmesi gerekti\u011fini ifade ettik, bug\u00fcne kadar. Bu bak\u0131mdan Say\u0131n Ra\u015fidov ile beraber kendilerinin de ifade etti\u011fi gibi\u00a0T\u00fcrkiye ve Bulgaristan&#8217;\u0131n i\u015f birli\u011fi halinde \u00f6zellikle Avrupa \u00fclkelerinin parlamentolar\u0131n\u0131n da i\u015ftirak edece\u011fi, g\u00f6\u00e7le ilgili bir toplant\u0131 d\u00fczenlemenin bu a\u015famada \u00e7ok faydal\u0131 olaca\u011f\u0131n\u0131 d\u00fc\u015f\u00fcn\u00fcyoruz. En k\u0131sa zamanda bu toplant\u0131 ger\u00e7ekle\u015fecek&#8221; diye konu\u015ftu.<br><br>Bas\u0131n toplant\u0131s\u0131n\u0131n ard\u0131ndan \u015eentop, mevkida\u015f\u0131na Meclis&#8217;i gezdirdi. 15 Temmuz darbe giri\u015fiminde hasar g\u00f6ren yerler\u00a0ile Genel Kurul salonu ziyaret edildi.\u00a0<\/p><div id=\"bghab-2011343915\" class=\"bghab-icerik-icine bghab-entity-placement\"><script async src=\"\/\/pagead2.googlesyndication.com\/pagead\/js\/adsbygoogle.js?client=ca-pub-6203283170189293\" crossorigin=\"anonymous\"><\/script><ins class=\"adsbygoogle\" style=\"display:block; text-align:center;\" data-ad-client=\"ca-pub-6203283170189293\" \ndata-ad-slot=\"7303146466\" \ndata-ad-layout=\"in-article\"\ndata-ad-format=\"fluid\" data-full-width-responsive=\"true\"><\/ins>\n<script> \n(adsbygoogle = window.adsbygoogle || []).push({}); \n<\/script>\n<\/div>\n\n\n\n<p class=\"wp-block-paragraph\"><\/p>\n\n\n\n<p class=\"wp-block-paragraph\">AA<\/p>\n<div id=\"bghab-4150991975\" class=\"bghab-yazi-altinda bghab-entity-placement\"><script async src=\"https:\/\/pagead2.googlesyndication.com\/pagead\/js\/adsbygoogle.js\"><\/script>\r\n<!-- bghaber-yaz\u0131-sonu -->\r\n<ins class=\"adsbygoogle\"\r\n     style=\"display:block\"\r\n     data-ad-client=\"ca-pub-6203283170189293\"\r\n     data-ad-slot=\"4222328180\"\r\n     data-ad-format=\"auto\"\r\n     data-full-width-responsive=\"true\"><\/ins>\r\n<script>\r\n     (adsbygoogle = window.adsbygoogle || []).push({});\r\n<\/script><\/div><br style=\"clear: both; display: block; float: none;\"\/>","protected":false},"excerpt":{"rendered":"<p>T\u00fcrkiye B\u00fcy\u00fck Millet Meclisi\u00a0(TBMM) Ba\u015fkan\u0131 Mustafa \u015eentop, g\u00f6\u00e7 sorunun belli \u00fclkelerin \u00fczerinde kalmas\u0131n\u0131n do\u011fru olmad\u0131\u011f\u0131n\u0131 belirterek &#8220;Bunun k\u00fcresel sorun oldu\u011funu ve k\u00fcresel \u00e7\u00f6z\u00fcmler \u00fcretilmesi gerekti\u011fini<\/p>\n","protected":false},"author":29,"featured_media":58453,"comment_status":"open","ping_status":"closed","sticky":false,"template":"","format":"standard","meta":{"advanced_seo_description":"","jetpack_seo_html_title":"","jetpack_seo_noindex":false,"jetpack_seo_schema_type":"","_jetpack_newsletter_access":"","_jetpack_dont_email_post_to_subs":false,"_jetpack_newsletter_tier_id":0,"_jetpack_memberships_contains_paywalled_content":false,"_jetpack_feature_clip_id":0,"_jetpack_memberships_contains_paid_content":false,"footnotes":"","jetpack_post_was_ever_published":false},"categories":[1,4],"tags":[30,76,797],"class_list":["post-58452","post","type-post","status-publish","format-standard","has-post-thumbnail","hentry","category-haberler","category-siyaset","tag-bulgaristan","tag-turkiye","tag-vejdi-rasidov"],"jetpack_sharing_enabled":true,"jetpack_likes_enabled":true,"jetpack-related-posts":[],"jetpack_shortlink":"https:\/\/wp.me\/pc2PfJ-fcM","jetpack_featured_media_url":"https:\/\/i0.wp.com\/www.bghaber.org\/bghaber\/wp-content\/uploads\/2022\/12\/Mustafa-Sentop-ile-vejdi-rasidov.webp?fit=1280%2C720&ssl=1","_links":{"self":[{"href":"https:\/\/www.bghaber.org\/bghaber\/wp-json\/wp\/v2\/posts\/58452","targetHints":{"allow":["GET"]}}],"collection":[{"href":"https:\/\/www.bghaber.org\/bghaber\/wp-json\/wp\/v2\/posts"}],"about":[{"href":"https:\/\/www.bghaber.org\/bghaber\/wp-json\/wp\/v2\/types\/post"}],"author":[{"embeddable":true,"href":"https:\/\/www.bghaber.org\/bghaber\/wp-json\/wp\/v2\/users\/29"}],"replies":[{"embeddable":true,"href":"https:\/\/www.bghaber.org\/bghaber\/wp-json\/wp\/v2\/comments?post=58452"}],"version-history":[{"count":0,"href":"https:\/\/www.bghaber.org\/bghaber\/wp-json\/wp\/v2\/posts\/58452\/revisions"}],"wp:featuredmedia":[{"embeddable":true,"href":"https:\/\/www.bghaber.org\/bghaber\/wp-json\/wp\/v2\/media\/58453"}],"wp:attachment":[{"href":"https:\/\/www.bghaber.org\/bghaber\/wp-json\/wp\/v2\/media?parent=58452"}],"wp:term":[{"taxonomy":"category","embeddable":true,"href":"https:\/\/www.bghaber.org\/bghaber\/wp-json\/wp\/v2\/categories?post=58452"},{"taxonomy":"post_tag","embeddable":true,"href":"https:\/\/www.bghaber.org\/bghaber\/wp-json\/wp\/v2\/tags?post=58452"}],"curies":[{"name":"wp","href":"https:\/\/api.w.org\/{rel}","templated":true}]}}