{"id":58443,"date":"2022-12-20T16:26:44","date_gmt":"2022-12-20T13:26:44","guid":{"rendered":"https:\/\/www.bghaber.org\/bghaber\/?p=58443"},"modified":"2022-12-20T16:26:49","modified_gmt":"2022-12-20T13:26:49","slug":"turkiye-bulgaristana-yonelik-goc-baskisini-onlemek-icin-sinirdaki-guvenligi-artiriyor","status":"publish","type":"post","link":"https:\/\/www.bghaber.org\/bghaber\/turkiye-bulgaristana-yonelik-goc-baskisini-onlemek-icin-sinirdaki-guvenligi-artiriyor\/","title":{"rendered":"T\u00fcrkiye, Bulgaristan\u2019a y\u00f6nelik g\u00f6\u00e7 bask\u0131s\u0131n\u0131 \u00f6nlemek i\u00e7in s\u0131n\u0131rdaki g\u00fcvenli\u011fi art\u0131r\u0131yor"},"content":{"rendered":"\n<p class=\"wp-block-paragraph\"><strong>Ge\u00e7ici h\u00fck\u00fcmette \u0130\u00e7i\u015fleri Bakan\u0131 \u0130van Demerciev ve T\u00fcrkiye \u0130\u00e7i\u015fleri Bakan\u0131 S\u00fcleyman Soylu\u2019nun 18 Aral\u0131k g\u00fcn\u00fc ger\u00e7ekle\u015ftirdikleri g\u00f6r\u00fc\u015fmede g\u00f6\u00e7 s\u00fcre\u00e7leri ve g\u00f6\u00e7men bask\u0131s\u0131 ana konular aras\u0131nda yer ald\u0131.<\/strong><\/p>\n\n\n\n<!--more-->\n\n\n\n<p class=\"wp-block-paragraph\">Bunu Bakan Demerciev gazetecilere yapt\u0131\u011f\u0131 konu\u015fmada a\u00e7\u0131klad\u0131.<\/p>\n\n\n\n<p class=\"wp-block-paragraph\">Demerciev, \u201c<strong>T\u00fcrkiye ile anla\u015fmam\u0131z,<\/strong>&nbsp;s\u0131n\u0131rda \u00fclkemize ge\u00e7ecek b\u00fcy\u00fck g\u00f6\u00e7men gruplar\u0131n\u0131n toplanmamas\u0131 y\u00f6n\u00fcnde aktif \u00e7al\u0131\u015fmas\u0131 y\u00f6n\u00fcnde\u201d dedi.<\/p>\n\n\n\n<p class=\"wp-block-paragraph\"><strong>\u0130\u00e7i\u015fleri Bakan\u0131, T\u00fcrkiye\u2019nin Bulgaristan ile s\u0131n\u0131r\u0131nda farkl\u0131 stratejik noktalara jandarma ve askeri g\u00f6revliler yerle\u015ftirdi\u011fini s\u00f6yledi\u00a0<\/strong>ve art\u0131k bu \u00e7al\u0131\u015fmalar sonu\u00e7 vermeye ba\u015flad\u0131\u011f\u0131n\u0131 ve \u00fclkemize y\u00f6nelik bask\u0131n\u0131n da son derece azald\u0131\u011f\u0131n\u0131 s\u00f6zlerine ekledi.<\/p>\n\n\n\n<p class=\"wp-block-paragraph\"><\/p>\n\n\n\n<p class=\"wp-block-paragraph\">BNR<\/p><div id=\"bghab-182124186\" class=\"bghab-icerik-icine bghab-entity-placement\"><script async src=\"\/\/pagead2.googlesyndication.com\/pagead\/js\/adsbygoogle.js?client=ca-pub-6203283170189293\" crossorigin=\"anonymous\"><\/script><ins class=\"adsbygoogle\" style=\"display:block; text-align:center;\" data-ad-client=\"ca-pub-6203283170189293\" \ndata-ad-slot=\"7303146466\" \ndata-ad-layout=\"in-article\"\ndata-ad-format=\"fluid\" data-full-width-responsive=\"true\"><\/ins>\n<script> \n(adsbygoogle = window.adsbygoogle || []).push({}); \n<\/script>\n<\/div>\n<div id=\"bghab-3013240300\" class=\"bghab-yazi-altinda bghab-entity-placement\"><script async src=\"https:\/\/pagead2.googlesyndication.com\/pagead\/js\/adsbygoogle.js\"><\/script>\r\n<!-- bghaber-yaz\u0131-sonu -->\r\n<ins class=\"adsbygoogle\"\r\n     style=\"display:block\"\r\n     data-ad-client=\"ca-pub-6203283170189293\"\r\n     data-ad-slot=\"4222328180\"\r\n     data-ad-format=\"auto\"\r\n     data-full-width-responsive=\"true\"><\/ins>\r\n<script>\r\n     (adsbygoogle = window.adsbygoogle || []).push({});\r\n<\/script><\/div><br style=\"clear: both; display: block; float: none;\"\/>","protected":false},"excerpt":{"rendered":"<p>Ge\u00e7ici h\u00fck\u00fcmette \u0130\u00e7i\u015fleri Bakan\u0131 \u0130van Demerciev ve T\u00fcrkiye \u0130\u00e7i\u015fleri Bakan\u0131 S\u00fcleyman Soylu\u2019nun 18 Aral\u0131k g\u00fcn\u00fc ger\u00e7ekle\u015ftirdikleri g\u00f6r\u00fc\u015fmede g\u00f6\u00e7 s\u00fcre\u00e7leri ve g\u00f6\u00e7men bask\u0131s\u0131 ana konular aras\u0131nda<\/p>\n","protected":false},"author":29,"featured_media":58444,"comment_status":"open","ping_status":"closed","sticky":false,"template":"","format":"standard","meta":{"advanced_seo_description":"","jetpack_seo_html_title":"","jetpack_seo_noindex":false,"jetpack_seo_schema_type":"","_jetpack_newsletter_access":"","_jetpack_dont_email_post_to_subs":false,"_jetpack_newsletter_tier_id":0,"_jetpack_memberships_contains_paywalled_content":false,"_jetpack_feature_clip_id":0,"_jetpack_memberships_contains_paid_content":false,"footnotes":"","jetpack_post_was_ever_published":false},"categories":[1,4],"tags":[30,1396,3774,76],"class_list":["post-58443","post","type-post","status-publish","format-standard","has-post-thumbnail","hentry","category-haberler","category-siyaset","tag-bulgaristan","tag-gocmen","tag-suleyman-soylu-2","tag-turkiye"],"jetpack_sharing_enabled":true,"jetpack_likes_enabled":true,"jetpack-related-posts":[],"jetpack_shortlink":"https:\/\/wp.me\/pc2PfJ-fcD","jetpack_featured_media_url":"https:\/\/i0.wp.com\/www.bghaber.org\/bghaber\/wp-content\/uploads\/2022\/12\/bulgaristan-gecici-hukumet-2022-icisleri-bakani-Ivan-Demerciev-ve-Suleyman-Soylu.jpg?fit=925%2C520&ssl=1","_links":{"self":[{"href":"https:\/\/www.bghaber.org\/bghaber\/wp-json\/wp\/v2\/posts\/58443","targetHints":{"allow":["GET"]}}],"collection":[{"href":"https:\/\/www.bghaber.org\/bghaber\/wp-json\/wp\/v2\/posts"}],"about":[{"href":"https:\/\/www.bghaber.org\/bghaber\/wp-json\/wp\/v2\/types\/post"}],"author":[{"embeddable":true,"href":"https:\/\/www.bghaber.org\/bghaber\/wp-json\/wp\/v2\/users\/29"}],"replies":[{"embeddable":true,"href":"https:\/\/www.bghaber.org\/bghaber\/wp-json\/wp\/v2\/comments?post=58443"}],"version-history":[{"count":0,"href":"https:\/\/www.bghaber.org\/bghaber\/wp-json\/wp\/v2\/posts\/58443\/revisions"}],"wp:featuredmedia":[{"embeddable":true,"href":"https:\/\/www.bghaber.org\/bghaber\/wp-json\/wp\/v2\/media\/58444"}],"wp:attachment":[{"href":"https:\/\/www.bghaber.org\/bghaber\/wp-json\/wp\/v2\/media?parent=58443"}],"wp:term":[{"taxonomy":"category","embeddable":true,"href":"https:\/\/www.bghaber.org\/bghaber\/wp-json\/wp\/v2\/categories?post=58443"},{"taxonomy":"post_tag","embeddable":true,"href":"https:\/\/www.bghaber.org\/bghaber\/wp-json\/wp\/v2\/tags?post=58443"}],"curies":[{"name":"wp","href":"https:\/\/api.w.org\/{rel}","templated":true}]}}