{"id":58335,"date":"2022-10-29T17:32:08","date_gmt":"2022-10-29T14:32:08","guid":{"rendered":"https:\/\/www.bghaber.org\/bghaber\/?p=58335"},"modified":"2022-11-05T20:18:40","modified_gmt":"2022-11-05T17:18:40","slug":"plovdivte-elektrik-bisikletleri-icin-yeni-fabrika-kurulacak","status":"publish","type":"post","link":"https:\/\/www.bghaber.org\/bghaber\/plovdivte-elektrik-bisikletleri-icin-yeni-fabrika-kurulacak\/","title":{"rendered":"Plovdiv\u2019te elektrik bisikletleri i\u00e7in yeni fabrika kurulacak"},"content":{"rendered":"<p>\u0130novasyon ve B\u00fcy\u00fcmeden sorumlu\u00a0<b>Bakan Aleksand\u0131r Pulev, elektrik bisikletleri \u00fcreten bir \u015firketin Plovdiv yak\u0131nlar\u0131nda yeni bir fabrika kurulmas\u0131 i\u00e7in 50 milyon leva (25,5 milyon avro) yat\u0131r\u0131m yapaca\u011f\u0131n\u0131 duyurdu<\/b>.<\/p>\n<p>\u201c<b>Lider<\/b>\u201d ticari markas\u0131 alt\u0131nda kurulacak yeni bisiklet fabrikas\u0131, Trakya ekonomik b\u00f6lgesinin par\u00e7as\u0131 olan Kuklen b\u00f6lgesine in\u015fa edilecek. Projenin\u00a0<b>330 yeni istihdam yaratmas\u0131<\/b>\u00a0bekleniyor. Yeni i\u015fletme y\u0131lda\u00a0<b>300 000 elektrikli bisiklet\u00a0<\/b>\u00fcretme kapasitesine sahip olacak.<\/p>\n<p>\u015eirket 2001 y\u0131l\u0131nda faaliyete ge\u00e7ti ve elektrikli bisiklet \u00fcreten ilk Bulgar \u015firketi oldu.<\/p>\n<div id=\"bghab-4106668353\" class=\"bghab-yazi-altinda bghab-entity-placement\"><script async src=\"https:\/\/pagead2.googlesyndication.com\/pagead\/js\/adsbygoogle.js\"><\/script>\r\n<!-- bghaber-yaz\u0131-sonu -->\r\n<ins class=\"adsbygoogle\"\r\n     style=\"display:block\"\r\n     data-ad-client=\"ca-pub-6203283170189293\"\r\n     data-ad-slot=\"4222328180\"\r\n     data-ad-format=\"auto\"\r\n     data-full-width-responsive=\"true\"><\/ins>\r\n<script>\r\n     (adsbygoogle = window.adsbygoogle || []).push({});\r\n<\/script><\/div><br style=\"clear: both; display: block; float: none;\"\/>","protected":false},"excerpt":{"rendered":"<p>\u0130novasyon ve B\u00fcy\u00fcmeden sorumlu\u00a0Bakan Aleksand\u0131r Pulev, elektrik bisikletleri \u00fcreten bir \u015firketin Plovdiv yak\u0131nlar\u0131nda yeni bir fabrika kurulmas\u0131 i\u00e7in 50 milyon leva (25,5 milyon avro) yat\u0131r\u0131m<\/p>\n","protected":false},"author":13,"featured_media":58336,"comment_status":"open","ping_status":"closed","sticky":false,"template":"","format":"standard","meta":{"advanced_seo_description":"","jetpack_seo_html_title":"","jetpack_seo_noindex":false,"jetpack_seo_schema_type":"","_jetpack_newsletter_access":"","_jetpack_dont_email_post_to_subs":false,"_jetpack_newsletter_tier_id":0,"_jetpack_memberships_contains_paywalled_content":false,"_jetpack_feature_clip_id":0,"_jetpack_memberships_contains_paid_content":false,"footnotes":"","jetpack_post_was_ever_published":false},"categories":[9,1],"tags":[],"class_list":["post-58335","post","type-post","status-publish","format-standard","has-post-thumbnail","hentry","category-ekonomi","category-haberler"],"jetpack_sharing_enabled":true,"jetpack_likes_enabled":true,"jetpack-related-posts":[],"jetpack_shortlink":"https:\/\/wp.me\/pc2PfJ-faT","jetpack_featured_media_url":"https:\/\/i0.wp.com\/www.bghaber.org\/bghaber\/wp-content\/uploads\/2022\/10\/bisiklet-elektrik.jpg?fit=925%2C520&ssl=1","_links":{"self":[{"href":"https:\/\/www.bghaber.org\/bghaber\/wp-json\/wp\/v2\/posts\/58335","targetHints":{"allow":["GET"]}}],"collection":[{"href":"https:\/\/www.bghaber.org\/bghaber\/wp-json\/wp\/v2\/posts"}],"about":[{"href":"https:\/\/www.bghaber.org\/bghaber\/wp-json\/wp\/v2\/types\/post"}],"author":[{"embeddable":true,"href":"https:\/\/www.bghaber.org\/bghaber\/wp-json\/wp\/v2\/users\/13"}],"replies":[{"embeddable":true,"href":"https:\/\/www.bghaber.org\/bghaber\/wp-json\/wp\/v2\/comments?post=58335"}],"version-history":[{"count":0,"href":"https:\/\/www.bghaber.org\/bghaber\/wp-json\/wp\/v2\/posts\/58335\/revisions"}],"wp:featuredmedia":[{"embeddable":true,"href":"https:\/\/www.bghaber.org\/bghaber\/wp-json\/wp\/v2\/media\/58336"}],"wp:attachment":[{"href":"https:\/\/www.bghaber.org\/bghaber\/wp-json\/wp\/v2\/media?parent=58335"}],"wp:term":[{"taxonomy":"category","embeddable":true,"href":"https:\/\/www.bghaber.org\/bghaber\/wp-json\/wp\/v2\/categories?post=58335"},{"taxonomy":"post_tag","embeddable":true,"href":"https:\/\/www.bghaber.org\/bghaber\/wp-json\/wp\/v2\/tags?post=58335"}],"curies":[{"name":"wp","href":"https:\/\/api.w.org\/{rel}","templated":true}]}}