{"id":58329,"date":"2022-10-29T17:28:44","date_gmt":"2022-10-29T14:28:44","guid":{"rendered":"https:\/\/www.bghaber.org\/bghaber\/?p=58329"},"modified":"2022-11-05T20:17:52","modified_gmt":"2022-11-05T17:17:52","slug":"gilib-donev-8-nolu-koridor-butun-bolgenin-gelisimine-katki-saglayacak","status":"publish","type":"post","link":"https:\/\/www.bghaber.org\/bghaber\/gilib-donev-8-nolu-koridor-butun-bolgenin-gelisimine-katki-saglayacak\/","title":{"rendered":"G\u0131l\u0131b Donev: 8 No\u2019lu koridor b\u00fct\u00fcn b\u00f6lgenin geli\u015fimine katk\u0131 sa\u011flayacak"},"content":{"rendered":"<p>Ge\u00e7ici h\u00fck\u00fcmette Ba\u015fbakan G\u0131l\u0131b Donev, 8 No\u2019lu koridorun Bulgaristan, Kuzey Makedonya ve Arnavutlukaras\u0131nda vatanda\u015flar ve i\u015f sekt\u00f6r\u00fc i\u00e7in \u00f6nemli bir ba\u011flant\u0131 olu\u015fturaca\u011f\u0131n\u0131 belirtti.<\/p>\n<p>G\u0131l\u0131b Donev, Kuzey Makedonya Ba\u015fbakan\u0131 Dimit\u0131r Kova\u00e7evski ile birlikte Kuzey Makedonya\u2019daki Koridor\u2019un bir b\u00f6l\u00fcm\u00fcn in\u015faat \u00e7al\u0131\u015fmalar\u0131n\u0131n ba\u015flang\u0131c\u0131 ile ilgili a\u00e7\u0131l\u0131\u015f t\u00f6renine kat\u0131ld\u0131.<\/p>\n<p>G\u0131l\u0131b Donev, \u0130talya ve \u00fc\u00e7 Balkan \u00fclkesi \u00fczerinden ge\u00e7en demiryolunun b\u00fct\u00fcn b\u00f6lgenin geli\u015fimine katma de\u011fer sa\u011flayaca\u011f\u0131n\u0131 ekledi.<\/p>\n<p>Di\u011fer yandan Kuzey Makedonya Ba\u015fbakan\u0131, bu projenin \u00fclkesinin Avrupa gelece\u011fine y\u00f6nelik s\u0131radaki ad\u0131m oldu\u011funu s\u00f6yledi ve 8 No\u2019lu koridorun ekonomi ve ekoloji i\u00e7in \u00f6nemini vurgulad\u0131.<\/p>\n<p>Koridorun Kuzey Makedonya\u2019daki b\u00f6l\u00fcm\u00fcn\u00fcn projesi y\u0131llardan beri sadece proje olarak durdu.<\/p><div id=\"bghab-2237935046\" class=\"bghab-icerik-icine bghab-entity-placement\"><script async src=\"\/\/pagead2.googlesyndication.com\/pagead\/js\/adsbygoogle.js?client=ca-pub-6203283170189293\" crossorigin=\"anonymous\"><\/script><ins class=\"adsbygoogle\" style=\"display:block; text-align:center;\" data-ad-client=\"ca-pub-6203283170189293\" \ndata-ad-slot=\"7303146466\" \ndata-ad-layout=\"in-article\"\ndata-ad-format=\"fluid\" data-full-width-responsive=\"true\"><\/ins>\n<script> \n(adsbygoogle = window.adsbygoogle || []).push({}); \n<\/script>\n<\/div>\n<p>Proje kapsam\u0131nda demiryolu in\u015faat\u0131 d\u0131\u015f\u0131nda Bulgaristan\u2019a kadar varacak otoban in\u015faat\u0131 da yer al\u0131yor.<\/p>\n<div id=\"bghab-2280840512\" class=\"bghab-yazi-altinda bghab-entity-placement\"><script async src=\"https:\/\/pagead2.googlesyndication.com\/pagead\/js\/adsbygoogle.js\"><\/script>\r\n<!-- bghaber-yaz\u0131-sonu -->\r\n<ins class=\"adsbygoogle\"\r\n     style=\"display:block\"\r\n     data-ad-client=\"ca-pub-6203283170189293\"\r\n     data-ad-slot=\"4222328180\"\r\n     data-ad-format=\"auto\"\r\n     data-full-width-responsive=\"true\"><\/ins>\r\n<script>\r\n     (adsbygoogle = window.adsbygoogle || []).push({});\r\n<\/script><\/div><br style=\"clear: both; display: block; float: none;\"\/>","protected":false},"excerpt":{"rendered":"<p>Ge\u00e7ici h\u00fck\u00fcmette Ba\u015fbakan G\u0131l\u0131b Donev, 8 No\u2019lu koridorun Bulgaristan, Kuzey Makedonya ve Arnavutlukaras\u0131nda vatanda\u015flar ve i\u015f sekt\u00f6r\u00fc i\u00e7in \u00f6nemli bir ba\u011flant\u0131 olu\u015fturaca\u011f\u0131n\u0131 belirtti. G\u0131l\u0131b Donev,<\/p>\n","protected":false},"author":13,"featured_media":58330,"comment_status":"open","ping_status":"closed","sticky":false,"template":"","format":"standard","meta":{"advanced_seo_description":"","jetpack_seo_html_title":"","jetpack_seo_noindex":false,"jetpack_seo_schema_type":"","_jetpack_newsletter_access":"","_jetpack_dont_email_post_to_subs":false,"_jetpack_newsletter_tier_id":0,"_jetpack_memberships_contains_paywalled_content":false,"_jetpack_feature_clip_id":0,"_jetpack_memberships_contains_paid_content":false,"footnotes":"","jetpack_post_was_ever_published":false},"categories":[1,4],"tags":[],"class_list":["post-58329","post","type-post","status-publish","format-standard","has-post-thumbnail","hentry","category-haberler","category-siyaset"],"jetpack_sharing_enabled":true,"jetpack_likes_enabled":true,"jetpack-related-posts":[],"jetpack_shortlink":"https:\/\/wp.me\/pc2PfJ-faN","jetpack_featured_media_url":"https:\/\/i0.wp.com\/www.bghaber.org\/bghaber\/wp-content\/uploads\/2022\/10\/basbk-bg.jpg?fit=925%2C520&ssl=1","_links":{"self":[{"href":"https:\/\/www.bghaber.org\/bghaber\/wp-json\/wp\/v2\/posts\/58329","targetHints":{"allow":["GET"]}}],"collection":[{"href":"https:\/\/www.bghaber.org\/bghaber\/wp-json\/wp\/v2\/posts"}],"about":[{"href":"https:\/\/www.bghaber.org\/bghaber\/wp-json\/wp\/v2\/types\/post"}],"author":[{"embeddable":true,"href":"https:\/\/www.bghaber.org\/bghaber\/wp-json\/wp\/v2\/users\/13"}],"replies":[{"embeddable":true,"href":"https:\/\/www.bghaber.org\/bghaber\/wp-json\/wp\/v2\/comments?post=58329"}],"version-history":[{"count":0,"href":"https:\/\/www.bghaber.org\/bghaber\/wp-json\/wp\/v2\/posts\/58329\/revisions"}],"wp:featuredmedia":[{"embeddable":true,"href":"https:\/\/www.bghaber.org\/bghaber\/wp-json\/wp\/v2\/media\/58330"}],"wp:attachment":[{"href":"https:\/\/www.bghaber.org\/bghaber\/wp-json\/wp\/v2\/media?parent=58329"}],"wp:term":[{"taxonomy":"category","embeddable":true,"href":"https:\/\/www.bghaber.org\/bghaber\/wp-json\/wp\/v2\/categories?post=58329"},{"taxonomy":"post_tag","embeddable":true,"href":"https:\/\/www.bghaber.org\/bghaber\/wp-json\/wp\/v2\/tags?post=58329"}],"curies":[{"name":"wp","href":"https:\/\/api.w.org\/{rel}","templated":true}]}}