{"id":58275,"date":"2022-09-27T23:50:12","date_gmt":"2022-09-27T20:50:12","guid":{"rendered":"https:\/\/www.bghaber.org\/bghaber\/?p=58275"},"modified":"2022-09-27T23:50:14","modified_gmt":"2022-09-27T20:50:14","slug":"razgrad-svyat-dil-merkezi-ogrencilerinin-turkiye-ziyareti","status":"publish","type":"post","link":"https:\/\/www.bghaber.org\/bghaber\/razgrad-svyat-dil-merkezi-ogrencilerinin-turkiye-ziyareti\/","title":{"rendered":"Razgrad \u201cSvyat\u201d Dil Merkezi \u00f6\u011frencilerinin T\u00fcrkiye ziyareti"},"content":{"rendered":"\n<p class=\"wp-block-paragraph\"><strong>Razgrad&nbsp;\u201cSvyat&#8221; Dil Merkezi \u00f6\u011frencileri,<\/strong>&nbsp;<strong>S\u0131rbistan&#8217;dan \u00e7ocuklarla<\/strong>&nbsp;birlikte T\u00fcrkiye&#8217;dekibir haftal\u0131k ziyaret \u00e7er\u00e7evesinde&nbsp;<strong>Ayd\u0131n ilinin Nazilli il\u00e7esinin<\/strong>&nbsp;tarihi ve k\u00fclt\u00fcrel yerlerini tan\u0131ma f\u0131rsat\u0131 buldular. Avrupa&nbsp;<strong>&#8220;STEAM-Powered Education\u201d<\/strong>&nbsp;<strong>bilim, teknoloji, m\u00fchendislik, sanat ve matematik&nbsp;<\/strong>(STEAM &#8211; Science &#8211; Technology &#8211; Engineering &#8211; Mathematics) Projesi kapsam\u0131nda \u00f6\u011frenciler,&nbsp;<strong>programlama ve robotik kodlama derslerine<\/strong>&nbsp;kat\u0131ld\u0131lar, \u015eirince&#8217;deki Matematik M\u00fczesi&#8217;nde matematik yar\u0131\u015fmas\u0131na kat\u0131ld\u0131lar.<\/p>\n\n\n\n<p class=\"wp-block-paragraph\">Elektronik melodi ve 3D bask\u0131 fig\u00fcrinlerin nas\u0131l olu\u015fturulaca\u011f\u0131n\u0131 \u00f6\u011frenen \u00e7ocuklar, b\u00f6lgenin \u00fcnl\u00fc turistik yerleri ziyaret ettiler. Ayr\u0131ca \u00e7ocuklar, \u015eirince&#8217;deki Matematik M\u00fczesi&#8217;ne kendi a\u011fa\u00e7\u0131n\u0131 diktiler ve her y\u0131l onu sulayacaklar\u0131na s\u00f6z verdiler.<\/p>\n\n\n\n<p class=\"wp-block-paragraph\"><\/p>\n\n\n\n<p class=\"wp-block-paragraph\">\u015eevkiye \u00c7ak\u0131r, BNR<\/p>\n<div id=\"bghab-2086938492\" class=\"bghab-yazi-altinda bghab-entity-placement\"><script async src=\"https:\/\/pagead2.googlesyndication.com\/pagead\/js\/adsbygoogle.js\"><\/script>\r\n<!-- bghaber-yaz\u0131-sonu -->\r\n<ins class=\"adsbygoogle\"\r\n     style=\"display:block\"\r\n     data-ad-client=\"ca-pub-6203283170189293\"\r\n     data-ad-slot=\"4222328180\"\r\n     data-ad-format=\"auto\"\r\n     data-full-width-responsive=\"true\"><\/ins>\r\n<script>\r\n     (adsbygoogle = window.adsbygoogle || []).push({});\r\n<\/script><\/div><br style=\"clear: both; display: block; float: none;\"\/>","protected":false},"excerpt":{"rendered":"<p>Razgrad&nbsp;\u201cSvyat&#8221; Dil Merkezi \u00f6\u011frencileri,&nbsp;S\u0131rbistan&#8217;dan \u00e7ocuklarla&nbsp;birlikte T\u00fcrkiye&#8217;dekibir haftal\u0131k ziyaret \u00e7er\u00e7evesinde&nbsp;Ayd\u0131n ilinin Nazilli il\u00e7esinin&nbsp;tarihi ve k\u00fclt\u00fcrel yerlerini tan\u0131ma f\u0131rsat\u0131 buldular. Avrupa&nbsp;&#8220;STEAM-Powered Education\u201d&nbsp;bilim, teknoloji, m\u00fchendislik, sanat ve matematik&nbsp;(STEAM<\/p>\n","protected":false},"author":29,"featured_media":58276,"comment_status":"open","ping_status":"closed","sticky":false,"template":"","format":"standard","meta":{"advanced_seo_description":"","jetpack_seo_html_title":"","jetpack_seo_noindex":false,"jetpack_seo_schema_type":"","_jetpack_newsletter_access":"","_jetpack_dont_email_post_to_subs":false,"_jetpack_newsletter_tier_id":0,"_jetpack_memberships_contains_paywalled_content":false,"_jetpack_feature_clip_id":0,"_jetpack_memberships_contains_paid_content":false,"footnotes":"","jetpack_post_was_ever_published":false},"categories":[8,1],"tags":[30,1598,76],"class_list":["post-58275","post","type-post","status-publish","format-standard","has-post-thumbnail","hentry","category-egitim","category-haberler","tag-bulgaristan","tag-ogrenci","tag-turkiye"],"jetpack_sharing_enabled":true,"jetpack_likes_enabled":true,"jetpack-related-posts":[],"jetpack_shortlink":"https:\/\/wp.me\/pc2PfJ-f9V","jetpack_featured_media_url":"https:\/\/i0.wp.com\/www.bghaber.org\/bghaber\/wp-content\/uploads\/2022\/09\/Razgrad-Svyat-Dil-Merkezi-ogrencilerinin-Turkiye-ziyareti.jpg?fit=925%2C520&ssl=1","_links":{"self":[{"href":"https:\/\/www.bghaber.org\/bghaber\/wp-json\/wp\/v2\/posts\/58275","targetHints":{"allow":["GET"]}}],"collection":[{"href":"https:\/\/www.bghaber.org\/bghaber\/wp-json\/wp\/v2\/posts"}],"about":[{"href":"https:\/\/www.bghaber.org\/bghaber\/wp-json\/wp\/v2\/types\/post"}],"author":[{"embeddable":true,"href":"https:\/\/www.bghaber.org\/bghaber\/wp-json\/wp\/v2\/users\/29"}],"replies":[{"embeddable":true,"href":"https:\/\/www.bghaber.org\/bghaber\/wp-json\/wp\/v2\/comments?post=58275"}],"version-history":[{"count":0,"href":"https:\/\/www.bghaber.org\/bghaber\/wp-json\/wp\/v2\/posts\/58275\/revisions"}],"wp:featuredmedia":[{"embeddable":true,"href":"https:\/\/www.bghaber.org\/bghaber\/wp-json\/wp\/v2\/media\/58276"}],"wp:attachment":[{"href":"https:\/\/www.bghaber.org\/bghaber\/wp-json\/wp\/v2\/media?parent=58275"}],"wp:term":[{"taxonomy":"category","embeddable":true,"href":"https:\/\/www.bghaber.org\/bghaber\/wp-json\/wp\/v2\/categories?post=58275"},{"taxonomy":"post_tag","embeddable":true,"href":"https:\/\/www.bghaber.org\/bghaber\/wp-json\/wp\/v2\/tags?post=58275"}],"curies":[{"name":"wp","href":"https:\/\/api.w.org\/{rel}","templated":true}]}}