{"id":58118,"date":"2022-09-05T10:03:11","date_gmt":"2022-09-05T07:03:11","guid":{"rendered":"https:\/\/www.bghaber.org\/bghaber\/?p=58118"},"modified":"2022-09-06T20:52:05","modified_gmt":"2022-09-06T17:52:05","slug":"burgastaki-kazadan-nedeniyle-sinir-polisi-mudurlerinden-biri-istifa-etti","status":"publish","type":"post","link":"https:\/\/www.bghaber.org\/bghaber\/burgastaki-kazadan-nedeniyle-sinir-polisi-mudurlerinden-biri-istifa-etti\/","title":{"rendered":"Burgas\u2019taki kaza nedeniyle S\u0131n\u0131r Polisi m\u00fcd\u00fcrlerinden biri istifa etti"},"content":{"rendered":"\n<p class=\"wp-block-paragraph\"><strong>\u201cS\u0131n\u0131r Polisi\u201d dairesinin m\u00fcd\u00fcr yard\u0131mc\u0131s\u0131 Deyan Mollov istifa etti.&nbsp;<\/strong>\u0130\u00e7i\u015fleri Bakan\u0131 \u0130van Demerciev, g\u00f6\u00e7men bask\u0131s\u0131 ile ba\u015f edilemedi\u011finden iki polisin hayat\u0131n\u0131 kaybetti\u011fi kazadan sonra Mollov\u2019un istifas\u0131n\u0131 istedi.<\/p>\n\n\n\n<p class=\"wp-block-paragraph\"><strong>Bakan Demerciev\u2019<\/strong>in s\u00f6zlerine g\u00f6re, a\u011f\u0131r kazan\u0131n temel sebebi \u201cS\u0131n\u0131r Polisi\u201dnin g\u00f6revini tam yerinde yapmamas\u0131.<\/p>\n\n\n\n<p class=\"wp-block-paragraph\">\u201c47 g\u00f6\u00e7meni ta\u015f\u0131yan otob\u00fcs\u00fcn kar\u015f\u0131s\u0131na Burgas polisi \u00e7\u0131kmamal\u0131yd\u0131. Bu ki\u015filer daha s\u0131n\u0131rda durdurulmal\u0131y\u0131d\u0131\u201d dedi Bakan Demerciev.<\/p>\n\n\n\n<p class=\"wp-block-paragraph\">Ge\u00e7ici h\u00fck\u00fcmetin g\u00f6rev s\u00fcresinin ba\u015f\u0131nda Mollov, \u201cS\u0131n\u0131r polisi\u201d M\u00fcd\u00fcrl\u00fc\u011f\u00fc\u2019nden m\u00fcd\u00fcr yard\u0131mc\u0131s\u0131 g\u00f6revine atand\u0131. Vazifesi ise g\u00f6\u00e7men bask\u0131s\u0131n\u0131 durdurmakt\u0131.<\/p>\n\n\n\n<p class=\"wp-block-paragraph\">Komandolar, bug\u00fcn Burgas\u2019ta kaza yerinde hayat\u0131n\u0131 kaybeden polislerin an\u0131s\u0131na sayg\u0131 duru\u015funda bulundular.<\/p><div id=\"bghab-1275262463\" class=\"bghab-icerik-icine bghab-entity-placement\"><script async src=\"\/\/pagead2.googlesyndication.com\/pagead\/js\/adsbygoogle.js?client=ca-pub-6203283170189293\" crossorigin=\"anonymous\"><\/script><ins class=\"adsbygoogle\" style=\"display:block; text-align:center;\" data-ad-client=\"ca-pub-6203283170189293\" \ndata-ad-slot=\"7303146466\" \ndata-ad-layout=\"in-article\"\ndata-ad-format=\"fluid\" data-full-width-responsive=\"true\"><\/ins>\n<script> \n(adsbygoogle = window.adsbygoogle || []).push({}); \n<\/script>\n<\/div>\n\n\n\n<p class=\"wp-block-paragraph\"><strong>\u00dclke genelinde\u00a0<\/strong>daha bir\u00e7ok \u015fehirde\u00a0<strong>\u00f6len iki polisin an\u0131s\u0131na yas t\u00f6renleri d\u00fczenlendi.<\/strong><\/p>\n\n\n\n<p class=\"wp-block-paragraph\"><\/p>\n\n\n\n<p class=\"wp-block-paragraph\">BNR<\/p>\n<div id=\"bghab-3359142313\" class=\"bghab-yazi-altinda bghab-entity-placement\"><script async src=\"https:\/\/pagead2.googlesyndication.com\/pagead\/js\/adsbygoogle.js\"><\/script>\r\n<!-- bghaber-yaz\u0131-sonu -->\r\n<ins class=\"adsbygoogle\"\r\n     style=\"display:block\"\r\n     data-ad-client=\"ca-pub-6203283170189293\"\r\n     data-ad-slot=\"4222328180\"\r\n     data-ad-format=\"auto\"\r\n     data-full-width-responsive=\"true\"><\/ins>\r\n<script>\r\n     (adsbygoogle = window.adsbygoogle || []).push({});\r\n<\/script><\/div><br style=\"clear: both; display: block; float: none;\"\/>","protected":false},"excerpt":{"rendered":"<p>\u201cS\u0131n\u0131r Polisi\u201d dairesinin m\u00fcd\u00fcr yard\u0131mc\u0131s\u0131 Deyan Mollov istifa etti.&nbsp;\u0130\u00e7i\u015fleri Bakan\u0131 \u0130van Demerciev, g\u00f6\u00e7men bask\u0131s\u0131 ile ba\u015f edilemedi\u011finden iki polisin hayat\u0131n\u0131 kaybetti\u011fi kazadan sonra Mollov\u2019un istifas\u0131n\u0131<\/p>\n","protected":false},"author":29,"featured_media":58119,"comment_status":"open","ping_status":"closed","sticky":false,"template":"","format":"standard","meta":{"advanced_seo_description":"","jetpack_seo_html_title":"","jetpack_seo_noindex":false,"jetpack_seo_schema_type":"","_jetpack_newsletter_access":"","_jetpack_dont_email_post_to_subs":false,"_jetpack_newsletter_tier_id":0,"_jetpack_memberships_contains_paywalled_content":false,"_jetpack_feature_clip_id":0,"_jetpack_memberships_contains_paid_content":false,"footnotes":"","jetpack_post_was_ever_published":false},"categories":[1,4],"tags":[30,1156,1261],"class_list":["post-58118","post","type-post","status-publish","format-standard","has-post-thumbnail","hentry","category-haberler","category-siyaset","tag-bulgaristan","tag-istifa","tag-polis"],"jetpack_sharing_enabled":true,"jetpack_likes_enabled":true,"jetpack-related-posts":[],"jetpack_shortlink":"https:\/\/wp.me\/pc2PfJ-f7o","jetpack_featured_media_url":"https:\/\/i0.wp.com\/www.bghaber.org\/bghaber\/wp-content\/uploads\/2022\/09\/Sinir-Polisi-dairesinin-mudur-yardimcisi-Deyan-Mollov.jpg?fit=925%2C520&ssl=1","_links":{"self":[{"href":"https:\/\/www.bghaber.org\/bghaber\/wp-json\/wp\/v2\/posts\/58118","targetHints":{"allow":["GET"]}}],"collection":[{"href":"https:\/\/www.bghaber.org\/bghaber\/wp-json\/wp\/v2\/posts"}],"about":[{"href":"https:\/\/www.bghaber.org\/bghaber\/wp-json\/wp\/v2\/types\/post"}],"author":[{"embeddable":true,"href":"https:\/\/www.bghaber.org\/bghaber\/wp-json\/wp\/v2\/users\/29"}],"replies":[{"embeddable":true,"href":"https:\/\/www.bghaber.org\/bghaber\/wp-json\/wp\/v2\/comments?post=58118"}],"version-history":[{"count":0,"href":"https:\/\/www.bghaber.org\/bghaber\/wp-json\/wp\/v2\/posts\/58118\/revisions"}],"wp:featuredmedia":[{"embeddable":true,"href":"https:\/\/www.bghaber.org\/bghaber\/wp-json\/wp\/v2\/media\/58119"}],"wp:attachment":[{"href":"https:\/\/www.bghaber.org\/bghaber\/wp-json\/wp\/v2\/media?parent=58118"}],"wp:term":[{"taxonomy":"category","embeddable":true,"href":"https:\/\/www.bghaber.org\/bghaber\/wp-json\/wp\/v2\/categories?post=58118"},{"taxonomy":"post_tag","embeddable":true,"href":"https:\/\/www.bghaber.org\/bghaber\/wp-json\/wp\/v2\/tags?post=58118"}],"curies":[{"name":"wp","href":"https:\/\/api.w.org\/{rel}","templated":true}]}}