{"id":58115,"date":"2022-09-05T10:01:08","date_gmt":"2022-09-05T07:01:08","guid":{"rendered":"https:\/\/www.bghaber.org\/bghaber\/?p=58115"},"modified":"2022-09-05T10:01:13","modified_gmt":"2022-09-05T07:01:13","slug":"selden-sonra-karlovo-bolgesinde-200-ev-su-altinda-kaldi","status":"publish","type":"post","link":"https:\/\/www.bghaber.org\/bghaber\/selden-sonra-karlovo-bolgesinde-200-ev-su-altinda-kaldi\/","title":{"rendered":"Selden sonra Karlovo b\u00f6lgesinde 200 ev su alt\u0131nda kald\u0131"},"content":{"rendered":"\n<p class=\"wp-block-paragraph\">Karlovo b\u00f6lgesinde yakla\u015f\u0131k 200 evi su bast\u0131. B\u00fct\u00fcn gece, be\u015f k\u00f6y\u00fc sular alt\u0131nda b\u0131rakan Stryama Nehri\u2019nin kritik noktalar\u0131 g\u00f6zetim alt\u0131nda tutuldu. Metrekareye 190 litre ya\u011f\u0131\u015f\u0131n d\u00fc\u015fmesi sonucu meydana gelen sel, bir\u00e7ok k\u00f6pr\u00fcy\u00fc y\u0131kt\u0131, yolu boyunca a\u011fa\u00e7lar\u0131, arabalar\u0131 ve mobilyalar\u0131 s\u00fcr\u00fckledi ve altyap\u0131ya b\u00fcy\u00fck zarar verdi.<\/p>\n\n\n\n<p class=\"wp-block-paragraph\">Ta\u015fk\u0131nlar\u0131n en b\u00fcy\u00fck zararlara yol a\u00e7t\u0131\u011f\u0131 Karavelovo ve Bogdan k\u00f6ylerindeki tahliyeler ak\u015fam ge\u00e7 saatlere kadar devam etti.<\/p>\n\n\n\n<p class=\"wp-block-paragraph\">\u201cSel sular\u0131 \u00e7ekilde, kurtarma ekipleri,yerle\u015fim b\u00f6lgelerinin d\u0131\u015f\u0131nda da helikopterlerin yard\u0131m\u0131yla halatlarla insanlar\u0131 kurtard\u0131\u201d \u015feklinde konu\u015fan Karlovo Belediye Ba\u015fkan\u0131 dr. Emil Kabaivanov, selde mahsur kalan insanlara dair bir bilginin ula\u015fmad\u0131\u011f\u0131n\u0131 s\u00f6zlerine ekledi.<\/p>\n\n\n\n<p class=\"wp-block-paragraph\">Su alt\u0131nda kalan evlerden kronik hastas\u0131 yedi ki\u015fi Karlovo Belediye Hastanesine kald\u0131r\u0131ld\u0131.<\/p>\n\n\n\n<p class=\"wp-block-paragraph\">Bogdan ve Karavelovo k\u00f6y\u00fcndeki evler teker teker kontrol edilecek. Helikopterle b\u00f6lgeye su ve g\u0131da yard\u0131m\u0131 yap\u0131lacak ve sel sular\u0131na kap\u0131lan k\u00f6pr\u00fclerden birinin onar\u0131m\u0131 i\u00e7in denemeler y\u00fcr\u00fct\u00fclecek.<\/p><div id=\"bghab-2631635779\" class=\"bghab-icerik-icine bghab-entity-placement\"><script async src=\"\/\/pagead2.googlesyndication.com\/pagead\/js\/adsbygoogle.js?client=ca-pub-6203283170189293\" crossorigin=\"anonymous\"><\/script><ins class=\"adsbygoogle\" style=\"display:block; text-align:center;\" data-ad-client=\"ca-pub-6203283170189293\" \ndata-ad-slot=\"7303146466\" \ndata-ad-layout=\"in-article\"\ndata-ad-format=\"fluid\" data-full-width-responsive=\"true\"><\/ins>\n<script> \n(adsbygoogle = window.adsbygoogle || []).push({}); \n<\/script>\n<\/div>\n\n\n\n<p class=\"wp-block-paragraph\">Plovdiv n\u00f6bet\u00e7i itfaiye g\u00f6revlisinden al\u0131nan bilgilere g\u00f6re, Stryama Nehri, Voyvodinovo b\u00f6lgesinde ve Trakya otoban\u0131n\u0131n 134. km&#8217;sinde ta\u015fmaya ba\u015flad\u0131.<\/p>\n\n\n\n<p class=\"wp-block-paragraph\"><\/p>\n\n\n\n<p class=\"wp-block-paragraph\">BNR<\/p>\n<div id=\"bghab-2484666279\" class=\"bghab-yazi-altinda bghab-entity-placement\"><script async src=\"https:\/\/pagead2.googlesyndication.com\/pagead\/js\/adsbygoogle.js\"><\/script>\r\n<!-- bghaber-yaz\u0131-sonu -->\r\n<ins class=\"adsbygoogle\"\r\n     style=\"display:block\"\r\n     data-ad-client=\"ca-pub-6203283170189293\"\r\n     data-ad-slot=\"4222328180\"\r\n     data-ad-format=\"auto\"\r\n     data-full-width-responsive=\"true\"><\/ins>\r\n<script>\r\n     (adsbygoogle = window.adsbygoogle || []).push({});\r\n<\/script><\/div><br style=\"clear: both; display: block; float: none;\"\/>","protected":false},"excerpt":{"rendered":"<p>Karlovo b\u00f6lgesinde yakla\u015f\u0131k 200 evi su bast\u0131. B\u00fct\u00fcn gece, be\u015f k\u00f6y\u00fc sular alt\u0131nda b\u0131rakan Stryama Nehri\u2019nin kritik noktalar\u0131 g\u00f6zetim alt\u0131nda tutuldu. Metrekareye 190 litre ya\u011f\u0131\u015f\u0131n<\/p>\n","protected":false},"author":29,"featured_media":58116,"comment_status":"open","ping_status":"closed","sticky":false,"template":"","format":"standard","meta":{"advanced_seo_description":"","jetpack_seo_html_title":"","jetpack_seo_noindex":false,"jetpack_seo_schema_type":"","_jetpack_newsletter_access":"","_jetpack_dont_email_post_to_subs":false,"_jetpack_newsletter_tier_id":0,"_jetpack_memberships_contains_paywalled_content":false,"_jetpack_feature_clip_id":0,"_jetpack_memberships_contains_paid_content":false,"footnotes":"","jetpack_post_was_ever_published":false},"categories":[5],"tags":[30,541,1824],"class_list":["post-58115","post","type-post","status-publish","format-standard","has-post-thumbnail","hentry","category-yasam","tag-bulgaristan","tag-karlovo","tag-sel"],"jetpack_sharing_enabled":true,"jetpack_likes_enabled":true,"jetpack-related-posts":[],"jetpack_shortlink":"https:\/\/wp.me\/pc2PfJ-f7l","jetpack_featured_media_url":"https:\/\/i0.wp.com\/www.bghaber.org\/bghaber\/wp-content\/uploads\/2022\/09\/Selden-sonra-Karlovo-bolgesinde-200-ev-su-altinda-kaldi.jpg?fit=925%2C520&ssl=1","_links":{"self":[{"href":"https:\/\/www.bghaber.org\/bghaber\/wp-json\/wp\/v2\/posts\/58115","targetHints":{"allow":["GET"]}}],"collection":[{"href":"https:\/\/www.bghaber.org\/bghaber\/wp-json\/wp\/v2\/posts"}],"about":[{"href":"https:\/\/www.bghaber.org\/bghaber\/wp-json\/wp\/v2\/types\/post"}],"author":[{"embeddable":true,"href":"https:\/\/www.bghaber.org\/bghaber\/wp-json\/wp\/v2\/users\/29"}],"replies":[{"embeddable":true,"href":"https:\/\/www.bghaber.org\/bghaber\/wp-json\/wp\/v2\/comments?post=58115"}],"version-history":[{"count":0,"href":"https:\/\/www.bghaber.org\/bghaber\/wp-json\/wp\/v2\/posts\/58115\/revisions"}],"wp:featuredmedia":[{"embeddable":true,"href":"https:\/\/www.bghaber.org\/bghaber\/wp-json\/wp\/v2\/media\/58116"}],"wp:attachment":[{"href":"https:\/\/www.bghaber.org\/bghaber\/wp-json\/wp\/v2\/media?parent=58115"}],"wp:term":[{"taxonomy":"category","embeddable":true,"href":"https:\/\/www.bghaber.org\/bghaber\/wp-json\/wp\/v2\/categories?post=58115"},{"taxonomy":"post_tag","embeddable":true,"href":"https:\/\/www.bghaber.org\/bghaber\/wp-json\/wp\/v2\/tags?post=58115"}],"curies":[{"name":"wp","href":"https:\/\/api.w.org\/{rel}","templated":true}]}}