{"id":58112,"date":"2022-09-05T09:59:37","date_gmt":"2022-09-05T06:59:37","guid":{"rendered":"https:\/\/www.bghaber.org\/bghaber\/?p=58112"},"modified":"2022-09-05T09:59:40","modified_gmt":"2022-09-05T06:59:40","slug":"serdika-benim-romam-festivali-ziyeretcileri-antik-caglara-goturuyor","status":"publish","type":"post","link":"https:\/\/www.bghaber.org\/bghaber\/serdika-benim-romam-festivali-ziyeretcileri-antik-caglara-goturuyor\/","title":{"rendered":"\u201cSerdika \u2013 benim Roma&#8217;m\u201d Festivali, ziyeret\u00e7ileri antik \u00e7a\u011flara g\u00f6t\u00fcr\u00fcyor"},"content":{"rendered":"\n<p class=\"wp-block-paragraph\"><strong>\u201cSerdika benim Roma&#8217;m\u201d Festivali<\/strong>&nbsp;ba\u015fkentin&nbsp;<strong>&#8220;Serdika&#8217;n\u0131n Bat\u0131 Kap\u0131s\u0131&#8221; Arkeoloji Park\u0131<\/strong>\u2019nda d\u00fczenleniyor.&nbsp;<strong>&#8220;Mos Mayorum Ulpie Serdice&#8221;&nbsp;Derne\u011fi<\/strong>&#8216;nden Lazar Kyosev , &#8220;Bulgaristan ve Avrupa&#8217;dan tarihi canland\u0131rma gruplar\u0131 bizi \u0130mparator I. Theodosius zaman\u0131na g\u00f6t\u00fcr\u00fcyor\u201d diye anlatt\u0131.<\/p>\n\n\n\n<p class=\"wp-block-paragraph\">Festival program\u0131 \u00e7er\u00e7evesinde, sadece sava\u015flar\u0131n yeniden canland\u0131r\u0131lmas\u0131 de\u011fil, ayn\u0131 zamanda erken Hristiyanl\u0131\u011f\u0131n, antik d\u00fc\u011f\u00fcnlerin, bar\u0131\u015f anla\u015fmalar\u0131n\u0131n imzalanmas\u0131n, soylu bir Romal\u0131 kad\u0131n\u0131n hayat\u0131nda bir g\u00fcn\u00fcntan\u0131t\u0131lmas\u0131da yer al\u0131yor. Organizat\u00f6rler, festivalin, seyirciyi antik \u00e7a\u011flara g\u00f6t\u00fcrecek halk m\u00fczi\u011fi ile sona erece\u011fini bildirdi.<\/p>\n\n\n\n<p class=\"wp-block-paragraph\"><\/p>\n\n\n\n<p class=\"wp-block-paragraph\">BNR<\/p>\n<div id=\"bghab-3928435174\" class=\"bghab-yazi-altinda bghab-entity-placement\"><script async src=\"https:\/\/pagead2.googlesyndication.com\/pagead\/js\/adsbygoogle.js\"><\/script>\r\n<!-- bghaber-yaz\u0131-sonu -->\r\n<ins class=\"adsbygoogle\"\r\n     style=\"display:block\"\r\n     data-ad-client=\"ca-pub-6203283170189293\"\r\n     data-ad-slot=\"4222328180\"\r\n     data-ad-format=\"auto\"\r\n     data-full-width-responsive=\"true\"><\/ins>\r\n<script>\r\n     (adsbygoogle = window.adsbygoogle || []).push({});\r\n<\/script><\/div><br style=\"clear: both; display: block; float: none;\"\/>","protected":false},"excerpt":{"rendered":"<p>\u201cSerdika benim Roma&#8217;m\u201d Festivali&nbsp;ba\u015fkentin&nbsp;&#8220;Serdika&#8217;n\u0131n Bat\u0131 Kap\u0131s\u0131&#8221; Arkeoloji Park\u0131\u2019nda d\u00fczenleniyor.&nbsp;&#8220;Mos Mayorum Ulpie Serdice&#8221;&nbsp;Derne\u011fi&#8216;nden Lazar Kyosev , &#8220;Bulgaristan ve Avrupa&#8217;dan tarihi canland\u0131rma gruplar\u0131 bizi \u0130mparator I. Theodosius<\/p>\n","protected":false},"author":29,"featured_media":58113,"comment_status":"open","ping_status":"closed","sticky":false,"template":"","format":"standard","meta":{"advanced_seo_description":"","jetpack_seo_html_title":"","jetpack_seo_noindex":false,"jetpack_seo_schema_type":"","_jetpack_newsletter_access":"","_jetpack_dont_email_post_to_subs":false,"_jetpack_newsletter_tier_id":0,"_jetpack_memberships_contains_paywalled_content":false,"_jetpack_feature_clip_id":0,"_jetpack_memberships_contains_paid_content":false,"footnotes":"","jetpack_post_was_ever_published":false},"categories":[1,10],"tags":[30,1684,51],"class_list":["post-58112","post","type-post","status-publish","format-standard","has-post-thumbnail","hentry","category-haberler","category-kultur-sanat","tag-bulgaristan","tag-festival","tag-sofya"],"jetpack_sharing_enabled":true,"jetpack_likes_enabled":true,"jetpack-related-posts":[],"jetpack_shortlink":"https:\/\/wp.me\/pc2PfJ-f7i","jetpack_featured_media_url":"https:\/\/i0.wp.com\/www.bghaber.org\/bghaber\/wp-content\/uploads\/2022\/09\/Serdika-%E2%80%93-benim-Romam-Festivali-ziyeretcileri-antik-caglara-goturuyor.jpg?fit=925%2C520&ssl=1","_links":{"self":[{"href":"https:\/\/www.bghaber.org\/bghaber\/wp-json\/wp\/v2\/posts\/58112","targetHints":{"allow":["GET"]}}],"collection":[{"href":"https:\/\/www.bghaber.org\/bghaber\/wp-json\/wp\/v2\/posts"}],"about":[{"href":"https:\/\/www.bghaber.org\/bghaber\/wp-json\/wp\/v2\/types\/post"}],"author":[{"embeddable":true,"href":"https:\/\/www.bghaber.org\/bghaber\/wp-json\/wp\/v2\/users\/29"}],"replies":[{"embeddable":true,"href":"https:\/\/www.bghaber.org\/bghaber\/wp-json\/wp\/v2\/comments?post=58112"}],"version-history":[{"count":0,"href":"https:\/\/www.bghaber.org\/bghaber\/wp-json\/wp\/v2\/posts\/58112\/revisions"}],"wp:featuredmedia":[{"embeddable":true,"href":"https:\/\/www.bghaber.org\/bghaber\/wp-json\/wp\/v2\/media\/58113"}],"wp:attachment":[{"href":"https:\/\/www.bghaber.org\/bghaber\/wp-json\/wp\/v2\/media?parent=58112"}],"wp:term":[{"taxonomy":"category","embeddable":true,"href":"https:\/\/www.bghaber.org\/bghaber\/wp-json\/wp\/v2\/categories?post=58112"},{"taxonomy":"post_tag","embeddable":true,"href":"https:\/\/www.bghaber.org\/bghaber\/wp-json\/wp\/v2\/tags?post=58112"}],"curies":[{"name":"wp","href":"https:\/\/api.w.org\/{rel}","templated":true}]}}