{"id":58066,"date":"2022-08-28T01:25:52","date_gmt":"2022-08-27T22:25:52","guid":{"rendered":"https:\/\/www.bghaber.org\/bghaber\/?p=58066"},"modified":"2022-08-28T01:35:37","modified_gmt":"2022-08-27T22:35:37","slug":"ucurtma-festivali-varnada","status":"publish","type":"post","link":"https:\/\/www.bghaber.org\/bghaber\/ucurtma-festivali-varnada\/","title":{"rendered":"U\u00e7urtma Festivali Varna\u2019da"},"content":{"rendered":"\n<p class=\"wp-block-paragraph\"><strong>\u201cHava harikalar\u0131\u201d ba\u015fl\u0131\u011f\u0131 alt\u0131nda d\u00fczenlenen 10. U\u00e7urtma Festivali kapsam\u0131nda&nbsp;<\/strong>27-28 A\u011fustos tarihleri aras\u0131nda T\u00fcrkiye, Estonya, \u0130ngiltere, Hollanda, Avusturya, G\u00fcney Afrika\u2019dan sanat\u00e7\u0131lar Varna&#8217;da olacak.&nbsp;<\/p>\n\n\n\n<p class=\"wp-block-paragraph\">Bunu festivalin organizat\u00f6r\u00fc Yuri Georgiev, BTA ajans\u0131na verdi\u011fi s\u00f6yle\u015fide belirtti.<\/p>\n\n\n\n<p class=\"wp-block-paragraph\">Bu y\u0131lki festival \u201cKu\u015flar\u0131n yolunda\u201d mottosu alt\u0131nda d\u00fczenleniyor ve ku\u015flar\u0131n eski u\u00e7u\u015f y\u0131lu olan Via Pontika\u2019y\u0131 hat\u0131rlat\u0131yor.<\/p>\n\n\n\n<p class=\"wp-block-paragraph\"><strong>&#8220;Hava harikalar\u0131&#8221;, Asparuhovo plaj\u0131nda Cumartesi ve Pazar g\u00fcnleri saat 10:00 \u2013 17:00 aras\u0131nda d\u00fczenlenecek.<\/strong><\/p>\n\n\n\n<p class=\"wp-block-paragraph\">U\u00e7urtmalar\u0131n \u201cy\u00fcr\u00fcy\u00fc\u015f\u00fc\u201d Bulgaristan Karadeniz k\u0131y\u0131s\u0131ndan g\u00fcneyden kuzeye do\u011fru ilerliyor.<\/p><div id=\"bghab-2003283213\" class=\"bghab-icerik-icine bghab-entity-placement\"><script async src=\"\/\/pagead2.googlesyndication.com\/pagead\/js\/adsbygoogle.js?client=ca-pub-6203283170189293\" crossorigin=\"anonymous\"><\/script><ins class=\"adsbygoogle\" style=\"display:block; text-align:center;\" data-ad-client=\"ca-pub-6203283170189293\" \ndata-ad-slot=\"7303146466\" \ndata-ad-layout=\"in-article\"\ndata-ad-format=\"fluid\" data-full-width-responsive=\"true\"><\/ins>\n<script> \n(adsbygoogle = window.adsbygoogle || []).push({}); \n<\/script>\n<\/div>\n\n\n\n<p class=\"wp-block-paragraph\"><strong>Start ise 20 A\u011fustos\u2019ta Veleka nehri yak\u0131n\u0131nda yap\u0131ld\u0131,&nbsp;<\/strong>daha sonra festivalin yolu Varvara ve Primorsko\u2019dan ge\u00e7ti. 31 A\u011fustos -1 Eyl\u00fcl tarihlerinde ise Albena\u2019da, 3-4 Eyl\u00fcl\u2019de ise \u015eabla\u2019da olacak.<\/p>\n\n\n\n<p class=\"wp-block-paragraph\"><\/p>\n\n\n\n<p class=\"wp-block-paragraph\">BNR<\/p>\n<div id=\"bghab-2103928181\" class=\"bghab-yazi-altinda bghab-entity-placement\"><script async src=\"https:\/\/pagead2.googlesyndication.com\/pagead\/js\/adsbygoogle.js\"><\/script>\r\n<!-- bghaber-yaz\u0131-sonu -->\r\n<ins class=\"adsbygoogle\"\r\n     style=\"display:block\"\r\n     data-ad-client=\"ca-pub-6203283170189293\"\r\n     data-ad-slot=\"4222328180\"\r\n     data-ad-format=\"auto\"\r\n     data-full-width-responsive=\"true\"><\/ins>\r\n<script>\r\n     (adsbygoogle = window.adsbygoogle || []).push({});\r\n<\/script><\/div><br style=\"clear: both; display: block; float: none;\"\/>","protected":false},"excerpt":{"rendered":"<p>\u201cHava harikalar\u0131\u201d ba\u015fl\u0131\u011f\u0131 alt\u0131nda d\u00fczenlenen 10. U\u00e7urtma Festivali kapsam\u0131nda&nbsp;27-28 A\u011fustos tarihleri aras\u0131nda T\u00fcrkiye, Estonya, \u0130ngiltere, Hollanda, Avusturya, G\u00fcney Afrika\u2019dan sanat\u00e7\u0131lar Varna&#8217;da olacak.&nbsp; Bunu festivalin organizat\u00f6r\u00fc<\/p>\n","protected":false},"author":29,"featured_media":58067,"comment_status":"open","ping_status":"closed","sticky":false,"template":"","format":"standard","meta":{"advanced_seo_description":"\u201cHava harikalar\u0131\u201d ba\u015fl\u0131\u011f\u0131 alt\u0131nda d\u00fczenlenen 10. U\u00e7urtma Festivali kapsam\u0131nda\u00a027-28 A\u011fustos tarihleri aras\u0131nda T\u00fcrkiye, Estonya, \u0130ngiltere, Hollanda, Avusturya, G\u00fcney Afrika\u2019dan sanat\u00e7\u0131lar Varna'da olacak.\u00a0","jetpack_seo_html_title":"","jetpack_seo_noindex":false,"jetpack_seo_schema_type":"","_jetpack_newsletter_access":"","_jetpack_dont_email_post_to_subs":false,"_jetpack_newsletter_tier_id":0,"_jetpack_memberships_contains_paywalled_content":false,"_jetpack_feature_clip_id":0,"_jetpack_memberships_contains_paid_content":false,"footnotes":"","jetpack_post_was_ever_published":false},"categories":[1,10],"tags":[30,1684,3766,158],"class_list":["post-58066","post","type-post","status-publish","format-standard","has-post-thumbnail","hentry","category-haberler","category-kultur-sanat","tag-bulgaristan","tag-festival","tag-ucurtma","tag-varna"],"jetpack_sharing_enabled":true,"jetpack_likes_enabled":true,"jetpack-related-posts":[],"jetpack_shortlink":"https:\/\/wp.me\/pc2PfJ-f6y","jetpack_featured_media_url":"https:\/\/i0.wp.com\/www.bghaber.org\/bghaber\/wp-content\/uploads\/2022\/08\/Ucurtma-Festivali-Varnada.jpg?fit=925%2C520&ssl=1","_links":{"self":[{"href":"https:\/\/www.bghaber.org\/bghaber\/wp-json\/wp\/v2\/posts\/58066","targetHints":{"allow":["GET"]}}],"collection":[{"href":"https:\/\/www.bghaber.org\/bghaber\/wp-json\/wp\/v2\/posts"}],"about":[{"href":"https:\/\/www.bghaber.org\/bghaber\/wp-json\/wp\/v2\/types\/post"}],"author":[{"embeddable":true,"href":"https:\/\/www.bghaber.org\/bghaber\/wp-json\/wp\/v2\/users\/29"}],"replies":[{"embeddable":true,"href":"https:\/\/www.bghaber.org\/bghaber\/wp-json\/wp\/v2\/comments?post=58066"}],"version-history":[{"count":0,"href":"https:\/\/www.bghaber.org\/bghaber\/wp-json\/wp\/v2\/posts\/58066\/revisions"}],"wp:featuredmedia":[{"embeddable":true,"href":"https:\/\/www.bghaber.org\/bghaber\/wp-json\/wp\/v2\/media\/58067"}],"wp:attachment":[{"href":"https:\/\/www.bghaber.org\/bghaber\/wp-json\/wp\/v2\/media?parent=58066"}],"wp:term":[{"taxonomy":"category","embeddable":true,"href":"https:\/\/www.bghaber.org\/bghaber\/wp-json\/wp\/v2\/categories?post=58066"},{"taxonomy":"post_tag","embeddable":true,"href":"https:\/\/www.bghaber.org\/bghaber\/wp-json\/wp\/v2\/tags?post=58066"}],"curies":[{"name":"wp","href":"https:\/\/api.w.org\/{rel}","templated":true}]}}