{"id":58036,"date":"2022-08-26T19:20:20","date_gmt":"2022-08-26T16:20:20","guid":{"rendered":"https:\/\/www.bghaber.org\/bghaber\/?p=58036"},"modified":"2022-08-26T19:20:23","modified_gmt":"2022-08-26T16:20:23","slug":"kacak-multeci-dolu-otobus-polis-aracina-carpti-kazada-iki-polis-oldu","status":"publish","type":"post","link":"https:\/\/www.bghaber.org\/bghaber\/kacak-multeci-dolu-otobus-polis-aracina-carpti-kazada-iki-polis-oldu\/","title":{"rendered":"Ka\u00e7ak m\u00fclteci dolu otob\u00fcs polis arac\u0131na \u00e7arpt\u0131, kazada iki polis \u00f6ld\u00fc"},"content":{"rendered":"\n<p class=\"wp-block-paragraph\">25 A\u011fustos 2022 sabah\u0131 <strong>Burgas\u2019da ka\u00e7ak g\u00f6\u00e7menlerle dolu otob\u00fcs\u00fc durdurmaya \u00e7al\u0131\u015fan iki polis g\u00f6revlisi hayat\u0131ndan oldu<\/strong>. BNR\u2019ye konu\u015fan \u0130\u00e7i\u015fleri Bakanl\u0131\u011f\u0131 Genel Sekreteri Yard\u0131mc\u0131s\u0131 Stanimir Stanev, \u201cSaat 05:00 sular\u0131nda,\u00a0<strong>T\u00fcrk plakal\u0131 otob\u00fcs art arda iki s\u0131n\u0131r polisi kontrol noktas\u0131nda durmayarak, d\u00f6ner kav\u015fa\u011f\u0131n bulundu\u011fu b\u00f6lgede, bisiklet \u015feridine girerek, polis arabas\u0131na ve otob\u00fcs dura\u011f\u0131na \u00e7arpt\u0131<\/strong>\u201d ifadelerini kulland\u0131.<\/p>\n\n\n\n<p class=\"wp-block-paragraph\">BNR\u2019ye konu\u015fan g\u00f6rg\u00fc tan\u0131\u011f\u0131, iki ki\u015finin otob\u00fcsten atlad\u0131\u011f\u0131n\u0131, birinin ka\u00e7maya ba\u015fard\u0131\u011f\u0131n\u0131, di\u011ferinin ise polis memurlar\u0131 taraf\u0131ndan g\u00f6zalt\u0131na al\u0131nd\u0131\u011f\u0131n\u0131 s\u00f6yledi.<\/p>\n\n\n\n<p class=\"wp-block-paragraph\">Al\u0131nan bilgiye g\u00f6re\u00a0<strong>aralar\u0131nda kad\u0131n ve \u00e7ocuklar\u0131n da bulundu\u011fu 47 g\u00f6\u00e7men ta\u015f\u0131yan otob\u00fcste ciddi \u015fekilde yaralanan yok<\/strong>. Olay yerinde Burgas Emniyet M\u00fcd\u00fcr\u00fc K\u0131demli Komiser Kaloyan Kaloyanov, polis ekipleri, itfaiye, ambulans ve ilk yard\u0131m g\u00f6revlileri haz\u0131r bulundu. Ulusal Soru\u015fturma Servisi ve Savc\u0131l\u0131k taraf\u0131ndan y\u00fcr\u00fct\u00fclecek soru\u015fturma s\u00fcreci ba\u015flat\u0131ld\u0131.<\/p>\n\n\n\n<p class=\"wp-block-paragraph\"><\/p>\n\n\n\n<p class=\"wp-block-paragraph\">BNR<\/p>\n<div id=\"bghab-445158404\" class=\"bghab-yazi-altinda bghab-entity-placement\"><script async src=\"https:\/\/pagead2.googlesyndication.com\/pagead\/js\/adsbygoogle.js\"><\/script>\r\n<!-- bghaber-yaz\u0131-sonu -->\r\n<ins class=\"adsbygoogle\"\r\n     style=\"display:block\"\r\n     data-ad-client=\"ca-pub-6203283170189293\"\r\n     data-ad-slot=\"4222328180\"\r\n     data-ad-format=\"auto\"\r\n     data-full-width-responsive=\"true\"><\/ins>\r\n<script>\r\n     (adsbygoogle = window.adsbygoogle || []).push({});\r\n<\/script><\/div><br style=\"clear: both; display: block; float: none;\"\/>","protected":false},"excerpt":{"rendered":"<p>25 A\u011fustos 2022 sabah\u0131 Burgas\u2019da ka\u00e7ak g\u00f6\u00e7menlerle dolu otob\u00fcs\u00fc durdurmaya \u00e7al\u0131\u015fan iki polis g\u00f6revlisi hayat\u0131ndan oldu. BNR\u2019ye konu\u015fan \u0130\u00e7i\u015fleri Bakanl\u0131\u011f\u0131 Genel Sekreteri Yard\u0131mc\u0131s\u0131 Stanimir Stanev,<\/p>\n","protected":false},"author":29,"featured_media":58037,"comment_status":"open","ping_status":"closed","sticky":false,"template":"","format":"standard","meta":{"advanced_seo_description":"","jetpack_seo_html_title":"","jetpack_seo_noindex":false,"jetpack_seo_schema_type":"","_jetpack_newsletter_access":"","_jetpack_dont_email_post_to_subs":false,"_jetpack_newsletter_tier_id":0,"_jetpack_memberships_contains_paywalled_content":false,"_jetpack_feature_clip_id":0,"_jetpack_memberships_contains_paid_content":false,"footnotes":"","jetpack_post_was_ever_published":false},"categories":[5],"tags":[30,173,1519,1205],"class_list":["post-58036","post","type-post","status-publish","format-standard","has-post-thumbnail","hentry","category-yasam","tag-bulgaristan","tag-burgas","tag-kaza","tag-otobus"],"jetpack_sharing_enabled":true,"jetpack_likes_enabled":true,"jetpack-related-posts":[],"jetpack_shortlink":"https:\/\/wp.me\/pc2PfJ-f64","jetpack_featured_media_url":"https:\/\/i0.wp.com\/www.bghaber.org\/bghaber\/wp-content\/uploads\/2022\/08\/Kacak-multeci-dolu-otobus-polis-aracina-carpti-kazada-iki-polis-oldu.jpg?fit=925%2C520&ssl=1","_links":{"self":[{"href":"https:\/\/www.bghaber.org\/bghaber\/wp-json\/wp\/v2\/posts\/58036","targetHints":{"allow":["GET"]}}],"collection":[{"href":"https:\/\/www.bghaber.org\/bghaber\/wp-json\/wp\/v2\/posts"}],"about":[{"href":"https:\/\/www.bghaber.org\/bghaber\/wp-json\/wp\/v2\/types\/post"}],"author":[{"embeddable":true,"href":"https:\/\/www.bghaber.org\/bghaber\/wp-json\/wp\/v2\/users\/29"}],"replies":[{"embeddable":true,"href":"https:\/\/www.bghaber.org\/bghaber\/wp-json\/wp\/v2\/comments?post=58036"}],"version-history":[{"count":0,"href":"https:\/\/www.bghaber.org\/bghaber\/wp-json\/wp\/v2\/posts\/58036\/revisions"}],"wp:featuredmedia":[{"embeddable":true,"href":"https:\/\/www.bghaber.org\/bghaber\/wp-json\/wp\/v2\/media\/58037"}],"wp:attachment":[{"href":"https:\/\/www.bghaber.org\/bghaber\/wp-json\/wp\/v2\/media?parent=58036"}],"wp:term":[{"taxonomy":"category","embeddable":true,"href":"https:\/\/www.bghaber.org\/bghaber\/wp-json\/wp\/v2\/categories?post=58036"},{"taxonomy":"post_tag","embeddable":true,"href":"https:\/\/www.bghaber.org\/bghaber\/wp-json\/wp\/v2\/tags?post=58036"}],"curies":[{"name":"wp","href":"https:\/\/api.w.org\/{rel}","templated":true}]}}