{"id":57953,"date":"2022-08-20T17:01:11","date_gmt":"2022-08-20T14:01:11","guid":{"rendered":"https:\/\/www.bghaber.org\/bghaber\/?p=57953"},"modified":"2026-02-02T19:47:23","modified_gmt":"2026-02-02T16:47:23","slug":"bulgaristanda-bolgelere-gore-milletvekili-sayilari","status":"publish","type":"post","link":"https:\/\/www.bghaber.org\/bghaber\/bulgaristanda-bolgelere-gore-milletvekili-sayilari\/","title":{"rendered":"Bulgaristan&#8217;da b\u00f6lgelere g\u00f6re milletvekili say\u0131lar\u0131"},"content":{"rendered":"<p>Bulgaristan Erken Genel Se\u00e7imlerde b\u00f6lgelere g\u00f6re milletvekili say\u0131lar\u0131.<\/p>\n<p>4 A\u011fustosta se\u00e7im kurulunun ald\u0131\u011f\u0131 karar ile 2 Ekimde b\u00f6lgelere g\u00f6re milletvekili da\u011f\u0131l\u0131m\u0131 yap\u0131ld\u0131.<\/p>\n<div id=\"ad_lb_btf\" class=\"banner-box\">\n<div class=\"banner\">En \u00e7ok vekilin \u00e7\u0131kt\u0131\u011f\u0131 b\u00f6lge Sofya 23. b\u00f6lge, ard\u0131ndan Varna, Burgaz geliyor.<\/div>\n<div><\/div>\n<\/div>\n<p>Se\u00e7imlerde Bulgaristan genelinden neredeyse be\u015fte biri Sofya&#8217;dan se\u00e7ilecektir.<\/p>\n<p>Milletvekili say\u0131lar\u0131 n\u00fcfusa g\u00f6re d\u00fczenleniyor.<\/p>\n<p>Yani bu se\u00e7imlerde de son se\u00e7imlerdeki gibi de\u011fi\u015fiklik yok.<\/p><div id=\"bghab-2434780525\" class=\"bghab-icerik-icine bghab-entity-placement\"><script async src=\"\/\/pagead2.googlesyndication.com\/pagead\/js\/adsbygoogle.js?client=ca-pub-6203283170189293\" crossorigin=\"anonymous\"><\/script><ins class=\"adsbygoogle\" style=\"display:block; text-align:center;\" data-ad-client=\"ca-pub-6203283170189293\" \ndata-ad-slot=\"7303146466\" \ndata-ad-layout=\"in-article\"\ndata-ad-format=\"fluid\" data-full-width-responsive=\"true\"><\/ins>\n<script> \n(adsbygoogle = window.adsbygoogle || []).push({}); \n<\/script>\n<\/div>\n<p>B\u00f6ylece:<\/p>\n<p>Vidin &#8211; 4,<br \/>\nMontana -5,<br \/>\nVratsa -6,<br \/>\nPleven\u00a0 -9,<br \/>\nRuse -8,<br \/>\nRazgrad -4,<br \/>\nSilistra -4,<br \/>\nDobri\u00e7 -6,<br \/>\nVarna -15,<br \/>\n\u015eumen -6,<br \/>\nTurgovi\u015fte -4,<br \/>\nVeliko T\u0131rnovo -8,<br \/>\nGabrovo -4,<br \/>\nLove\u00e7 -5,<\/p>\n<p>Sofya-burada d\u00f6rt b\u00f6lge olu\u015fturulmu\u015f bunlardan 16, 14, 12, -8 milletvekili,<\/p>\n<p>Pernik -4,<br \/>\nK\u00f6stendil -4,<br \/>\nBlagoevgrad -11,<br \/>\nSmolyan -4,<br \/>\nPlovdiv -11,<br \/>\nStara Zagora\u00a0 \u00a0-11,<br \/>\nK\u0131rcaali\u00a0 -5,<br \/>\nHaskovo -8,<br \/>\nYanbol -4,<br \/>\nSliven -6,<br \/>\nBurgaz -14,<br \/>\nPazarc\u0131k -9,<\/p>\n<p>&nbsp;<\/p>\n<p>&nbsp;<\/p>\n<p>BG Haber<\/p><div id=\"bghab-1719502242\" class=\"bghab-icerik-icine-10-paragraf bghab-entity-placement\"><script async src=\"\/\/pagead2.googlesyndication.com\/pagead\/js\/adsbygoogle.js?client=ca-pub-6203283170189293\" crossorigin=\"anonymous\"><\/script><ins class=\"adsbygoogle\" style=\"display:block; text-align:center;\" data-ad-client=\"ca-pub-6203283170189293\" \ndata-ad-slot=\"7303146466\" \ndata-ad-layout=\"in-article\"\ndata-ad-format=\"fluid\" data-full-width-responsive=\"true\"><\/ins>\n<script> \n(adsbygoogle = window.adsbygoogle || []).push({}); \n<\/script>\n<\/div>\n<div id=\"bghab-3338739950\" class=\"bghab-yazi-altinda bghab-entity-placement\"><script async src=\"https:\/\/pagead2.googlesyndication.com\/pagead\/js\/adsbygoogle.js\"><\/script>\r\n<!-- bghaber-yaz\u0131-sonu -->\r\n<ins class=\"adsbygoogle\"\r\n     style=\"display:block\"\r\n     data-ad-client=\"ca-pub-6203283170189293\"\r\n     data-ad-slot=\"4222328180\"\r\n     data-ad-format=\"auto\"\r\n     data-full-width-responsive=\"true\"><\/ins>\r\n<script>\r\n     (adsbygoogle = window.adsbygoogle || []).push({});\r\n<\/script><\/div><br style=\"clear: both; display: block; float: none;\"\/>","protected":false},"excerpt":{"rendered":"<p>Bulgaristan Erken Genel Se\u00e7imlerde b\u00f6lgelere g\u00f6re milletvekili say\u0131lar\u0131. 4 A\u011fustosta se\u00e7im kurulunun ald\u0131\u011f\u0131 karar ile 2 Ekimde b\u00f6lgelere g\u00f6re milletvekili da\u011f\u0131l\u0131m\u0131 yap\u0131ld\u0131. En \u00e7ok vekilin<\/p>\n","protected":false},"author":13,"featured_media":57954,"comment_status":"open","ping_status":"closed","sticky":false,"template":"","format":"standard","meta":{"advanced_seo_description":"","jetpack_seo_html_title":"","jetpack_seo_noindex":false,"jetpack_seo_schema_type":"","_jetpack_newsletter_access":"","_jetpack_dont_email_post_to_subs":false,"_jetpack_newsletter_tier_id":0,"_jetpack_memberships_contains_paywalled_content":false,"_jetpack_feature_clip_id":0,"_jetpack_memberships_contains_paid_content":false,"footnotes":"","jetpack_post_was_ever_published":false},"categories":[1133,3848],"tags":[],"class_list":["post-57953","post","type-post","status-publish","format-standard","has-post-thumbnail","hentry","category-duyuru","category-secim"],"jetpack_sharing_enabled":true,"jetpack_likes_enabled":true,"jetpack-related-posts":[],"jetpack_shortlink":"https:\/\/wp.me\/pc2PfJ-f4J","jetpack_featured_media_url":"https:\/\/i0.wp.com\/www.bghaber.org\/bghaber\/wp-content\/uploads\/2022\/08\/bg-secm-vekiller.jpg?fit=820%2C518&ssl=1","_links":{"self":[{"href":"https:\/\/www.bghaber.org\/bghaber\/wp-json\/wp\/v2\/posts\/57953","targetHints":{"allow":["GET"]}}],"collection":[{"href":"https:\/\/www.bghaber.org\/bghaber\/wp-json\/wp\/v2\/posts"}],"about":[{"href":"https:\/\/www.bghaber.org\/bghaber\/wp-json\/wp\/v2\/types\/post"}],"author":[{"embeddable":true,"href":"https:\/\/www.bghaber.org\/bghaber\/wp-json\/wp\/v2\/users\/13"}],"replies":[{"embeddable":true,"href":"https:\/\/www.bghaber.org\/bghaber\/wp-json\/wp\/v2\/comments?post=57953"}],"version-history":[{"count":0,"href":"https:\/\/www.bghaber.org\/bghaber\/wp-json\/wp\/v2\/posts\/57953\/revisions"}],"wp:featuredmedia":[{"embeddable":true,"href":"https:\/\/www.bghaber.org\/bghaber\/wp-json\/wp\/v2\/media\/57954"}],"wp:attachment":[{"href":"https:\/\/www.bghaber.org\/bghaber\/wp-json\/wp\/v2\/media?parent=57953"}],"wp:term":[{"taxonomy":"category","embeddable":true,"href":"https:\/\/www.bghaber.org\/bghaber\/wp-json\/wp\/v2\/categories?post=57953"},{"taxonomy":"post_tag","embeddable":true,"href":"https:\/\/www.bghaber.org\/bghaber\/wp-json\/wp\/v2\/tags?post=57953"}],"curies":[{"name":"wp","href":"https:\/\/api.w.org\/{rel}","templated":true}]}}