{"id":57206,"date":"2022-04-18T03:41:00","date_gmt":"2022-04-18T00:41:00","guid":{"rendered":"https:\/\/www.bghaber.org\/bghaber\/?p=57206"},"modified":"2022-04-18T00:45:07","modified_gmt":"2022-04-17T21:45:07","slug":"veliko-tirnovodaki-taksi-sirketleri-ulasim-icin-daha-yuksek-fiyatlar-istiyor","status":"publish","type":"post","link":"https:\/\/www.bghaber.org\/bghaber\/veliko-tirnovodaki-taksi-sirketleri-ulasim-icin-daha-yuksek-fiyatlar-istiyor\/","title":{"rendered":"Veliko T\u0131rnovo&#8217;daki taksi \u015firketleri ula\u015f\u0131m i\u00e7in daha y\u00fcksek fiyatlar istiyor"},"content":{"rendered":"\n<p class=\"wp-block-paragraph\">Veliko T\u0131rnovo&#8217;daki taksi \u015firketleri yolcu fiyatlar\u0131na zam talep ediyor.&nbsp;Hizmet bedelinin y\u00fczde 68&#8217;den y\u00fczde 143&#8217;e \u00e7\u0131kar\u0131lmas\u0131 i\u00e7in Belediye Meclisi&#8217;ne teklif verildi.<\/p>\n\n\n\n<p class=\"wp-block-paragraph\">13 taksi \u015firketi, Veliko T\u0131rnovo Belediye Meclisi&#8217;ne yolcu taksi ta\u015f\u0131mac\u0131l\u0131\u011f\u0131 i\u00e7in yeni asgari ve azami fiyatlar i\u00e7in bir talepte bulundu.<\/p>\n\n\n\n<p class=\"wp-block-paragraph\">\u015eu anda, Veliko T\u0131rnovo&#8217;da kilometre ba\u015f\u0131na minimum g\u00fcnl\u00fck tarife 71 stotinki ve gece tarifesi 82 \u200b\u200bstotinki, maksimum fiyatlar ise kilometre ba\u015f\u0131na s\u0131ras\u0131yla 1.20 leva ve 1.40 leva&#8217;d\u0131r.&nbsp;Fiyatlar 7 y\u0131ll\u0131kt\u0131r.&nbsp;<\/p>\n\n\n\n<p class=\"wp-block-paragraph\">Taksi end\u00fcstrisi, g\u00fcnl\u00fck \u00fccret i\u00e7in kilometre ba\u015f\u0131na 1,19 BGN&#8217;ye ve gece seyahati i\u00e7in kilometre ba\u015f\u0131na 1,99 BGN&#8217;ye kadar maksimum art\u0131\u015fla fiyatlar\u0131 g\u00fcncellemek i\u00e7in iki se\u00e7enek sunar.<\/p>\n\n\n\n<p class=\"wp-block-paragraph\">Asgari \u00fccretin artmas\u0131, taksi ta\u015f\u0131mac\u0131l\u0131\u011f\u0131 maliyetlerinin %20&#8217;si olan yak\u0131tlar\u0131n artmas\u0131 ve en \u00f6nemlisi, yakla\u015f\u0131k 3 kat\u0131 olan metan arz\u0131 ile sekt\u00f6r daha y\u00fcksek fiyatlar taraf\u0131ndan motive ediliyor.&nbsp;<\/p><div id=\"bghab-496602774\" class=\"bghab-icerik-icine bghab-entity-placement\"><script async src=\"\/\/pagead2.googlesyndication.com\/pagead\/js\/adsbygoogle.js?client=ca-pub-6203283170189293\" crossorigin=\"anonymous\"><\/script><ins class=\"adsbygoogle\" style=\"display:block; text-align:center;\" data-ad-client=\"ca-pub-6203283170189293\" \ndata-ad-slot=\"7303146466\" \ndata-ad-layout=\"in-article\"\ndata-ad-format=\"fluid\" data-full-width-responsive=\"true\"><\/ins>\n<script> \n(adsbygoogle = window.adsbygoogle || []).push({}); \n<\/script>\n<\/div>\n\n\n\n<p class=\"wp-block-paragraph\">Fiyatlar\u0131n g\u00fcncellenmesi talebi, Veliko T\u0131rnovo belediye ba\u015fkan\u0131 ile Belediye Meclisindeki siyasi gruplar aras\u0131nda yap\u0131lacak \u00f6n toplant\u0131da g\u00f6r\u00fc\u015f\u00fclecek.\u00a0<\/p>\n\n\n\n<p class=\"wp-block-paragraph\"><\/p>\n\n\n\n<p class=\"wp-block-paragraph\">BG Haber<\/p>\n<div id=\"bghab-1938306063\" class=\"bghab-yazi-altinda bghab-entity-placement\"><script async src=\"https:\/\/pagead2.googlesyndication.com\/pagead\/js\/adsbygoogle.js\"><\/script>\r\n<!-- bghaber-yaz\u0131-sonu -->\r\n<ins class=\"adsbygoogle\"\r\n     style=\"display:block\"\r\n     data-ad-client=\"ca-pub-6203283170189293\"\r\n     data-ad-slot=\"4222328180\"\r\n     data-ad-format=\"auto\"\r\n     data-full-width-responsive=\"true\"><\/ins>\r\n<script>\r\n     (adsbygoogle = window.adsbygoogle || []).push({});\r\n<\/script><\/div><br style=\"clear: both; display: block; float: none;\"\/>","protected":false},"excerpt":{"rendered":"<p>Veliko T\u0131rnovo&#8217;daki taksi \u015firketleri yolcu fiyatlar\u0131na zam talep ediyor.&nbsp;Hizmet bedelinin y\u00fczde 68&#8217;den y\u00fczde 143&#8217;e \u00e7\u0131kar\u0131lmas\u0131 i\u00e7in Belediye Meclisi&#8217;ne teklif verildi. 13 taksi \u015firketi, Veliko T\u0131rnovo<\/p>\n","protected":false},"author":29,"featured_media":37020,"comment_status":"closed","ping_status":"closed","sticky":false,"template":"","format":"standard","meta":{"advanced_seo_description":"","jetpack_seo_html_title":"","jetpack_seo_noindex":false,"jetpack_seo_schema_type":"","_jetpack_newsletter_access":"","_jetpack_dont_email_post_to_subs":false,"_jetpack_newsletter_tier_id":0,"_jetpack_memberships_contains_paywalled_content":false,"_jetpack_feature_clip_id":0,"_jetpack_memberships_contains_paid_content":false,"footnotes":"","jetpack_post_was_ever_published":false},"categories":[9,1],"tags":[30,1420,238,633],"class_list":["post-57206","post","type-post","status-publish","format-standard","has-post-thumbnail","hentry","category-ekonomi","category-haberler","tag-bulgaristan","tag-taksi","tag-veliko-tirnovo","tag-zam"],"jetpack_sharing_enabled":true,"jetpack_likes_enabled":true,"jetpack-related-posts":[],"jetpack_shortlink":"https:\/\/wp.me\/pc2PfJ-eSG","jetpack_featured_media_url":"https:\/\/i0.wp.com\/www.bghaber.org\/bghaber\/wp-content\/uploads\/2019\/06\/taksi-bulgaristan.jpg?fit=680%2C382&ssl=1","_links":{"self":[{"href":"https:\/\/www.bghaber.org\/bghaber\/wp-json\/wp\/v2\/posts\/57206","targetHints":{"allow":["GET"]}}],"collection":[{"href":"https:\/\/www.bghaber.org\/bghaber\/wp-json\/wp\/v2\/posts"}],"about":[{"href":"https:\/\/www.bghaber.org\/bghaber\/wp-json\/wp\/v2\/types\/post"}],"author":[{"embeddable":true,"href":"https:\/\/www.bghaber.org\/bghaber\/wp-json\/wp\/v2\/users\/29"}],"replies":[{"embeddable":true,"href":"https:\/\/www.bghaber.org\/bghaber\/wp-json\/wp\/v2\/comments?post=57206"}],"version-history":[{"count":0,"href":"https:\/\/www.bghaber.org\/bghaber\/wp-json\/wp\/v2\/posts\/57206\/revisions"}],"wp:featuredmedia":[{"embeddable":true,"href":"https:\/\/www.bghaber.org\/bghaber\/wp-json\/wp\/v2\/media\/37020"}],"wp:attachment":[{"href":"https:\/\/www.bghaber.org\/bghaber\/wp-json\/wp\/v2\/media?parent=57206"}],"wp:term":[{"taxonomy":"category","embeddable":true,"href":"https:\/\/www.bghaber.org\/bghaber\/wp-json\/wp\/v2\/categories?post=57206"},{"taxonomy":"post_tag","embeddable":true,"href":"https:\/\/www.bghaber.org\/bghaber\/wp-json\/wp\/v2\/tags?post=57206"}],"curies":[{"name":"wp","href":"https:\/\/api.w.org\/{rel}","templated":true}]}}