{"id":57203,"date":"2022-04-18T00:40:09","date_gmt":"2022-04-17T21:40:09","guid":{"rendered":"https:\/\/www.bghaber.org\/bghaber\/?p=57203"},"modified":"2022-04-18T00:40:11","modified_gmt":"2022-04-17T21:40:11","slug":"riladaki-arnavut-kaldirimli-sokaktaki-onarimlar-sona-eriyor","status":"publish","type":"post","link":"https:\/\/www.bghaber.org\/bghaber\/riladaki-arnavut-kaldirimli-sokaktaki-onarimlar-sona-eriyor\/","title":{"rendered":"Rila&#8217;daki Arnavut kald\u0131r\u0131ml\u0131 sokaktaki onar\u0131mlar sona eriyor"},"content":{"rendered":"\n<p class=\"wp-block-paragraph\">Belediye, Rila kasabas\u0131n\u0131n eski Babinska Mahala semtindeki Arnavut kald\u0131r\u0131ml\u0131 Manastirska Caddesi&#8217;ndeki onar\u0131mlar\u0131n tamamlanmak \u00fczere oldu\u011funu s\u00f6yledi.&nbsp;Asfalt d\u00f6\u015fenmemesi veya \u00f6zg\u00fcn g\u00f6r\u00fcn\u00fcm\u00fcn\u00fc bozacak bord\u00fcrlerin d\u00f6\u015fenmemesi i\u00e7in projede zaman\u0131nda d\u00fczenlemeler yap\u0131lm\u0131\u015ft\u0131r.&nbsp;<\/p>\n\n\n\n<p class=\"wp-block-paragraph\">Manastirska Caddesi yakla\u015f\u0131k 1 km uzunlu\u011funda, dar ve Arnavut kald\u0131r\u0131ml\u0131.\u00a0\u00dczerinde birka\u00e7 park yeri var.\u00a0Bu da kentte asfalt\u0131n d\u00f6\u015fenece\u011fi, bord\u00fcrlerin \u00e7ekilece\u011fi ve bu durumun \u00f6zg\u00fcn g\u00f6r\u00fcn\u00fcm\u00fcn\u00fc de\u011fi\u015ftirecek ve bozacak endi\u015fesine neden oldu.\u00a0<\/p>\n\n\n\n<p class=\"wp-block-paragraph\"><\/p>\n\n\n\n<p class=\"wp-block-paragraph\">BG Haber<\/p>\n<div id=\"bghab-1450138674\" class=\"bghab-yazi-altinda bghab-entity-placement\"><script async src=\"https:\/\/pagead2.googlesyndication.com\/pagead\/js\/adsbygoogle.js\"><\/script>\r\n<!-- bghaber-yaz\u0131-sonu -->\r\n<ins class=\"adsbygoogle\"\r\n     style=\"display:block\"\r\n     data-ad-client=\"ca-pub-6203283170189293\"\r\n     data-ad-slot=\"4222328180\"\r\n     data-ad-format=\"auto\"\r\n     data-full-width-responsive=\"true\"><\/ins>\r\n<script>\r\n     (adsbygoogle = window.adsbygoogle || []).push({});\r\n<\/script><\/div><br style=\"clear: both; display: block; float: none;\"\/>","protected":false},"excerpt":{"rendered":"<p>Belediye, Rila kasabas\u0131n\u0131n eski Babinska Mahala semtindeki Arnavut kald\u0131r\u0131ml\u0131 Manastirska Caddesi&#8217;ndeki onar\u0131mlar\u0131n tamamlanmak \u00fczere oldu\u011funu s\u00f6yledi.&nbsp;Asfalt d\u00f6\u015fenmemesi veya \u00f6zg\u00fcn g\u00f6r\u00fcn\u00fcm\u00fcn\u00fc bozacak bord\u00fcrlerin d\u00f6\u015fenmemesi i\u00e7in projede<\/p>\n","protected":false},"author":29,"featured_media":57204,"comment_status":"closed","ping_status":"closed","sticky":false,"template":"","format":"standard","meta":{"advanced_seo_description":"","jetpack_seo_html_title":"","jetpack_seo_noindex":false,"jetpack_seo_schema_type":"","_jetpack_newsletter_access":"","_jetpack_dont_email_post_to_subs":false,"_jetpack_newsletter_tier_id":0,"_jetpack_memberships_contains_paywalled_content":false,"_jetpack_feature_clip_id":0,"_jetpack_memberships_contains_paid_content":false,"footnotes":"","jetpack_post_was_ever_published":false},"categories":[1,5],"tags":[3758,30,1170],"class_list":["post-57203","post","type-post","status-publish","format-standard","has-post-thumbnail","hentry","category-haberler","category-yasam","tag-arnavut-kaldirim","tag-bulgaristan","tag-rila"],"jetpack_sharing_enabled":true,"jetpack_likes_enabled":true,"jetpack-related-posts":[],"jetpack_shortlink":"https:\/\/wp.me\/pc2PfJ-eSD","jetpack_featured_media_url":"https:\/\/i0.wp.com\/www.bghaber.org\/bghaber\/wp-content\/uploads\/2022\/04\/Riladaki-Arnavut-kaldirimli-sokaktaki-onarimlar-sona-eriyor.jpg?fit=925%2C520&ssl=1","_links":{"self":[{"href":"https:\/\/www.bghaber.org\/bghaber\/wp-json\/wp\/v2\/posts\/57203","targetHints":{"allow":["GET"]}}],"collection":[{"href":"https:\/\/www.bghaber.org\/bghaber\/wp-json\/wp\/v2\/posts"}],"about":[{"href":"https:\/\/www.bghaber.org\/bghaber\/wp-json\/wp\/v2\/types\/post"}],"author":[{"embeddable":true,"href":"https:\/\/www.bghaber.org\/bghaber\/wp-json\/wp\/v2\/users\/29"}],"replies":[{"embeddable":true,"href":"https:\/\/www.bghaber.org\/bghaber\/wp-json\/wp\/v2\/comments?post=57203"}],"version-history":[{"count":0,"href":"https:\/\/www.bghaber.org\/bghaber\/wp-json\/wp\/v2\/posts\/57203\/revisions"}],"wp:featuredmedia":[{"embeddable":true,"href":"https:\/\/www.bghaber.org\/bghaber\/wp-json\/wp\/v2\/media\/57204"}],"wp:attachment":[{"href":"https:\/\/www.bghaber.org\/bghaber\/wp-json\/wp\/v2\/media?parent=57203"}],"wp:term":[{"taxonomy":"category","embeddable":true,"href":"https:\/\/www.bghaber.org\/bghaber\/wp-json\/wp\/v2\/categories?post=57203"},{"taxonomy":"post_tag","embeddable":true,"href":"https:\/\/www.bghaber.org\/bghaber\/wp-json\/wp\/v2\/tags?post=57203"}],"curies":[{"name":"wp","href":"https:\/\/api.w.org\/{rel}","templated":true}]}}