{"id":57200,"date":"2022-04-18T00:38:42","date_gmt":"2022-04-17T21:38:42","guid":{"rendered":"https:\/\/www.bghaber.org\/bghaber\/?p=57200"},"modified":"2022-04-18T00:38:45","modified_gmt":"2022-04-17T21:38:45","slug":"smolyan-pasmakli-bolgesinde-kar-yagiyor","status":"publish","type":"post","link":"https:\/\/www.bghaber.org\/bghaber\/smolyan-pasmakli-bolgesinde-kar-yagiyor\/","title":{"rendered":"Smolyan-Pa\u015fmakl\u0131 b\u00f6lgesinde kar ya\u011f\u0131yor"},"content":{"rendered":"\n<p class=\"wp-block-paragraph\">Smolyan b\u00f6lgesinin y\u00fcksek kesimlerine kar ya\u011f\u0131yor.&nbsp;Pamporovo ge\u00e7idinden ge\u00e7en kar \u00f6rt\u00fcs\u00fc yakla\u015f\u0131k iki santimetredir.&nbsp;Nikolay Uzunov ge\u00e7idinden ge\u00e7en yolcu Smolyan Radostina Chernokova&#8217;daki BNR muhabirinin \u00f6n\u00fcnde \u015fu uyar\u0131da bulundu:<\/p>\n\n\n\n<p class=\"wp-block-paragraph\">&#8220;Pamporovo ge\u00e7idinden kar ya\u011f\u0131yor ve zaten 1-2 cm olan kar \u00f6rt\u00fcs\u00fc birikiyor. Sakin ge\u00e7iyor ama \u00f6nlem al\u0131nmazsa sabaha kadar birikebilir.&#8221;<\/p>\n\n\n\n<p class=\"wp-block-paragraph\">Karayolu Altyap\u0131 Ajans\u0131, Trakya karayolunun Sofya istikametinde 40. kilometrede sollama \u015feridinde trafik kazas\u0131 nedeniyle s\u0131n\u0131rl\u0131 oldu\u011funu duyurdu.&nbsp;Trafik aktif bir \u015feritte y\u00fcr\u00fct\u00fcl\u00fcr ve Trafik Polisi taraf\u0131ndan d\u00fczenlenir.<\/p>\n\n\n\n<p class=\"wp-block-paragraph\">Karayolu Altyap\u0131 Kurumu, yo\u011fun kar ya\u011f\u0131\u015f\u0131 ve kar kald\u0131rma nedeniyle t\u00fcm ara\u00e7lar\u0131n Troyan Ge\u00e7idi&#8217;nden ge\u00e7i\u015finin ge\u00e7ici olarak k\u0131s\u0131tland\u0131\u011f\u0131n\u0131 duyurdu.\u00a0<\/p>\n\n\n\n<p class=\"wp-block-paragraph\"><\/p>\n\n\n\n<p class=\"wp-block-paragraph\">BG Haber<\/p><div id=\"bghab-1976043476\" class=\"bghab-icerik-icine bghab-entity-placement\"><script async src=\"\/\/pagead2.googlesyndication.com\/pagead\/js\/adsbygoogle.js?client=ca-pub-6203283170189293\" crossorigin=\"anonymous\"><\/script><ins class=\"adsbygoogle\" style=\"display:block; text-align:center;\" data-ad-client=\"ca-pub-6203283170189293\" \ndata-ad-slot=\"7303146466\" \ndata-ad-layout=\"in-article\"\ndata-ad-format=\"fluid\" data-full-width-responsive=\"true\"><\/ins>\n<script> \n(adsbygoogle = window.adsbygoogle || []).push({}); \n<\/script>\n<\/div>\n<div id=\"bghab-467679254\" class=\"bghab-yazi-altinda bghab-entity-placement\"><script async src=\"https:\/\/pagead2.googlesyndication.com\/pagead\/js\/adsbygoogle.js\"><\/script>\r\n<!-- bghaber-yaz\u0131-sonu -->\r\n<ins class=\"adsbygoogle\"\r\n     style=\"display:block\"\r\n     data-ad-client=\"ca-pub-6203283170189293\"\r\n     data-ad-slot=\"4222328180\"\r\n     data-ad-format=\"auto\"\r\n     data-full-width-responsive=\"true\"><\/ins>\r\n<script>\r\n     (adsbygoogle = window.adsbygoogle || []).push({});\r\n<\/script><\/div><br style=\"clear: both; display: block; float: none;\"\/>","protected":false},"excerpt":{"rendered":"<p>Smolyan b\u00f6lgesinin y\u00fcksek kesimlerine kar ya\u011f\u0131yor.&nbsp;Pamporovo ge\u00e7idinden ge\u00e7en kar \u00f6rt\u00fcs\u00fc yakla\u015f\u0131k iki santimetredir.&nbsp;Nikolay Uzunov ge\u00e7idinden ge\u00e7en yolcu Smolyan Radostina Chernokova&#8217;daki BNR muhabirinin \u00f6n\u00fcnde \u015fu uyar\u0131da<\/p>\n","protected":false},"author":29,"featured_media":57201,"comment_status":"closed","ping_status":"closed","sticky":false,"template":"","format":"standard","meta":{"advanced_seo_description":"","jetpack_seo_html_title":"","jetpack_seo_noindex":false,"jetpack_seo_schema_type":"","_jetpack_newsletter_access":"","_jetpack_dont_email_post_to_subs":false,"_jetpack_newsletter_tier_id":0,"_jetpack_memberships_contains_paywalled_content":false,"_jetpack_feature_clip_id":0,"_jetpack_memberships_contains_paid_content":false,"footnotes":"","jetpack_post_was_ever_published":false},"categories":[5],"tags":[30,2179,518,137],"class_list":["post-57200","post","type-post","status-publish","format-standard","has-post-thumbnail","hentry","category-yasam","tag-bulgaristan","tag-kar","tag-pasmakli","tag-smolyan"],"jetpack_sharing_enabled":true,"jetpack_likes_enabled":true,"jetpack-related-posts":[],"jetpack_shortlink":"https:\/\/wp.me\/pc2PfJ-eSA","jetpack_featured_media_url":"https:\/\/i0.wp.com\/www.bghaber.org\/bghaber\/wp-content\/uploads\/2022\/04\/Smolyan-Pasmakli-bolgesinde-kar-yagiyor.jpg?fit=925%2C520&ssl=1","_links":{"self":[{"href":"https:\/\/www.bghaber.org\/bghaber\/wp-json\/wp\/v2\/posts\/57200","targetHints":{"allow":["GET"]}}],"collection":[{"href":"https:\/\/www.bghaber.org\/bghaber\/wp-json\/wp\/v2\/posts"}],"about":[{"href":"https:\/\/www.bghaber.org\/bghaber\/wp-json\/wp\/v2\/types\/post"}],"author":[{"embeddable":true,"href":"https:\/\/www.bghaber.org\/bghaber\/wp-json\/wp\/v2\/users\/29"}],"replies":[{"embeddable":true,"href":"https:\/\/www.bghaber.org\/bghaber\/wp-json\/wp\/v2\/comments?post=57200"}],"version-history":[{"count":0,"href":"https:\/\/www.bghaber.org\/bghaber\/wp-json\/wp\/v2\/posts\/57200\/revisions"}],"wp:featuredmedia":[{"embeddable":true,"href":"https:\/\/www.bghaber.org\/bghaber\/wp-json\/wp\/v2\/media\/57201"}],"wp:attachment":[{"href":"https:\/\/www.bghaber.org\/bghaber\/wp-json\/wp\/v2\/media?parent=57200"}],"wp:term":[{"taxonomy":"category","embeddable":true,"href":"https:\/\/www.bghaber.org\/bghaber\/wp-json\/wp\/v2\/categories?post=57200"},{"taxonomy":"post_tag","embeddable":true,"href":"https:\/\/www.bghaber.org\/bghaber\/wp-json\/wp\/v2\/tags?post=57200"}],"curies":[{"name":"wp","href":"https:\/\/api.w.org\/{rel}","templated":true}]}}