{"id":57139,"date":"2022-04-16T12:54:08","date_gmt":"2022-04-16T09:54:08","guid":{"rendered":"https:\/\/www.bghaber.org\/bghaber\/?p=57139"},"modified":"2022-04-17T21:59:23","modified_gmt":"2022-04-17T18:59:23","slug":"koalisyon-hukumetinde-gittikce-daha-sik-sarsintilar-olacak","status":"publish","type":"post","link":"https:\/\/www.bghaber.org\/bghaber\/koalisyon-hukumetinde-gittikce-daha-sik-sarsintilar-olacak\/","title":{"rendered":"Koalisyon h\u00fck\u00fcmetinde gittik\u00e7e daha s\u0131k sars\u0131nt\u0131lar olacak"},"content":{"rendered":"<p>Bir dizi \u00f6nemli konudaki g\u00f6r\u00fc\u015fleri birbirinden \u00e7ok farkl\u0131, hatta z\u0131t olan d\u00f6rt partiyi karma\u015f\u0131k bir yap\u0131da birle\u015ftiren iktidar \u00e7o\u011funlu\u011fu, hem i\u00e7 hem d\u0131\u015f siyaset plan\u0131nda ya\u015fanan bir dizi kriz ortam\u0131nda \u00e7al\u0131\u015f\u0131rken devletin ba\u015f\u0131nda oldu\u011fu ilk 100 g\u00fcnde tahamm\u00fcl l\u00fcks\u00fcne de hi\u00e7 mi hi\u00e7 sahip olmad\u0131.<\/p>\n<p>Buna icra erki ile savc\u0131l\u0131k aras\u0131nda yakla\u015f\u0131k bir y\u0131ld\u0131r s\u00fcren ihtilaf\u0131 ve Cumhurba\u015fkan\u0131 Rumen Radev ile baz\u0131 konulardaki anla\u015fmazl\u0131klar\u0131 ilave edecek olursak h\u00fck\u00fcmetin varl\u0131\u011f\u0131n\u0131 s\u00fcrd\u00fcrmesi amac\u0131n\u0131n ne kadar zor oldu\u011fu ortadad\u0131r.<\/p>\n<p>Konuyu BNR&#8217;ye yorumlayan politolog Svetlin Tachev, &#8220;D\u00f6rt iktidar partisi aras\u0131ndaki koalisyon GERB kar\u015f\u0131t\u0131 konsolidasyon baz\u0131nda olu\u015fturuldu, fakat toplumdaki tutumlar\u0131n ziyadesi ile de\u011fi\u015fken olmas\u0131 zorluk olu\u015fturuyor&#8221; dedi ve \u015f\u00f6yle devam etti:<\/p>\n<div class=\"imgwrapper\"><img data-recalc-dims=\"1\" decoding=\"async\" src=\"https:\/\/i0.wp.com\/static.bnr.bg\/gallery\/cr\/7d01170c78e4a0019d0db242328490ad.jpg?w=640\" alt=\"Svetlin Tachev\" data-loaded=\"true\" \/><\/p>\n<div class=\"photo_info\">\n<div class=\"text\">Svetlin Tachev<\/div>\n<\/div>\n<\/div>\n<p>\u201eUkrayna sava\u015f\u0131 bize yanl\u0131 ve kar\u015f\u0131t \u015feklindeki b\u00f6l\u00fcnmeyi hat\u0131rlatt\u0131. Bu b\u00f6l\u00fcnme a\u00e7\u0131s\u0131ndan h\u00fck\u00fcmet konforlu olmayan durumda, \u00e7\u00fcnk\u00fc bir yandan Bulgaristan&#8217;\u0131n Ukrayna&#8217;ya askeri destek g\u00f6ndermesi durumunda koalisyondan ayr\u0131laca\u011f\u0131n\u0131 bildiren BSP, di\u011fer yandan ise Demokratik Bulgaristan gibi Avro Atlantik e\u011fimli siyaset\u00e7iler var. Bu y\u00fczden Ukrayna sava\u015f\u0131 ile ilgili t\u00fcm kararlar, yerinde say\u0131yor.<\/p><div id=\"bghab-712087494\" class=\"bghab-icerik-icine bghab-entity-placement\"><script async src=\"\/\/pagead2.googlesyndication.com\/pagead\/js\/adsbygoogle.js?client=ca-pub-6203283170189293\" crossorigin=\"anonymous\"><\/script><ins class=\"adsbygoogle\" style=\"display:block; text-align:center;\" data-ad-client=\"ca-pub-6203283170189293\" \ndata-ad-slot=\"7303146466\" \ndata-ad-layout=\"in-article\"\ndata-ad-format=\"fluid\" data-full-width-responsive=\"true\"><\/ins>\n<script> \n(adsbygoogle = window.adsbygoogle || []).push({}); \n<\/script>\n<\/div>\n<p>\u201eKoalisyon i\u00e7inde kabinenin istikrar\u0131n\u0131 etkileme potansiyelinden yoksun daha k\u00fc\u00e7\u00fck \u00e7at\u0131\u015fmalar da var. \u00d6rne\u011fin Bulgaristan Merkez Bankas\u0131 BNB Ba\u015fkan\u0131 se\u00e7imi ile ilgili ihtilaflar. Bu sorunun \u00e7\u00f6z\u00fcme ba\u011flanmas\u0131n\u0131n yolu bulunacak, \u00e7\u00fcnk\u00fc bu konunun kabinenin d\u00fc\u015fmesine yol a\u00e7mas\u0131, b\u00fcy\u00fck bir hata olur. \u0130\u00e7 ve d\u0131\u015f politika bak\u0131m\u0131ndan b\u00f6ylesine karma\u015f\u0131k olan bir anda koalisyonun da\u011f\u0131lmas\u0131n\u0131n se\u00e7imler taraf\u0131ndan affedilece\u011finden emin de\u011filim&#8221;.<\/p>\n<p>Politoloji uzman\u0131 Strahil Deliyski ise h\u00fck\u00fcmetin ortak politikalar olu\u015fturma ba\u015far\u0131s\u0131z\u0131l\u0131\u011f\u0131n\u0131n koalisyon ortaklar\u0131 aras\u0131ndaki \u00e7eli\u015fkilerin artaca\u011f\u0131na\u00a0i\u015faret etti\u011fini belirtirken siyaset tablosunun di\u011fer bir \u00f6nemli detay\u0131na dikkat \u00e7ekti:<\/p>\n<div class=\"imgwrapper\"><img data-recalc-dims=\"1\" decoding=\"async\" src=\"https:\/\/i0.wp.com\/static.bnr.bg\/gallery\/cr\/b8909f3aa1be617fd059591e69068fab.jpg?w=640\" alt=\"Strahil Deliyski\" data-loaded=\"true\" \/><\/p>\n<div class=\"photo_info\">\n<div class=\"text\">Strahil Deliyski<\/div>\n<\/div>\n<\/div>\n<p>\u201eParlamenter demokrasinin partiler \u00fczerinden tecelli etmesi fikri, i\u00e7erikten yoksun kald\u0131. Ne &#8220;Prodaljavame Promyanata&#8221; ne gibi sosyal ve toplumsal menfaatlerin savunuldu\u011fu belli olan bir partidir, ne de &#8220;\u0130ma Takav Narod&#8221; olu\u015fumunun bir fark\u0131 vard\u0131r. BSP&#8217;de ise her \u015fey liderin ki\u015fisel politika g\u00f6r\u00fc\u015fleri etraf\u0131nda d\u00f6n\u00fcyor&#8221;.<\/p>\n<p>Ortaklar\u0131n Ukrayna sava\u015f\u0131 ve Kuzey Makedonya&#8217;n\u0131n AB \u00fcyelik m\u00fczakerelerine uygulanan veto gibi \u00f6nemli d\u0131\u015f politika konular\u0131na ili\u015fkin tutumlar\u0131na gelince yine iki ayr\u0131 u\u00e7ta bulunan duygu y\u00fckl\u00fc g\u00f6r\u00fc\u015flerinin olmas\u0131, ortak karar ve eylemler gerekirken iyi de\u011fil.<\/p>\n<div class=\"imgwrapper\"><img data-recalc-dims=\"1\" decoding=\"async\" src=\"https:\/\/i0.wp.com\/static.bnr.bg\/gallery\/cr\/1fb38055c0ec364a03174bc036113626.png?w=640\" alt=\"Tatyana Burudjieva\" data-loaded=\"true\" \/><\/p>\n<div class=\"photo_info\">\n<div class=\"text\">Tatyana Burudjieva<\/div>\n<\/div>\n<\/div>\n<p>\u201eKuzey Makedonya gibi durumlarda farkl\u0131 kararlar\u0131n olmas\u0131 ve bunun krize \u00e7\u00f6z\u00fcm getirilmesine yol a\u00e7aca\u011f\u0131n\u0131 beklememiz imkans\u0131z&#8221; diyen politolog Tatyana Burudjieva, \u015f\u00f6yle devam etti: Ba\u015fbakan Bulgaristan&#8217;\u0131n Avrupal\u0131 ortaklar\u0131 \u00f6n\u00fcndeki pozisyonunu iyile\u015ftirmeyi ba\u015fard\u0131, fakat devam\u0131nda hi\u00e7bir somutla\u015fma gelmedi. Ger\u00e7ek \u015fudur ki ekonomik ili\u015fkiler nefret s\u00f6ylemi, Bulgar kimli\u011fini \u00e7\u00fcr\u00fctme giri\u015fimleri, Bulgar \u00f6zbilincinden vazge\u00e7irme denemeleri ve saire demokratik olmayan y\u00f6ntemler gibi problemleri \u00e7\u00f6zemez. Bunlar\u0131n a\u015fikar bir \u00f6rne\u011fi, Kuzey Makedonya&#8217;da yap\u0131lan ve \u00fclkede sadece 3504 Bulgar&#8217;\u0131n ya\u015fad\u0131\u011f\u0131n\u0131 g\u00f6steren say\u0131m sonu\u00e7lar\u0131 oldu&#8221; dedi Burudjieva.<\/p>\n<p>&nbsp;<\/p>\n<div id=\"bghab-29115885\" class=\"bghab-yazi-altinda bghab-entity-placement\"><script async src=\"https:\/\/pagead2.googlesyndication.com\/pagead\/js\/adsbygoogle.js\"><\/script>\r\n<!-- bghaber-yaz\u0131-sonu -->\r\n<ins class=\"adsbygoogle\"\r\n     style=\"display:block\"\r\n     data-ad-client=\"ca-pub-6203283170189293\"\r\n     data-ad-slot=\"4222328180\"\r\n     data-ad-format=\"auto\"\r\n     data-full-width-responsive=\"true\"><\/ins>\r\n<script>\r\n     (adsbygoogle = window.adsbygoogle || []).push({});\r\n<\/script><\/div><br style=\"clear: both; display: block; float: none;\"\/>","protected":false},"excerpt":{"rendered":"<p>Bir dizi \u00f6nemli konudaki g\u00f6r\u00fc\u015fleri birbirinden \u00e7ok farkl\u0131, hatta z\u0131t olan d\u00f6rt partiyi karma\u015f\u0131k bir yap\u0131da birle\u015ftiren iktidar \u00e7o\u011funlu\u011fu, hem i\u00e7 hem d\u0131\u015f siyaset plan\u0131nda<\/p>\n","protected":false},"author":13,"featured_media":57140,"comment_status":"closed","ping_status":"closed","sticky":false,"template":"","format":"standard","meta":{"advanced_seo_description":"","jetpack_seo_html_title":"","jetpack_seo_noindex":false,"jetpack_seo_schema_type":"","_jetpack_newsletter_access":"","_jetpack_dont_email_post_to_subs":false,"_jetpack_newsletter_tier_id":0,"_jetpack_memberships_contains_paywalled_content":false,"_jetpack_feature_clip_id":0,"_jetpack_memberships_contains_paid_content":false,"footnotes":"","jetpack_post_was_ever_published":false},"categories":[1,4],"tags":[],"class_list":["post-57139","post","type-post","status-publish","format-standard","has-post-thumbnail","hentry","category-haberler","category-siyaset"],"jetpack_sharing_enabled":true,"jetpack_likes_enabled":true,"jetpack-related-posts":[],"jetpack_shortlink":"https:\/\/wp.me\/pc2PfJ-eRB","jetpack_featured_media_url":"https:\/\/i0.wp.com\/www.bghaber.org\/bghaber\/wp-content\/uploads\/2022\/04\/bg-hukumett.jpg?fit=925%2C520&ssl=1","_links":{"self":[{"href":"https:\/\/www.bghaber.org\/bghaber\/wp-json\/wp\/v2\/posts\/57139","targetHints":{"allow":["GET"]}}],"collection":[{"href":"https:\/\/www.bghaber.org\/bghaber\/wp-json\/wp\/v2\/posts"}],"about":[{"href":"https:\/\/www.bghaber.org\/bghaber\/wp-json\/wp\/v2\/types\/post"}],"author":[{"embeddable":true,"href":"https:\/\/www.bghaber.org\/bghaber\/wp-json\/wp\/v2\/users\/13"}],"replies":[{"embeddable":true,"href":"https:\/\/www.bghaber.org\/bghaber\/wp-json\/wp\/v2\/comments?post=57139"}],"version-history":[{"count":0,"href":"https:\/\/www.bghaber.org\/bghaber\/wp-json\/wp\/v2\/posts\/57139\/revisions"}],"wp:featuredmedia":[{"embeddable":true,"href":"https:\/\/www.bghaber.org\/bghaber\/wp-json\/wp\/v2\/media\/57140"}],"wp:attachment":[{"href":"https:\/\/www.bghaber.org\/bghaber\/wp-json\/wp\/v2\/media?parent=57139"}],"wp:term":[{"taxonomy":"category","embeddable":true,"href":"https:\/\/www.bghaber.org\/bghaber\/wp-json\/wp\/v2\/categories?post=57139"},{"taxonomy":"post_tag","embeddable":true,"href":"https:\/\/www.bghaber.org\/bghaber\/wp-json\/wp\/v2\/tags?post=57139"}],"curies":[{"name":"wp","href":"https:\/\/api.w.org\/{rel}","templated":true}]}}