{"id":57136,"date":"2022-04-16T12:52:16","date_gmt":"2022-04-16T09:52:16","guid":{"rendered":"https:\/\/www.bghaber.org\/bghaber\/?p=57136"},"modified":"2022-04-17T21:59:31","modified_gmt":"2022-04-17T18:59:31","slug":"prodaljavame-promyanata-parti-oluyor","status":"publish","type":"post","link":"https:\/\/www.bghaber.org\/bghaber\/prodaljavame-promyanata-parti-oluyor\/","title":{"rendered":"&#8220;Prodaljavame Promyanata&#8221; parti oluyor"},"content":{"rendered":"<p>\u0130ktidar olduktan 4 ay sonra &#8220;<b>Prodaljavame Promyanata&#8221; parti oluyor<\/b>. 15 Nisan&#8217;da Plovdiv&#8217;te kurulacak partinin\u00a0<b>e\u015f ba\u015fkanlar\u0131 g\u00f6revine Ba\u015fbakan Kiril Petkov ve Ba\u015fbakan Yard\u0131mc\u0131s\u0131 Asen Vasilev&#8217;in se\u00e7ilmeleri ve vekillerinin olmamas\u0131 bekleniyor<\/b>.<\/p>\n<p><b>Parti faaliyetinin esas b\u00f6l\u00fcm\u00fc Internet \u00fczerinden y\u00fcr\u00fct\u00fclecek<\/b>. Partilerin b\u00fcy\u00fck bir b\u00f6l\u00fcm\u00fc sanal olacak, aralar\u0131ndaki ileti\u015fim ve parti tart\u0131\u015fmalar\u0131 bulut \u00fczerinden ger\u00e7ekle\u015fecek.<\/p>\n<p>Ayr\u0131 ayr\u0131 yerlerde\u00a0<b>b\u00f6lge b\u00fcrolar\u0131 ve koordinat\u00f6rler\u00a0<\/b>olacak<b>.<\/b><\/p>\n<p>Kurulu\u015f toplant\u0131s\u0131, Cuma g\u00fcn\u00fc saat 17.00&#8217;de ba\u015flayacak.<\/p>\n<p>16 Nisan sabah\u0131 Ba\u015fbakan Petkov, u\u00e7akla\u00a0<b>Bitolya<\/b>&#8216;ya gidecek. Orada Petkov ve Cumhurba\u015fkan\u0131 Yard\u0131mc\u0131s\u0131 \u0130liyana Yotova, &#8220;\u0130van Mihaylov&#8221;\u00a0<b>Bulgar K\u00fclt\u00fcr Merkezi<\/b>\u00a0ofisinin a\u00e7\u0131l\u0131\u015f\u0131n\u0131 yapacaklar.<\/p><div id=\"bghab-3359560040\" class=\"bghab-icerik-icine bghab-entity-placement\"><script async src=\"\/\/pagead2.googlesyndication.com\/pagead\/js\/adsbygoogle.js?client=ca-pub-6203283170189293\" crossorigin=\"anonymous\"><\/script><ins class=\"adsbygoogle\" style=\"display:block; text-align:center;\" data-ad-client=\"ca-pub-6203283170189293\" \ndata-ad-slot=\"7303146466\" \ndata-ad-layout=\"in-article\"\ndata-ad-format=\"fluid\" data-full-width-responsive=\"true\"><\/ins>\n<script> \n(adsbygoogle = window.adsbygoogle || []).push({}); \n<\/script>\n<\/div>\n<div id=\"bghab-81240916\" class=\"bghab-yazi-altinda bghab-entity-placement\"><script async src=\"https:\/\/pagead2.googlesyndication.com\/pagead\/js\/adsbygoogle.js\"><\/script>\r\n<!-- bghaber-yaz\u0131-sonu -->\r\n<ins class=\"adsbygoogle\"\r\n     style=\"display:block\"\r\n     data-ad-client=\"ca-pub-6203283170189293\"\r\n     data-ad-slot=\"4222328180\"\r\n     data-ad-format=\"auto\"\r\n     data-full-width-responsive=\"true\"><\/ins>\r\n<script>\r\n     (adsbygoogle = window.adsbygoogle || []).push({});\r\n<\/script><\/div><br style=\"clear: both; display: block; float: none;\"\/>","protected":false},"excerpt":{"rendered":"<p>\u0130ktidar olduktan 4 ay sonra &#8220;Prodaljavame Promyanata&#8221; parti oluyor. 15 Nisan&#8217;da Plovdiv&#8217;te kurulacak partinin\u00a0e\u015f ba\u015fkanlar\u0131 g\u00f6revine Ba\u015fbakan Kiril Petkov ve Ba\u015fbakan Yard\u0131mc\u0131s\u0131 Asen Vasilev&#8217;in se\u00e7ilmeleri<\/p>\n","protected":false},"author":13,"featured_media":57137,"comment_status":"closed","ping_status":"closed","sticky":false,"template":"","format":"standard","meta":{"advanced_seo_description":"","jetpack_seo_html_title":"","jetpack_seo_noindex":false,"jetpack_seo_schema_type":"","_jetpack_newsletter_access":"","_jetpack_dont_email_post_to_subs":false,"_jetpack_newsletter_tier_id":0,"_jetpack_memberships_contains_paywalled_content":false,"_jetpack_feature_clip_id":0,"_jetpack_memberships_contains_paid_content":false,"footnotes":"","jetpack_post_was_ever_published":false},"categories":[1,4],"tags":[],"class_list":["post-57136","post","type-post","status-publish","format-standard","has-post-thumbnail","hentry","category-haberler","category-siyaset"],"jetpack_sharing_enabled":true,"jetpack_likes_enabled":true,"jetpack-related-posts":[],"jetpack_shortlink":"https:\/\/wp.me\/pc2PfJ-eRy","jetpack_featured_media_url":"https:\/\/i0.wp.com\/www.bghaber.org\/bghaber\/wp-content\/uploads\/2022\/04\/PP-bgparti.png?fit=925%2C520&ssl=1","_links":{"self":[{"href":"https:\/\/www.bghaber.org\/bghaber\/wp-json\/wp\/v2\/posts\/57136","targetHints":{"allow":["GET"]}}],"collection":[{"href":"https:\/\/www.bghaber.org\/bghaber\/wp-json\/wp\/v2\/posts"}],"about":[{"href":"https:\/\/www.bghaber.org\/bghaber\/wp-json\/wp\/v2\/types\/post"}],"author":[{"embeddable":true,"href":"https:\/\/www.bghaber.org\/bghaber\/wp-json\/wp\/v2\/users\/13"}],"replies":[{"embeddable":true,"href":"https:\/\/www.bghaber.org\/bghaber\/wp-json\/wp\/v2\/comments?post=57136"}],"version-history":[{"count":0,"href":"https:\/\/www.bghaber.org\/bghaber\/wp-json\/wp\/v2\/posts\/57136\/revisions"}],"wp:featuredmedia":[{"embeddable":true,"href":"https:\/\/www.bghaber.org\/bghaber\/wp-json\/wp\/v2\/media\/57137"}],"wp:attachment":[{"href":"https:\/\/www.bghaber.org\/bghaber\/wp-json\/wp\/v2\/media?parent=57136"}],"wp:term":[{"taxonomy":"category","embeddable":true,"href":"https:\/\/www.bghaber.org\/bghaber\/wp-json\/wp\/v2\/categories?post=57136"},{"taxonomy":"post_tag","embeddable":true,"href":"https:\/\/www.bghaber.org\/bghaber\/wp-json\/wp\/v2\/tags?post=57136"}],"curies":[{"name":"wp","href":"https:\/\/api.w.org\/{rel}","templated":true}]}}