{"id":57134,"date":"2022-04-16T12:50:47","date_gmt":"2022-04-16T09:50:47","guid":{"rendered":"https:\/\/www.bghaber.org\/bghaber\/?p=57134"},"modified":"2022-04-16T12:50:47","modified_gmt":"2022-04-16T09:50:47","slug":"boyko-borisovun-gozaltina-alinmasi-gosteris-operasyonu-mu-yoksa-ulkedeki-yolsuzluga-karsi-mucadelede-bir-adim-mi","status":"publish","type":"post","link":"https:\/\/www.bghaber.org\/bghaber\/boyko-borisovun-gozaltina-alinmasi-gosteris-operasyonu-mu-yoksa-ulkedeki-yolsuzluga-karsi-mucadelede-bir-adim-mi\/","title":{"rendered":"Boyko Borisov\u2019un g\u00f6zalt\u0131na al\u0131nmas\u0131 \u201cg\u00f6steri\u015f operasyonu\u201d mu yoksa \u00fclkedeki yolsuzlu\u011fa kar\u015f\u0131 m\u00fccadelede bir ad\u0131m m\u0131?"},"content":{"rendered":"<p>Eski ba\u015fbakan Boyko Borisov, Borisov\u2019un son h\u00fck\u00fcmetinde maliye bakan\u0131 olan Vladislav Goranov ve Borisov h\u00fck\u00fcmetinin halkla ili\u015fkiler dairesi ba\u015fkan\u0131 Sevdalina Arnaudova\u2019n\u0131n 17 Mart\u2019ta 24 saatli\u011fine g\u00f6zalt\u0131na al\u0131nmalar\u0131 Bulgaristan\u2019da g\u00fcndemin i\u00e7 siyasi konusu, Savc\u0131l\u0131k ve \u0130\u00e7i\u015fleri Bakanl\u0131\u011f\u0131 aras\u0131nda kar\u015f\u0131l\u0131kl\u0131 su\u00e7lamalar ise devam ediyor.<\/p>\n<p>&nbsp;<\/p>\n<ul>\n<li><a href=\"https:\/\/bnr.bg\/tr\/post\/101617654\/eski-basbakan-boyko-borisov-gozaltina-alindi\" target=\"_blank\" rel=\"noopener\">Eski Ba\u015fbakan Boyko Borisov g\u00f6zalt\u0131na al\u0131nd\u0131<\/a><\/li>\n<\/ul>\n<p>Ancak \u201cProd\u0131ljavame Promyanata\u201d partisinin y\u00f6netimde lider pozisyonu kazand\u0131\u011f\u0131 \u201cyolsuzlu\u011fa kar\u015f\u0131 s\u0131f\u0131r tolerans\u201d s\u00f6z\u00fcn\u00fc tutma y\u00f6n\u00fcnde ad\u0131mlar att\u0131\u011f\u0131n\u0131 kan\u0131tlay\u0131p kan\u0131tlamayaca\u011f\u0131n\u0131 zaman g\u00f6sterecek.<\/p>\n<p>\u201cNovetica\u201d sitesine verdi\u011fi s\u00f6yle\u015fide avukat L\u00fcbomir Talev, Borisov, Goranov ve Arnaudova\u2019n\u0131n g\u00f6z alt\u0131na al\u0131nmas\u0131n\u0131 \u201chukuksuzlu\u011fun, \u00e7aresizli\u011fin ve de\u011fi\u015fimin zaferi\u201d olarak nitelendirerek \u015f\u00f6yle dedi: \u201cHukuksuzluk \u00e7\u00fcnk\u00fc topluma bir insan\u0131n acilen g\u00f6z alt\u0131na al\u0131nmas\u0131n\u0131 gerektirecek kan\u0131t ve sebep sunulmad\u0131. De\u011fi\u015fimin zaferi, \u00e7\u00fcnk\u00fc s\u00f6z\u00fcm ona \u201cprotesto partileri\u201d iktidara hukuk ve yarg\u0131 reformu, yasalar\u0131n \u00fcst\u00fcnl\u00fc\u011f\u00fc, hukuk devletinin sa\u011flamla\u015fmas\u0131, yarg\u0131 sisteminin ba\u011f\u0131ms\u0131zl\u0131\u011f\u0131n\u0131n garantilenmesi s\u00f6z\u00fc vererek geldiler. Ayn\u0131 zamanda tam tersini g\u00f6r\u00fcyoruz.\u201d<\/p>\n<p>BNR\u2019ye verdi\u011fi s\u00f6yle\u015fide GERB partisinden milletvekili Dani Kanazireva, Borisov\u2019un g\u00f6z alt\u0131na al\u0131nmas\u0131n\u0131n Ba\u015fbakan Kiril Petkov taraf\u0131ndan \u201csipari\u015f edildi\u011finden\u201d \u015f\u00fcphelendi\u011fini s\u00f6yledi.<\/p>\n<p>\u201cDemokratik Bulgaristan\u201d partisinin parlamento grubu ba\u015fkan\u0131 Hristo \u0130vanov, polis yetkililerinin bu hareketlerinin olmas\u0131 gerekti\u011fini, \u00e7\u00fcnk\u00fc di\u011fer g\u00f6z alt\u0131na al\u0131nanlar ve \u201cBoyko Borisov\u2019a y\u00f6nelik \u00e7ok say\u0131da soru oldu\u011funu\u201d belirtti.<\/p><div id=\"bghab-3243840245\" class=\"bghab-icerik-icine bghab-entity-placement\"><script async src=\"\/\/pagead2.googlesyndication.com\/pagead\/js\/adsbygoogle.js?client=ca-pub-6203283170189293\" crossorigin=\"anonymous\"><\/script><ins class=\"adsbygoogle\" style=\"display:block; text-align:center;\" data-ad-client=\"ca-pub-6203283170189293\" \ndata-ad-slot=\"7303146466\" \ndata-ad-layout=\"in-article\"\ndata-ad-format=\"fluid\" data-full-width-responsive=\"true\"><\/ins>\n<script> \n(adsbygoogle = window.adsbygoogle || []).push({}); \n<\/script>\n<\/div>\n<p>Politolog Strahil Deliyski ise, eski iktidar partisi ve \u015fu anda en b\u00fcy\u00fck muhalefet g\u00fcc\u00fc olan GERB\u2019in bu olanlar\u0131 \u201ck\u00f6t\u00fc devlet ve iyi Borisov\u201d aras\u0131ndaki m\u00fccadele olarak sergilemeye kalk\u0131\u015fmalar\u0131n\u0131n ba\u015far\u0131 ile sonu\u00e7lanmas\u0131n\u0131n \u015f\u00fcpheli oldu\u011funu belirterek \u015funlar\u0131 s\u00f6yledi:<\/p>\n<p><img data-recalc-dims=\"1\" decoding=\"async\" src=\"https:\/\/i0.wp.com\/static.bnr.bg\/gallery\/cr\/5f4db293987efd9c7d65f2f577811804.jpg?w=640\" alt=\"\" data-loaded=\"true\" \/><\/p>\n<p>\u201cKesinlikle partideki birli\u011fi sa\u011flay\u0131c\u0131 bir te\u015fvik olarak etki edecek. Bundan sadece bir hafta \u00f6nce, GERB partisinin kongresinde \u201cGERB Borisov\u2019tur ve Borisov da GERB\u2019tir\u201d dendi. Kendisine y\u00f6nelik bir tehlike oldu\u011funda her topluluk b\u00f6yle tepki verir. Ancak partinin b\u00fcy\u00fcmesi m\u00fcmk\u00fcn de\u011fil, \u00e7\u00fcnk\u00fc onlar\u0131 canl\u0131 tutan \u015fey Borisov, ancak ayn\u0131 zamanda dinamik bir politik ortamda geli\u015fmeleri i\u00e7in de engel oluyor.\u201d<\/p>\n<p>BNR Plovdiv\u2019e verdi\u011fi s\u00f6yle\u015fide politolog Strahil Deliyski, bu g\u00f6z alt\u0131 operasyonun iktidar koalisyonuna y\u00f6nelik birlik sa\u011flay\u0131c\u0131 bir k\u00fc\u00e7\u00fck etkisinin de oldu\u011funu s\u00f6yledi.<\/p>\n<p>\u0130\u00e7i\u015fleri Bakanl\u0131\u011f\u0131\u2019n\u0131n hareketlerini yorumlayan siyaset bilimci Dimit\u0131r Ganev, \u201cBundan ne kazand\u0131lar g\u00f6remiyorum, sadece bir kez daha biz iyileriz, savc\u0131l\u0131k kt\u00f6t\u00fc\u201d dediler, diye belirtti ve \u015f\u00f6yle devam etti:<\/p>\n<p><a href=\"https:\/\/bnr.bg\/tr\/post\/101618302\" target=\"_blank\" rel=\"noopener\">Borisov, Goranov ve Arnaudova serbest b\u0131rak\u0131ld\u0131<\/a><\/p><div id=\"bghab-1869979263\" class=\"bghab-icerik-icine-10-paragraf bghab-entity-placement\"><script async src=\"\/\/pagead2.googlesyndication.com\/pagead\/js\/adsbygoogle.js?client=ca-pub-6203283170189293\" crossorigin=\"anonymous\"><\/script><ins class=\"adsbygoogle\" style=\"display:block; text-align:center;\" data-ad-client=\"ca-pub-6203283170189293\" \ndata-ad-slot=\"7303146466\" \ndata-ad-layout=\"in-article\"\ndata-ad-format=\"fluid\" data-full-width-responsive=\"true\"><\/ins>\n<script> \n(adsbygoogle = window.adsbygoogle || []).push({}); \n<\/script>\n<\/div>\n<p>\u201cB\u00f6yle bir \u015feye kalk\u0131\u015fmak i\u00e7in, hele ki \u201caciliyet durumu\u201d ile b\u00f6yle bir \u015feye kalk\u0131\u015fmak i\u00e7in, reddedilemez kan\u0131tlar\u0131n olmal\u0131. 24 saatin ge\u00e7mesinin ard\u0131ndan meydana gelen siyasi etki GERB ve Borisov\u2019un \u201ck\u0131smi rehabilitasyonunun\u201d ger\u00e7eklenmesinin sa\u011flanmas\u0131 oldu. \u0130ktidardakiler ne d\u00fc\u015f\u00fcnd\u00fcler bilmiyorum, ancak bu yap\u0131lan\u0131n bumerang gibi geri d\u00f6nme g\u00fcc\u00fc var.\u201d<\/p>\n<p><img data-recalc-dims=\"1\" decoding=\"async\" src=\"https:\/\/i0.wp.com\/static.bnr.bg\/gallery\/cr\/c5fccde32c2f373247dc087d8104503a.jpg?w=640\" alt=\"\" data-loaded=\"true\" \/><\/p>\n<p>Ba\u015fbakan Yard\u0131mc\u0131s\u0131 ve Maliye Bakan\u0131 Asen Vasilev\u2019e g\u00f6re, su\u00e7lama yap\u0131lmadan Boyko Borisov ve Vladislav Goranov\u2019un g\u00f6z alt\u0131ndan \u00e7\u0131kmas\u0131 \u201csavc\u0131l\u0131\u011f\u0131n ba\u015far\u0131s\u0131zl\u0131\u011f\u0131, h\u00fck\u00fcmetin de\u011fil\u201d.<\/p>\n<div id=\"bghab-220012817\" class=\"bghab-yazi-altinda bghab-entity-placement\"><script async src=\"https:\/\/pagead2.googlesyndication.com\/pagead\/js\/adsbygoogle.js\"><\/script>\r\n<!-- bghaber-yaz\u0131-sonu -->\r\n<ins class=\"adsbygoogle\"\r\n     style=\"display:block\"\r\n     data-ad-client=\"ca-pub-6203283170189293\"\r\n     data-ad-slot=\"4222328180\"\r\n     data-ad-format=\"auto\"\r\n     data-full-width-responsive=\"true\"><\/ins>\r\n<script>\r\n     (adsbygoogle = window.adsbygoogle || []).push({});\r\n<\/script><\/div><br style=\"clear: both; display: block; float: none;\"\/>","protected":false},"excerpt":{"rendered":"<p>Eski ba\u015fbakan Boyko Borisov, Borisov\u2019un son h\u00fck\u00fcmetinde maliye bakan\u0131 olan Vladislav Goranov ve Borisov h\u00fck\u00fcmetinin halkla ili\u015fkiler dairesi ba\u015fkan\u0131 Sevdalina Arnaudova\u2019n\u0131n 17 Mart\u2019ta 24 saatli\u011fine<\/p>\n","protected":false},"author":13,"featured_media":56719,"comment_status":"closed","ping_status":"closed","sticky":false,"template":"","format":"standard","meta":{"advanced_seo_description":"","jetpack_seo_html_title":"","jetpack_seo_noindex":false,"jetpack_seo_schema_type":"","_jetpack_newsletter_access":"","_jetpack_dont_email_post_to_subs":false,"_jetpack_newsletter_tier_id":0,"_jetpack_memberships_contains_paywalled_content":false,"_jetpack_feature_clip_id":0,"_jetpack_memberships_contains_paid_content":false,"footnotes":"","jetpack_post_was_ever_published":false},"categories":[1,4],"tags":[],"class_list":["post-57134","post","type-post","status-publish","format-standard","has-post-thumbnail","hentry","category-haberler","category-siyaset"],"jetpack_sharing_enabled":true,"jetpack_likes_enabled":true,"jetpack-related-posts":[],"jetpack_shortlink":"https:\/\/wp.me\/pc2PfJ-eRw","jetpack_featured_media_url":"https:\/\/i0.wp.com\/www.bghaber.org\/bghaber\/wp-content\/uploads\/2022\/03\/Boyko-Borisov-yeniden-GERB-Parti-Baskani-secildi.jpg?fit=925%2C520&ssl=1","_links":{"self":[{"href":"https:\/\/www.bghaber.org\/bghaber\/wp-json\/wp\/v2\/posts\/57134","targetHints":{"allow":["GET"]}}],"collection":[{"href":"https:\/\/www.bghaber.org\/bghaber\/wp-json\/wp\/v2\/posts"}],"about":[{"href":"https:\/\/www.bghaber.org\/bghaber\/wp-json\/wp\/v2\/types\/post"}],"author":[{"embeddable":true,"href":"https:\/\/www.bghaber.org\/bghaber\/wp-json\/wp\/v2\/users\/13"}],"replies":[{"embeddable":true,"href":"https:\/\/www.bghaber.org\/bghaber\/wp-json\/wp\/v2\/comments?post=57134"}],"version-history":[{"count":0,"href":"https:\/\/www.bghaber.org\/bghaber\/wp-json\/wp\/v2\/posts\/57134\/revisions"}],"wp:featuredmedia":[{"embeddable":true,"href":"https:\/\/www.bghaber.org\/bghaber\/wp-json\/wp\/v2\/media\/56719"}],"wp:attachment":[{"href":"https:\/\/www.bghaber.org\/bghaber\/wp-json\/wp\/v2\/media?parent=57134"}],"wp:term":[{"taxonomy":"category","embeddable":true,"href":"https:\/\/www.bghaber.org\/bghaber\/wp-json\/wp\/v2\/categories?post=57134"},{"taxonomy":"post_tag","embeddable":true,"href":"https:\/\/www.bghaber.org\/bghaber\/wp-json\/wp\/v2\/tags?post=57134"}],"curies":[{"name":"wp","href":"https:\/\/api.w.org\/{rel}","templated":true}]}}