{"id":5704,"date":"2013-08-30T02:30:18","date_gmt":"2013-08-29T23:30:18","guid":{"rendered":"http:\/\/bghaber.org\/bghaber\/?p=5704"},"modified":"2019-07-15T20:58:27","modified_gmt":"2019-07-15T18:58:27","slug":"konevo-okulu-ogrencileri-izmir-ve-turkcenin-guzellikleri-konulu-seminere-davetli","status":"publish","type":"post","link":"https:\/\/www.bghaber.org\/bghaber\/konevo-okulu-ogrencileri-izmir-ve-turkcenin-guzellikleri-konulu-seminere-davetli\/","title":{"rendered":"Konevo okulu \u00f6\u011frencileri, \u0130zmir ve T\u00fcrk\u00e7e&#8217;nin G\u00fczellikleri konulu seminere davetli"},"content":{"rendered":"<p>K\u0131rcaali\u2019nin Konevo Geo Milev \u0130lk\u00f6\u011fretim Okulu\u2019ndan alt\u0131 \u00f6\u011frenci, K\u0131rcaali Belediyesi\u2019ni temsilen 2 Eyl\u00fcl-12 Eyl\u00fcl 2013 tarihlerinde \u0130zmir\u2019de ger\u00e7ekle\u015fecek \u0130zmir ve T\u00fcrk\u00e7e&#8217;nin G\u00fczellikleri konulu seminere kat\u0131lacaklar. <!--more--><a href=\"https:\/\/i0.wp.com\/bghaber.org\/bghaber\/wp-content\/uploads\/2013\/08\/konevo-okulu-ograncileri-seminere-davetli.jpg\"><img data-recalc-dims=\"1\" loading=\"lazy\" decoding=\"async\" class=\"alignleft size-medium wp-image-5705\" alt=\"konevo-okulu-ograncileri-seminere-davetli\" src=\"https:\/\/i0.wp.com\/bghaber.org\/bghaber\/wp-content\/uploads\/2013\/08\/konevo-okulu-ograncileri-seminere-davetli-300x225.jpg?resize=300%2C225\" width=\"300\" height=\"225\" srcset=\"https:\/\/i0.wp.com\/www.bghaber.org\/bghaber\/wp-content\/uploads\/2013\/08\/konevo-okulu-ograncileri-seminere-davetli.jpg?resize=300%2C225&amp;ssl=1 300w, https:\/\/i0.wp.com\/www.bghaber.org\/bghaber\/wp-content\/uploads\/2013\/08\/konevo-okulu-ograncileri-seminere-davetli.jpg?resize=320%2C240&amp;ssl=1 320w, https:\/\/i0.wp.com\/www.bghaber.org\/bghaber\/wp-content\/uploads\/2013\/08\/konevo-okulu-ograncileri-seminere-davetli.jpg?w=600&amp;ssl=1 600w\" sizes=\"auto, (max-width: 300px) 100vw, 300px\" \/><\/a>Bu \u00f6\u011frenciler, Hak ve \u00d6zg\u00fcrl\u00fckler Hareketi (H\u00d6H) taraf\u0131ndan d\u00fczenlenen BUKET 2013 yar\u0131\u015fmalar\u0131n\u0131n il\u00e7e a\u015famas\u0131nda resim dal\u0131nda birinci oldular. Yetenekli \u00f6\u011frencilerin \u00f6\u011fretmenleri, \u0130zmir\u2019de de ba\u015far\u0131l\u0131 olacaklar\u0131na inan\u0131yor.<\/p>\n<p>&nbsp;<\/p>\n<p>K\u0131rcaali Haber<\/p>\n<div id=\"bghab-2119519531\" class=\"bghab-yazi-altinda bghab-entity-placement\"><script async src=\"https:\/\/pagead2.googlesyndication.com\/pagead\/js\/adsbygoogle.js\"><\/script>\r\n<!-- bghaber-yaz\u0131-sonu -->\r\n<ins class=\"adsbygoogle\"\r\n     style=\"display:block\"\r\n     data-ad-client=\"ca-pub-6203283170189293\"\r\n     data-ad-slot=\"4222328180\"\r\n     data-ad-format=\"auto\"\r\n     data-full-width-responsive=\"true\"><\/ins>\r\n<script>\r\n     (adsbygoogle = window.adsbygoogle || []).push({});\r\n<\/script><\/div><br style=\"clear: both; display: block; float: none;\"\/>","protected":false},"excerpt":{"rendered":"<p>K\u0131rcaali\u2019nin Konevo Geo Milev \u0130lk\u00f6\u011fretim Okulu\u2019ndan alt\u0131 \u00f6\u011frenci, K\u0131rcaali Belediyesi\u2019ni temsilen 2 Eyl\u00fcl-12 Eyl\u00fcl 2013 tarihlerinde \u0130zmir\u2019de ger\u00e7ekle\u015fecek \u0130zmir ve T\u00fcrk\u00e7e&#8217;nin G\u00fczellikleri konulu seminere kat\u0131lacaklar.<\/p>\n","protected":false},"author":29,"featured_media":5705,"comment_status":"closed","ping_status":"closed","sticky":false,"template":"","format":"standard","meta":{"advanced_seo_description":"","jetpack_seo_html_title":"","jetpack_seo_noindex":false,"jetpack_seo_schema_type":"","_jetpack_newsletter_access":"","_jetpack_dont_email_post_to_subs":false,"_jetpack_newsletter_tier_id":0,"_jetpack_memberships_contains_paywalled_content":false,"_jetpack_feature_clip_id":0,"_jetpack_memberships_contains_paid_content":false,"footnotes":"","jetpack_post_was_ever_published":false},"categories":[10],"tags":[30,32],"class_list":["post-5704","post","type-post","status-publish","format-standard","has-post-thumbnail","hentry","category-kultur-sanat","tag-bulgaristan","tag-kircaali"],"jetpack_sharing_enabled":true,"jetpack_likes_enabled":true,"jetpack-related-posts":[],"jetpack_shortlink":"https:\/\/wp.me\/pc2PfJ-1u0","jetpack_featured_media_url":"https:\/\/i0.wp.com\/www.bghaber.org\/bghaber\/wp-content\/uploads\/2013\/08\/konevo-okulu-ograncileri-seminere-davetli.jpg?fit=600%2C450&ssl=1","_links":{"self":[{"href":"https:\/\/www.bghaber.org\/bghaber\/wp-json\/wp\/v2\/posts\/5704","targetHints":{"allow":["GET"]}}],"collection":[{"href":"https:\/\/www.bghaber.org\/bghaber\/wp-json\/wp\/v2\/posts"}],"about":[{"href":"https:\/\/www.bghaber.org\/bghaber\/wp-json\/wp\/v2\/types\/post"}],"author":[{"embeddable":true,"href":"https:\/\/www.bghaber.org\/bghaber\/wp-json\/wp\/v2\/users\/29"}],"replies":[{"embeddable":true,"href":"https:\/\/www.bghaber.org\/bghaber\/wp-json\/wp\/v2\/comments?post=5704"}],"version-history":[{"count":0,"href":"https:\/\/www.bghaber.org\/bghaber\/wp-json\/wp\/v2\/posts\/5704\/revisions"}],"wp:featuredmedia":[{"embeddable":true,"href":"https:\/\/www.bghaber.org\/bghaber\/wp-json\/wp\/v2\/media\/5705"}],"wp:attachment":[{"href":"https:\/\/www.bghaber.org\/bghaber\/wp-json\/wp\/v2\/media?parent=5704"}],"wp:term":[{"taxonomy":"category","embeddable":true,"href":"https:\/\/www.bghaber.org\/bghaber\/wp-json\/wp\/v2\/categories?post=5704"},{"taxonomy":"post_tag","embeddable":true,"href":"https:\/\/www.bghaber.org\/bghaber\/wp-json\/wp\/v2\/tags?post=5704"}],"curies":[{"name":"wp","href":"https:\/\/api.w.org\/{rel}","templated":true}]}}