{"id":5672,"date":"2013-08-28T14:08:40","date_gmt":"2013-08-28T11:08:40","guid":{"rendered":"http:\/\/bghaber.org\/bghaber\/?p=5672"},"modified":"2019-07-15T22:07:20","modified_gmt":"2019-07-15T20:07:20","slug":"egridere-bolgesinde-bir-grup-yerlesim-yerine-icme-suyu-temin-edilecek","status":"publish","type":"post","link":"https:\/\/www.bghaber.org\/bghaber\/egridere-bolgesinde-bir-grup-yerlesim-yerine-icme-suyu-temin-edilecek\/","title":{"rendered":"E\u011fridere b\u00f6lgesinde bir grup yerle\u015fim yerine i\u00e7me suyu temin edilecek"},"content":{"rendered":"<p>E\u011fridere-Ardino Belediyesi, \u00c7evre ve Su Bakanl\u0131\u011f\u0131\u2019ndan yeralt\u0131 sular\u0131ndan i\u00e7me suyu temin edilmesine ili\u015fkin izin ald\u0131. Bu T\u0131rna K\u00f6y\u00fc topraklar\u0131nda bulunan Doru adl\u0131 yere kurulacak su kuyusundan yeni su alma tesisleri kurulmas\u0131yla sa\u011flanacak. <!--more--><a href=\"https:\/\/i0.wp.com\/bghaber.org\/bghaber\/wp-content\/uploads\/2013\/08\/egridere.jpg\"><img data-recalc-dims=\"1\" loading=\"lazy\" decoding=\"async\" class=\"alignleft size-medium wp-image-5673\" alt=\"egridere\" src=\"https:\/\/i0.wp.com\/bghaber.org\/bghaber\/wp-content\/uploads\/2013\/08\/egridere-300x225.jpg?resize=300%2C225\" width=\"300\" height=\"225\" srcset=\"https:\/\/i0.wp.com\/www.bghaber.org\/bghaber\/wp-content\/uploads\/2013\/08\/egridere.jpg?resize=300%2C225&amp;ssl=1 300w, https:\/\/i0.wp.com\/www.bghaber.org\/bghaber\/wp-content\/uploads\/2013\/08\/egridere.jpg?resize=320%2C240&amp;ssl=1 320w, https:\/\/i0.wp.com\/www.bghaber.org\/bghaber\/wp-content\/uploads\/2013\/08\/egridere.jpg?w=600&amp;ssl=1 600w\" sizes=\"auto, (max-width: 300px) 100vw, 300px\" \/><\/a><\/p>\n<p>B\u00f6lgede yap\u0131lan hidrojeolojik \u00e7al\u0131\u015fmalar sonucunda burada yer alt\u0131 sular\u0131 oldu\u011fu saptanm\u0131\u015ft\u0131r. Sondaj kuyusunun 105 m derinli\u011finde olmas\u0131 \u00f6ng\u00f6r\u00fcl\u00fcyor. 0-24 metre aral\u0131\u011f\u0131nda 175\/8 mm \u00e7apl\u0131 PVC kolon borusu, 24-105 metre aral\u0131\u011f\u0131nda ise 125\/3,7 mm \u00e7apl\u0131 boru tipi filtre kolonu monte edilecek.<\/p>\n<p>Filtreler 125\/3,7 mm \u00e7apl\u0131 PVC borulardan ibaret olacak. Su kuyusu 92.5 m su seviyesinde kurulacak dalg\u0131\u00e7 pompayla donat\u0131lm\u0131\u015f olacak. Saniye 4 litre debiye sahip olacak.<\/p>\n<p>Sondaj kuyusunun kurulmas\u0131yla Dolno Prahovo (Ahmatlar) ve Gorno Prahovo (Tos\u00e7al\u0131) ve Ba\u015fevo (Hallar) k\u00f6ylerinin su problemi \u00e7\u00f6z\u00fclecek.<\/p>\n<p>B\u00f6lgede bulunan yukar\u0131da ad\u0131 ge\u00e7en yerle\u015fim yerlerine su teminine ili\u015fkin yat\u0131r\u0131m projesinin ger\u00e7ekle\u015fmesi bekleniyor.<\/p><div id=\"bghab-1704195463\" class=\"bghab-icerik-icine bghab-entity-placement\"><script async src=\"\/\/pagead2.googlesyndication.com\/pagead\/js\/adsbygoogle.js?client=ca-pub-6203283170189293\" crossorigin=\"anonymous\"><\/script><ins class=\"adsbygoogle\" style=\"display:block; text-align:center;\" data-ad-client=\"ca-pub-6203283170189293\" \ndata-ad-slot=\"7303146466\" \ndata-ad-layout=\"in-article\"\ndata-ad-format=\"fluid\" data-full-width-responsive=\"true\"><\/ins>\n<script> \n(adsbygoogle = window.adsbygoogle || []).push({}); \n<\/script>\n<\/div>\n<div id=\"bghab-3298880151\" class=\"bghab-yazi-altinda bghab-entity-placement\"><script async src=\"https:\/\/pagead2.googlesyndication.com\/pagead\/js\/adsbygoogle.js\"><\/script>\r\n<!-- bghaber-yaz\u0131-sonu -->\r\n<ins class=\"adsbygoogle\"\r\n     style=\"display:block\"\r\n     data-ad-client=\"ca-pub-6203283170189293\"\r\n     data-ad-slot=\"4222328180\"\r\n     data-ad-format=\"auto\"\r\n     data-full-width-responsive=\"true\"><\/ins>\r\n<script>\r\n     (adsbygoogle = window.adsbygoogle || []).push({});\r\n<\/script><\/div><br style=\"clear: both; display: block; float: none;\"\/>","protected":false},"excerpt":{"rendered":"<p>E\u011fridere-Ardino Belediyesi, \u00c7evre ve Su Bakanl\u0131\u011f\u0131\u2019ndan yeralt\u0131 sular\u0131ndan i\u00e7me suyu temin edilmesine ili\u015fkin izin ald\u0131. Bu T\u0131rna K\u00f6y\u00fc topraklar\u0131nda bulunan Doru adl\u0131 yere kurulacak su<\/p>\n","protected":false},"author":29,"featured_media":5673,"comment_status":"closed","ping_status":"closed","sticky":false,"template":"","format":"standard","meta":{"advanced_seo_description":"","jetpack_seo_html_title":"","jetpack_seo_noindex":false,"jetpack_seo_schema_type":"","_jetpack_newsletter_access":"","_jetpack_dont_email_post_to_subs":false,"_jetpack_newsletter_tier_id":0,"_jetpack_memberships_contains_paywalled_content":false,"_jetpack_feature_clip_id":0,"_jetpack_memberships_contains_paid_content":false,"footnotes":"","jetpack_post_was_ever_published":false},"categories":[5],"tags":[30],"class_list":["post-5672","post","type-post","status-publish","format-standard","has-post-thumbnail","hentry","category-yasam","tag-bulgaristan"],"jetpack_sharing_enabled":true,"jetpack_likes_enabled":true,"jetpack-related-posts":[],"jetpack_shortlink":"https:\/\/wp.me\/pc2PfJ-1tu","jetpack_featured_media_url":"https:\/\/i0.wp.com\/www.bghaber.org\/bghaber\/wp-content\/uploads\/2013\/08\/egridere.jpg?fit=600%2C450&ssl=1","_links":{"self":[{"href":"https:\/\/www.bghaber.org\/bghaber\/wp-json\/wp\/v2\/posts\/5672","targetHints":{"allow":["GET"]}}],"collection":[{"href":"https:\/\/www.bghaber.org\/bghaber\/wp-json\/wp\/v2\/posts"}],"about":[{"href":"https:\/\/www.bghaber.org\/bghaber\/wp-json\/wp\/v2\/types\/post"}],"author":[{"embeddable":true,"href":"https:\/\/www.bghaber.org\/bghaber\/wp-json\/wp\/v2\/users\/29"}],"replies":[{"embeddable":true,"href":"https:\/\/www.bghaber.org\/bghaber\/wp-json\/wp\/v2\/comments?post=5672"}],"version-history":[{"count":0,"href":"https:\/\/www.bghaber.org\/bghaber\/wp-json\/wp\/v2\/posts\/5672\/revisions"}],"wp:featuredmedia":[{"embeddable":true,"href":"https:\/\/www.bghaber.org\/bghaber\/wp-json\/wp\/v2\/media\/5673"}],"wp:attachment":[{"href":"https:\/\/www.bghaber.org\/bghaber\/wp-json\/wp\/v2\/media?parent=5672"}],"wp:term":[{"taxonomy":"category","embeddable":true,"href":"https:\/\/www.bghaber.org\/bghaber\/wp-json\/wp\/v2\/categories?post=5672"},{"taxonomy":"post_tag","embeddable":true,"href":"https:\/\/www.bghaber.org\/bghaber\/wp-json\/wp\/v2\/tags?post=5672"}],"curies":[{"name":"wp","href":"https:\/\/api.w.org\/{rel}","templated":true}]}}