{"id":56313,"date":"2022-02-09T02:25:51","date_gmt":"2022-02-08T23:25:51","guid":{"rendered":"https:\/\/www.bghaber.org\/bghaber\/?p=56313"},"modified":"2022-02-09T02:25:53","modified_gmt":"2022-02-08T23:25:53","slug":"bulgaristanda-176-kar-temizleme-makinesi-yollari-temizliyor","status":"publish","type":"post","link":"https:\/\/www.bghaber.org\/bghaber\/bulgaristanda-176-kar-temizleme-makinesi-yollari-temizliyor\/","title":{"rendered":"Bulgaristan&#8217;da 176 kar temizleme makinesi yollar\u0131 temizliyor"},"content":{"rendered":"\n<p class=\"wp-block-paragraph\">Yol Altyap\u0131 Ajans\u0131, 176 kar temizleme makinesinin, kar ya\u011f\u0131\u015f\u0131 olan b\u00f6lgelerde yol y\u00fczeylerini temizleyece\u011fini ve gerekirse ek makinelerin de temizli\u011fe dahil edilece\u011fini duyurdu.<\/p>\n\n\n\n<p class=\"wp-block-paragraph\">Smolyan il\u00e7esinde ve da\u011f ge\u00e7itlerinden ge\u00e7ecek s\u00fcr\u00fcc\u00fclerin k\u0131\u015f \u015fartlar\u0131na g\u00f6re haz\u0131rlanm\u0131\u015f ara\u00e7larla yola \u00e7\u0131kmalar\u0131 rica olunur.&nbsp;D\u00fcn geceden bu yana 30 santimetreden fazla kar ya\u011fd\u0131.<\/p>\n\n\n\n<p class=\"wp-block-paragraph\">\u015eiddetli r\u00fczgar kar f\u0131rt\u0131nalar\u0131n\u0131 art\u0131r\u0131r.<\/p>\n\n\n\n<p class=\"wp-block-paragraph\"><strong>Yo\u011fun kar ya\u011f\u0131\u015f\u0131, r\u00fczgar ve f\u0131rt\u0131na nedeniyle, en y\u00fcksek Stara Planina ge\u00e7idi &#8220;Troyanski&#8221; kapat\u0131ld\u0131.&nbsp;<\/strong>Kar kald\u0131rma nedeniyle, r\u00f6morklu ve yar\u0131 r\u00f6morklu 12 tonun \u00fczerindeki a\u011f\u0131r kamyonlar\u0131n Prevala ve Rozhen&#8217;den ve ayr\u0131ca Smolyan b\u00f6lgesindeki Devin &#8211; Mihalkovo yolundan ge\u00e7i\u015fi s\u0131n\u0131rl\u0131d\u0131r.<\/p>\n\n\n\n<p class=\"wp-block-paragraph\">Gabrovo&#8217;nun y\u00fcksek kesimlerinde kar \u00f6rt\u00fcs\u00fc 20 cm&#8217;ye ula\u015ft\u0131 ve esen r\u00fczgar hareket etmeyi zorla\u015ft\u0131r\u0131yor.&nbsp;Shipka Ge\u00e7idi k\u0131\u015f ko\u015fullar\u0131nda ge\u00e7ilebilir, ancak kuvvetli r\u00fczgarlar ve kar ya\u011f\u0131\u015f\u0131 nedeniyle g\u00f6r\u00fc\u015f mesafesi azal\u0131r.&nbsp;\u015eimdiye kadar, g\u00fc\u00e7 kayna\u011f\u0131nda bozulma olan yerle\u015fim yok.&nbsp;Veliko T\u0131rnovo istikametinde iki t\u0131r \u015fehrin \u00e7evre yolunda mahsur kald\u0131.&nbsp;\u0130\u00e7i\u015fleri Bakanl\u0131\u011f\u0131, olay yerine a\u011f\u0131r ekipman ve Trafik Polisi ekibinin y\u00f6nlendirildi\u011fini a\u00e7\u0131klad\u0131.&nbsp;<\/p><div id=\"bghab-124301755\" class=\"bghab-icerik-icine bghab-entity-placement\"><script async src=\"\/\/pagead2.googlesyndication.com\/pagead\/js\/adsbygoogle.js?client=ca-pub-6203283170189293\" crossorigin=\"anonymous\"><\/script><ins class=\"adsbygoogle\" style=\"display:block; text-align:center;\" data-ad-client=\"ca-pub-6203283170189293\" \ndata-ad-slot=\"7303146466\" \ndata-ad-layout=\"in-article\"\ndata-ad-format=\"fluid\" data-full-width-responsive=\"true\"><\/ins>\n<script> \n(adsbygoogle = window.adsbygoogle || []).push({}); \n<\/script>\n<\/div>\n\n\n\n<p class=\"wp-block-paragraph\">Neredeyse t\u00fcm \u00fclke i\u00e7in kuvvetli r\u00fczgar i\u00e7in sar\u0131 kod verilir.&nbsp;<\/p>\n\n\n\n<p class=\"wp-block-paragraph\">Blagoevgrad &#8211; Kulata yolu \u00fczerindeki K\u0131vr\u0131ml\u0131 T\u00fcnel&#8217;de ge\u00e7ici trafik, elektrik kesintileri nedeniyle yo\u011funla\u015f\u0131yor.<\/p>\n\n\n\n<p class=\"wp-block-paragraph\"><\/p>\n\n\n\n<p class=\"wp-block-paragraph\">BG Haber<\/p>\n<div id=\"bghab-2895650471\" class=\"bghab-yazi-altinda bghab-entity-placement\"><script async src=\"https:\/\/pagead2.googlesyndication.com\/pagead\/js\/adsbygoogle.js\"><\/script>\r\n<!-- bghaber-yaz\u0131-sonu -->\r\n<ins class=\"adsbygoogle\"\r\n     style=\"display:block\"\r\n     data-ad-client=\"ca-pub-6203283170189293\"\r\n     data-ad-slot=\"4222328180\"\r\n     data-ad-format=\"auto\"\r\n     data-full-width-responsive=\"true\"><\/ins>\r\n<script>\r\n     (adsbygoogle = window.adsbygoogle || []).push({});\r\n<\/script><\/div><br style=\"clear: both; display: block; float: none;\"\/>","protected":false},"excerpt":{"rendered":"<p>Yol Altyap\u0131 Ajans\u0131, 176 kar temizleme makinesinin, kar ya\u011f\u0131\u015f\u0131 olan b\u00f6lgelerde yol y\u00fczeylerini temizleyece\u011fini ve gerekirse ek makinelerin de temizli\u011fe dahil edilece\u011fini duyurdu. Smolyan il\u00e7esinde<\/p>\n","protected":false},"author":29,"featured_media":44235,"comment_status":"closed","ping_status":"closed","sticky":false,"template":"","format":"standard","meta":{"advanced_seo_description":"","jetpack_seo_html_title":"","jetpack_seo_noindex":false,"jetpack_seo_schema_type":"","_jetpack_newsletter_access":"","_jetpack_dont_email_post_to_subs":false,"_jetpack_newsletter_tier_id":0,"_jetpack_memberships_contains_paywalled_content":false,"_jetpack_feature_clip_id":0,"_jetpack_memberships_contains_paid_content":false,"footnotes":"","jetpack_post_was_ever_published":false},"categories":[5],"tags":[30,2179],"class_list":["post-56313","post","type-post","status-publish","format-standard","has-post-thumbnail","hentry","category-yasam","tag-bulgaristan","tag-kar"],"jetpack_sharing_enabled":true,"jetpack_likes_enabled":true,"jetpack-related-posts":[],"jetpack_shortlink":"https:\/\/wp.me\/pc2PfJ-eEh","jetpack_featured_media_url":"https:\/\/i0.wp.com\/www.bghaber.org\/bghaber\/wp-content\/uploads\/2020\/02\/kar-yol-temizleme.jpg?fit=680%2C382&ssl=1","_links":{"self":[{"href":"https:\/\/www.bghaber.org\/bghaber\/wp-json\/wp\/v2\/posts\/56313","targetHints":{"allow":["GET"]}}],"collection":[{"href":"https:\/\/www.bghaber.org\/bghaber\/wp-json\/wp\/v2\/posts"}],"about":[{"href":"https:\/\/www.bghaber.org\/bghaber\/wp-json\/wp\/v2\/types\/post"}],"author":[{"embeddable":true,"href":"https:\/\/www.bghaber.org\/bghaber\/wp-json\/wp\/v2\/users\/29"}],"replies":[{"embeddable":true,"href":"https:\/\/www.bghaber.org\/bghaber\/wp-json\/wp\/v2\/comments?post=56313"}],"version-history":[{"count":0,"href":"https:\/\/www.bghaber.org\/bghaber\/wp-json\/wp\/v2\/posts\/56313\/revisions"}],"wp:featuredmedia":[{"embeddable":true,"href":"https:\/\/www.bghaber.org\/bghaber\/wp-json\/wp\/v2\/media\/44235"}],"wp:attachment":[{"href":"https:\/\/www.bghaber.org\/bghaber\/wp-json\/wp\/v2\/media?parent=56313"}],"wp:term":[{"taxonomy":"category","embeddable":true,"href":"https:\/\/www.bghaber.org\/bghaber\/wp-json\/wp\/v2\/categories?post=56313"},{"taxonomy":"post_tag","embeddable":true,"href":"https:\/\/www.bghaber.org\/bghaber\/wp-json\/wp\/v2\/tags?post=56313"}],"curies":[{"name":"wp","href":"https:\/\/api.w.org\/{rel}","templated":true}]}}