{"id":56306,"date":"2022-02-09T02:17:37","date_gmt":"2022-02-08T23:17:37","guid":{"rendered":"https:\/\/www.bghaber.org\/bghaber\/?p=56306"},"modified":"2022-02-09T02:17:40","modified_gmt":"2022-02-08T23:17:40","slug":"yeniden-hesaplanan-emekli-maaslari-odemeleri-basladi","status":"publish","type":"post","link":"https:\/\/www.bghaber.org\/bghaber\/yeniden-hesaplanan-emekli-maaslari-odemeleri-basladi\/","title":{"rendered":"Yeniden hesaplanan emekli maa\u015flar\u0131 \u00f6demeleri ba\u015flad\u0131"},"content":{"rendered":"\n<p class=\"wp-block-paragraph\">7 \u015eubat tarihinden itibaren ek \u00f6demeler ve emekli maa\u015flar\u0131 \u00f6demeleri ba\u015fl\u0131yor. Ulusal Sigorta Kurumu NO\u0130\u2019nin verilerine g\u00f6re en az 390 000 emeklinin ek \u00f6demeleri 100 levay\u0131 a\u015facak.<\/p>\n\n\n\n<p class=\"wp-block-paragraph\">1 milyondan fazla emekliye, \u015eubat ay\u0131 emekli maa\u015flar\u0131na ek olarak \u00fc\u00e7 \u00f6denek verilecek. D\u00fczenli olarak Covid-19 i\u00e7in verilen 60 leva ile birlikte, Aral\u0131k ay\u0131na k\u0131yasla, Ocak ve \u015eubat aylar\u0131nda azalt\u0131lan miktarlar i\u00e7in iki tazminat verilecek.<\/p>\n\n\n\n<p class=\"wp-block-paragraph\">NO\u0130 sundu\u011fu analiz sonu\u00e7lar\u0131nda ilk defa, \u00fc\u00e7\u00fcnc\u00fc i\u015f kategorisinde tam sigortal\u0131 hizmet s\u00fcresi ve ya\u015f i\u00e7in d\u00fczenli emekli maa\u015f\u0131ndaki ger\u00e7ek art\u0131\u015f\u0131n, daha \u00f6nce iddia edildi\u011fi gibi y\u00fczde 12,9 olmad\u0131\u011f\u0131n\u0131, art\u0131\u015f\u0131n y\u00fczde 8,8 oran\u0131nda oldu\u011funu kabul etti.<\/p>\n\n\n\n<p class=\"wp-block-paragraph\"><\/p>\n\n\n\n<p class=\"wp-block-paragraph\">BNR<\/p>\n<div id=\"bghab-623576364\" class=\"bghab-yazi-altinda bghab-entity-placement\"><script async src=\"https:\/\/pagead2.googlesyndication.com\/pagead\/js\/adsbygoogle.js\"><\/script>\r\n<!-- bghaber-yaz\u0131-sonu -->\r\n<ins class=\"adsbygoogle\"\r\n     style=\"display:block\"\r\n     data-ad-client=\"ca-pub-6203283170189293\"\r\n     data-ad-slot=\"4222328180\"\r\n     data-ad-format=\"auto\"\r\n     data-full-width-responsive=\"true\"><\/ins>\r\n<script>\r\n     (adsbygoogle = window.adsbygoogle || []).push({});\r\n<\/script><\/div><br style=\"clear: both; display: block; float: none;\"\/>","protected":false},"excerpt":{"rendered":"<p>7 \u015eubat tarihinden itibaren ek \u00f6demeler ve emekli maa\u015flar\u0131 \u00f6demeleri ba\u015fl\u0131yor. Ulusal Sigorta Kurumu NO\u0130\u2019nin verilerine g\u00f6re en az 390 000 emeklinin ek \u00f6demeleri 100<\/p>\n","protected":false},"author":29,"featured_media":49388,"comment_status":"closed","ping_status":"closed","sticky":false,"template":"","format":"standard","meta":{"advanced_seo_description":"","jetpack_seo_html_title":"","jetpack_seo_noindex":false,"jetpack_seo_schema_type":"","_jetpack_newsletter_access":"","_jetpack_dont_email_post_to_subs":false,"_jetpack_newsletter_tier_id":0,"_jetpack_memberships_contains_paywalled_content":false,"_jetpack_feature_clip_id":0,"_jetpack_memberships_contains_paid_content":false,"footnotes":"","jetpack_post_was_ever_published":false},"categories":[1133,5],"tags":[30,1389,1249],"class_list":["post-56306","post","type-post","status-publish","format-standard","has-post-thumbnail","hentry","category-duyuru","category-yasam","tag-bulgaristan","tag-emekli","tag-maas"],"jetpack_sharing_enabled":true,"jetpack_likes_enabled":true,"jetpack-related-posts":[],"jetpack_shortlink":"https:\/\/wp.me\/pc2PfJ-eEa","jetpack_featured_media_url":"https:\/\/i0.wp.com\/www.bghaber.org\/bghaber\/wp-content\/uploads\/2020\/09\/emekli-maskeli-korona.jpg?fit=925%2C520&ssl=1","_links":{"self":[{"href":"https:\/\/www.bghaber.org\/bghaber\/wp-json\/wp\/v2\/posts\/56306","targetHints":{"allow":["GET"]}}],"collection":[{"href":"https:\/\/www.bghaber.org\/bghaber\/wp-json\/wp\/v2\/posts"}],"about":[{"href":"https:\/\/www.bghaber.org\/bghaber\/wp-json\/wp\/v2\/types\/post"}],"author":[{"embeddable":true,"href":"https:\/\/www.bghaber.org\/bghaber\/wp-json\/wp\/v2\/users\/29"}],"replies":[{"embeddable":true,"href":"https:\/\/www.bghaber.org\/bghaber\/wp-json\/wp\/v2\/comments?post=56306"}],"version-history":[{"count":0,"href":"https:\/\/www.bghaber.org\/bghaber\/wp-json\/wp\/v2\/posts\/56306\/revisions"}],"wp:featuredmedia":[{"embeddable":true,"href":"https:\/\/www.bghaber.org\/bghaber\/wp-json\/wp\/v2\/media\/49388"}],"wp:attachment":[{"href":"https:\/\/www.bghaber.org\/bghaber\/wp-json\/wp\/v2\/media?parent=56306"}],"wp:term":[{"taxonomy":"category","embeddable":true,"href":"https:\/\/www.bghaber.org\/bghaber\/wp-json\/wp\/v2\/categories?post=56306"},{"taxonomy":"post_tag","embeddable":true,"href":"https:\/\/www.bghaber.org\/bghaber\/wp-json\/wp\/v2\/tags?post=56306"}],"curies":[{"name":"wp","href":"https:\/\/api.w.org\/{rel}","templated":true}]}}