{"id":56304,"date":"2022-02-09T02:14:45","date_gmt":"2022-02-08T23:14:45","guid":{"rendered":"https:\/\/www.bghaber.org\/bghaber\/?p=56304"},"modified":"2022-02-09T02:14:47","modified_gmt":"2022-02-08T23:14:47","slug":"bircok-ilde-siddetli-ruzgar-nedeni-ile-sari-kod-uyarisi","status":"publish","type":"post","link":"https:\/\/www.bghaber.org\/bghaber\/bircok-ilde-siddetli-ruzgar-nedeni-ile-sari-kod-uyarisi\/","title":{"rendered":"Bir\u00e7ok ilde \u015fiddetli r\u00fczgar nedeni ile sar\u0131 kod uyar\u0131s\u0131"},"content":{"rendered":"\n<p class=\"wp-block-paragraph\">Karayollar\u0131 Altyap\u0131 Ajans\u0131, Smolyan ilindeki ve da\u011f ge\u00e7itlerini kullanacak s\u00fcr\u00fcc\u00fclerin k\u0131\u015f \u015fartlar\u0131na uygun ara\u00e7larla yola \u00e7\u0131kmalar\u0131 konusunda uyard\u0131. Smolyan b\u00f6lgesinde kar kal\u0131nl\u0131\u011f\u0131 30 cm\u2019yi buldu. \u015eiddetli r\u00fczgardan dolay\u0131 kar f\u0131rt\u0131nas\u0131 olu\u015fmakta.<\/p>\n\n\n\n<p class=\"wp-block-paragraph\">Stara Planina Da\u011f\u0131n\u2019daki \u201cTroyanski\u201d ge\u00e7idi kapal\u0131. Kar temizleme \u00e7al\u0131\u015fmalar\u0131ndan dolay\u0131, r\u00f6morklu ve yar\u0131 r\u00f6morklu 12 tonun \u00fczerindeki a\u011f\u0131r vas\u0131talar\u0131n, \u201cPrevala\u201d ve \u201cRojen\u201dden ve ayrica Smolyan b\u00f6lgesindeki Devin-Mihalkovo yolundan ge\u00e7i\u015fleri s\u0131n\u0131rland\u0131r\u0131ld\u0131.<\/p>\n\n\n\n<p class=\"wp-block-paragraph\">K\u0131\u015f ko\u015fullar\u0131nda \u201c\u015eipka\u201d ge\u00e7idi kullan\u0131labilir, ancak \u015fiddetli r\u00fczgar ve kar ya\u011f\u0131\u015f\u0131 nedeniyle g\u00f6r\u00fc\u015f mesafesi k\u0131s\u0131tl\u0131. \u015eimdilik elektrik sorunu ya\u015fand\u0131\u011f\u0131na dair bilgi al\u0131nmad\u0131.<\/p>\n\n\n\n<p class=\"wp-block-paragraph\"><\/p>\n\n\n\n<p class=\"wp-block-paragraph\">BNR<\/p>\n<div id=\"bghab-2557651108\" class=\"bghab-yazi-altinda bghab-entity-placement\"><script async src=\"https:\/\/pagead2.googlesyndication.com\/pagead\/js\/adsbygoogle.js\"><\/script>\r\n<!-- bghaber-yaz\u0131-sonu -->\r\n<ins class=\"adsbygoogle\"\r\n     style=\"display:block\"\r\n     data-ad-client=\"ca-pub-6203283170189293\"\r\n     data-ad-slot=\"4222328180\"\r\n     data-ad-format=\"auto\"\r\n     data-full-width-responsive=\"true\"><\/ins>\r\n<script>\r\n     (adsbygoogle = window.adsbygoogle || []).push({});\r\n<\/script><\/div><br style=\"clear: both; display: block; float: none;\"\/>","protected":false},"excerpt":{"rendered":"<p>Karayollar\u0131 Altyap\u0131 Ajans\u0131, Smolyan ilindeki ve da\u011f ge\u00e7itlerini kullanacak s\u00fcr\u00fcc\u00fclerin k\u0131\u015f \u015fartlar\u0131na uygun ara\u00e7larla yola \u00e7\u0131kmalar\u0131 konusunda uyard\u0131. Smolyan b\u00f6lgesinde kar kal\u0131nl\u0131\u011f\u0131 30 cm\u2019yi buldu.<\/p>\n","protected":false},"author":29,"featured_media":26274,"comment_status":"closed","ping_status":"closed","sticky":false,"template":"","format":"standard","meta":{"advanced_seo_description":"","jetpack_seo_html_title":"","jetpack_seo_noindex":false,"jetpack_seo_schema_type":"","_jetpack_newsletter_access":"","_jetpack_dont_email_post_to_subs":false,"_jetpack_newsletter_tier_id":0,"_jetpack_memberships_contains_paywalled_content":false,"_jetpack_feature_clip_id":0,"_jetpack_memberships_contains_paid_content":false,"footnotes":"","jetpack_post_was_ever_published":false},"categories":[1133,5],"tags":[30,2592,2180],"class_list":["post-56304","post","type-post","status-publish","format-standard","has-post-thumbnail","hentry","category-duyuru","category-yasam","tag-bulgaristan","tag-kis","tag-ruzgar"],"jetpack_sharing_enabled":true,"jetpack_likes_enabled":true,"jetpack-related-posts":[],"jetpack_shortlink":"https:\/\/wp.me\/pc2PfJ-eE8","jetpack_featured_media_url":"https:\/\/i0.wp.com\/www.bghaber.org\/bghaber\/wp-content\/uploads\/2018\/01\/bulgaristan-kar-hava-durumu.jpg?fit=800%2C450&ssl=1","_links":{"self":[{"href":"https:\/\/www.bghaber.org\/bghaber\/wp-json\/wp\/v2\/posts\/56304","targetHints":{"allow":["GET"]}}],"collection":[{"href":"https:\/\/www.bghaber.org\/bghaber\/wp-json\/wp\/v2\/posts"}],"about":[{"href":"https:\/\/www.bghaber.org\/bghaber\/wp-json\/wp\/v2\/types\/post"}],"author":[{"embeddable":true,"href":"https:\/\/www.bghaber.org\/bghaber\/wp-json\/wp\/v2\/users\/29"}],"replies":[{"embeddable":true,"href":"https:\/\/www.bghaber.org\/bghaber\/wp-json\/wp\/v2\/comments?post=56304"}],"version-history":[{"count":0,"href":"https:\/\/www.bghaber.org\/bghaber\/wp-json\/wp\/v2\/posts\/56304\/revisions"}],"wp:featuredmedia":[{"embeddable":true,"href":"https:\/\/www.bghaber.org\/bghaber\/wp-json\/wp\/v2\/media\/26274"}],"wp:attachment":[{"href":"https:\/\/www.bghaber.org\/bghaber\/wp-json\/wp\/v2\/media?parent=56304"}],"wp:term":[{"taxonomy":"category","embeddable":true,"href":"https:\/\/www.bghaber.org\/bghaber\/wp-json\/wp\/v2\/categories?post=56304"},{"taxonomy":"post_tag","embeddable":true,"href":"https:\/\/www.bghaber.org\/bghaber\/wp-json\/wp\/v2\/tags?post=56304"}],"curies":[{"name":"wp","href":"https:\/\/api.w.org\/{rel}","templated":true}]}}