{"id":56160,"date":"2022-01-29T20:44:26","date_gmt":"2022-01-29T17:44:26","guid":{"rendered":"https:\/\/www.bghaber.org\/bghaber\/?p=56160"},"modified":"2022-02-06T01:44:09","modified_gmt":"2022-02-05T22:44:09","slug":"bulgaristanda-bilim-adamlari-azaliyor","status":"publish","type":"post","link":"https:\/\/www.bghaber.org\/bghaber\/bulgaristanda-bilim-adamlari-azaliyor\/","title":{"rendered":"Bulgaristan&#8217;da bilim adamlar\u0131 azal\u0131yor"},"content":{"rendered":"<p>Bulgaristan Bilimler Akademisi Ban Ba\u015fkan\u0131 akademisyen Yulian Revalski, E\u011fitim ve Bilim Komisyonu\u2019na 2020 raporunu sunarken BAN bilim adamlar\u0131n\u0131n her ge\u00e7en y\u0131l azald\u0131\u011f\u0131 uyar\u0131s\u0131nda bulundu.<\/p>\n<p>Raporda belirtildi\u011fi \u00fczere BAN\u2019\u0131n bilimci potansiyeli d\u00fc\u015f\u00fck \u00fccretlerden dolay\u0131 her y\u0131l 50 ila 70 ki\u015fi aras\u0131nda azal\u0131yor.<\/p>\n<p>\u00d6rne\u011fin asistan ve ba\u015f asistanlar\u0131n BAN\u2019da i\u015fe ba\u015flarken ald\u0131klar\u0131 maa\u015flar, y\u00fcksek okullara k\u0131yasla y\u00fczde 30 oran\u0131nda d\u00fc\u015f\u00fck ve gen\u00e7ler bu y\u00fczden bilim alan\u0131nda \u00e7al\u0131\u015fmay\u0131 perspektifli g\u00f6rm\u00fcyorlar.<\/p>\n<p>Sermaye harcamalar\u0131 kaynaklar\u0131 t\u00fckendi\u011fi i\u00e7in BAN\u2019daki gerekli onar\u0131mlar ki\u015fisel kaynaklarla yap\u0131l\u0131r. Akademinin maddi baz\u0131n\u0131n iyile\u015ftirilmesi i\u00e7in 60 milyon leva gereklidir.<\/p>\n<div id=\"bghab-378883830\" class=\"bghab-yazi-altinda bghab-entity-placement\"><script async src=\"https:\/\/pagead2.googlesyndication.com\/pagead\/js\/adsbygoogle.js\"><\/script>\r\n<!-- bghaber-yaz\u0131-sonu -->\r\n<ins class=\"adsbygoogle\"\r\n     style=\"display:block\"\r\n     data-ad-client=\"ca-pub-6203283170189293\"\r\n     data-ad-slot=\"4222328180\"\r\n     data-ad-format=\"auto\"\r\n     data-full-width-responsive=\"true\"><\/ins>\r\n<script>\r\n     (adsbygoogle = window.adsbygoogle || []).push({});\r\n<\/script><\/div><br style=\"clear: both; display: block; float: none;\"\/>","protected":false},"excerpt":{"rendered":"<p>Bulgaristan Bilimler Akademisi Ban Ba\u015fkan\u0131 akademisyen Yulian Revalski, E\u011fitim ve Bilim Komisyonu\u2019na 2020 raporunu sunarken BAN bilim adamlar\u0131n\u0131n her ge\u00e7en y\u0131l azald\u0131\u011f\u0131 uyar\u0131s\u0131nda bulundu. Raporda<\/p>\n","protected":false},"author":13,"featured_media":56161,"comment_status":"closed","ping_status":"closed","sticky":false,"template":"","format":"standard","meta":{"advanced_seo_description":"","jetpack_seo_html_title":"","jetpack_seo_noindex":false,"jetpack_seo_schema_type":"","_jetpack_newsletter_access":"","_jetpack_dont_email_post_to_subs":false,"_jetpack_newsletter_tier_id":0,"_jetpack_memberships_contains_paywalled_content":false,"_jetpack_feature_clip_id":0,"_jetpack_memberships_contains_paid_content":false,"footnotes":"","jetpack_post_was_ever_published":false},"categories":[8,1],"tags":[],"class_list":["post-56160","post","type-post","status-publish","format-standard","has-post-thumbnail","hentry","category-egitim","category-haberler"],"jetpack_sharing_enabled":true,"jetpack_likes_enabled":true,"jetpack-related-posts":[],"jetpack_shortlink":"https:\/\/wp.me\/pc2PfJ-eBO","jetpack_featured_media_url":"https:\/\/i0.wp.com\/www.bghaber.org\/bghaber\/wp-content\/uploads\/2022\/01\/bilim-bg.jpg?fit=610%2C343&ssl=1","_links":{"self":[{"href":"https:\/\/www.bghaber.org\/bghaber\/wp-json\/wp\/v2\/posts\/56160","targetHints":{"allow":["GET"]}}],"collection":[{"href":"https:\/\/www.bghaber.org\/bghaber\/wp-json\/wp\/v2\/posts"}],"about":[{"href":"https:\/\/www.bghaber.org\/bghaber\/wp-json\/wp\/v2\/types\/post"}],"author":[{"embeddable":true,"href":"https:\/\/www.bghaber.org\/bghaber\/wp-json\/wp\/v2\/users\/13"}],"replies":[{"embeddable":true,"href":"https:\/\/www.bghaber.org\/bghaber\/wp-json\/wp\/v2\/comments?post=56160"}],"version-history":[{"count":0,"href":"https:\/\/www.bghaber.org\/bghaber\/wp-json\/wp\/v2\/posts\/56160\/revisions"}],"wp:featuredmedia":[{"embeddable":true,"href":"https:\/\/www.bghaber.org\/bghaber\/wp-json\/wp\/v2\/media\/56161"}],"wp:attachment":[{"href":"https:\/\/www.bghaber.org\/bghaber\/wp-json\/wp\/v2\/media?parent=56160"}],"wp:term":[{"taxonomy":"category","embeddable":true,"href":"https:\/\/www.bghaber.org\/bghaber\/wp-json\/wp\/v2\/categories?post=56160"},{"taxonomy":"post_tag","embeddable":true,"href":"https:\/\/www.bghaber.org\/bghaber\/wp-json\/wp\/v2\/tags?post=56160"}],"curies":[{"name":"wp","href":"https:\/\/api.w.org\/{rel}","templated":true}]}}