{"id":55586,"date":"2021-12-03T22:15:02","date_gmt":"2021-12-03T19:15:02","guid":{"rendered":"https:\/\/www.bghaber.org\/bghaber\/?p=55586"},"modified":"2021-12-07T01:38:40","modified_gmt":"2021-12-06T22:38:40","slug":"bir-bulgar-azerbaycan-spor-bakan-yardimciligina-getirildi","status":"publish","type":"post","link":"https:\/\/www.bghaber.org\/bghaber\/bir-bulgar-azerbaycan-spor-bakan-yardimciligina-getirildi\/","title":{"rendered":"Bir Bulgar Azerbaycan spor bakan yard\u0131mc\u0131l\u0131\u011f\u0131na getirildi"},"content":{"rendered":"<p><b>Mariyana Vasileva Azerbaycan\u2019\u0131n yeni gen\u00e7lik ve spor bakan yard\u0131mc\u0131s\u0131d\u0131r. Kendisi bu g\u00f6reve \u015fahsen cumhurba\u015fkan\u0131 \u0130lham Aliev taraf\u0131ndan tayin edildi.\u00a0\u00a0<\/b><\/p>\n<p>Vasileva y\u0131llardan beri bu \u00fclkede oturup \u00e7al\u0131\u015f\u0131yor.\u00a0<b>2009 y\u0131l\u0131ndan beri Azderbaycan ritmik jimnastik milli tak\u0131m\u0131n\u0131n ba\u015f antren\u00f6r\u00fcd\u00fcr.<\/b><\/p>\n<p>Bak\u00fc\u2019ye gitmeden \u00f6nce Vasileva\u00a0<b>Bulgar ritmik jimnastik milli tak\u0131m\u0131n\u0131n mentoru\u00a0<\/b>olarak sahip oldu\u011fu nitelikleri g\u00f6sterdi.<\/p>\n<div id=\"bghab-1377714669\" class=\"bghab-yazi-altinda bghab-entity-placement\"><script async src=\"https:\/\/pagead2.googlesyndication.com\/pagead\/js\/adsbygoogle.js\"><\/script>\r\n<!-- bghaber-yaz\u0131-sonu -->\r\n<ins class=\"adsbygoogle\"\r\n     style=\"display:block\"\r\n     data-ad-client=\"ca-pub-6203283170189293\"\r\n     data-ad-slot=\"4222328180\"\r\n     data-ad-format=\"auto\"\r\n     data-full-width-responsive=\"true\"><\/ins>\r\n<script>\r\n     (adsbygoogle = window.adsbygoogle || []).push({});\r\n<\/script><\/div><br style=\"clear: both; display: block; float: none;\"\/>","protected":false},"excerpt":{"rendered":"<p>Mariyana Vasileva Azerbaycan\u2019\u0131n yeni gen\u00e7lik ve spor bakan yard\u0131mc\u0131s\u0131d\u0131r. Kendisi bu g\u00f6reve \u015fahsen cumhurba\u015fkan\u0131 \u0130lham Aliev taraf\u0131ndan tayin edildi.\u00a0\u00a0 Vasileva y\u0131llardan beri bu \u00fclkede oturup<\/p>\n","protected":false},"author":13,"featured_media":55587,"comment_status":"closed","ping_status":"closed","sticky":false,"template":"","format":"standard","meta":{"advanced_seo_description":"","jetpack_seo_html_title":"","jetpack_seo_noindex":false,"jetpack_seo_schema_type":"","_jetpack_newsletter_access":"","_jetpack_dont_email_post_to_subs":false,"_jetpack_newsletter_tier_id":0,"_jetpack_memberships_contains_paywalled_content":false,"_jetpack_feature_clip_id":0,"_jetpack_memberships_contains_paid_content":false,"footnotes":"","jetpack_post_was_ever_published":false},"categories":[1,4],"tags":[],"class_list":["post-55586","post","type-post","status-publish","format-standard","has-post-thumbnail","hentry","category-haberler","category-siyaset"],"jetpack_sharing_enabled":true,"jetpack_likes_enabled":true,"jetpack-related-posts":[],"jetpack_shortlink":"https:\/\/wp.me\/pc2PfJ-esy","jetpack_featured_media_url":"https:\/\/i0.wp.com\/www.bghaber.org\/bghaber\/wp-content\/uploads\/2021\/12\/az-bg.jpg?fit=925%2C520&ssl=1","_links":{"self":[{"href":"https:\/\/www.bghaber.org\/bghaber\/wp-json\/wp\/v2\/posts\/55586","targetHints":{"allow":["GET"]}}],"collection":[{"href":"https:\/\/www.bghaber.org\/bghaber\/wp-json\/wp\/v2\/posts"}],"about":[{"href":"https:\/\/www.bghaber.org\/bghaber\/wp-json\/wp\/v2\/types\/post"}],"author":[{"embeddable":true,"href":"https:\/\/www.bghaber.org\/bghaber\/wp-json\/wp\/v2\/users\/13"}],"replies":[{"embeddable":true,"href":"https:\/\/www.bghaber.org\/bghaber\/wp-json\/wp\/v2\/comments?post=55586"}],"version-history":[{"count":0,"href":"https:\/\/www.bghaber.org\/bghaber\/wp-json\/wp\/v2\/posts\/55586\/revisions"}],"wp:featuredmedia":[{"embeddable":true,"href":"https:\/\/www.bghaber.org\/bghaber\/wp-json\/wp\/v2\/media\/55587"}],"wp:attachment":[{"href":"https:\/\/www.bghaber.org\/bghaber\/wp-json\/wp\/v2\/media?parent=55586"}],"wp:term":[{"taxonomy":"category","embeddable":true,"href":"https:\/\/www.bghaber.org\/bghaber\/wp-json\/wp\/v2\/categories?post=55586"},{"taxonomy":"post_tag","embeddable":true,"href":"https:\/\/www.bghaber.org\/bghaber\/wp-json\/wp\/v2\/tags?post=55586"}],"curies":[{"name":"wp","href":"https:\/\/api.w.org\/{rel}","templated":true}]}}