{"id":54776,"date":"2021-08-09T21:42:29","date_gmt":"2021-08-09T18:42:29","guid":{"rendered":"https:\/\/www.bghaber.org\/bghaber\/?p=54776"},"modified":"2021-08-09T21:45:47","modified_gmt":"2021-08-09T18:45:47","slug":"biz-gelecegin-savasini-kazandik","status":"publish","type":"post","link":"https:\/\/www.bghaber.org\/bghaber\/biz-gelecegin-savasini-kazandik\/","title":{"rendered":"Biz gelece\u011fin sava\u015f\u0131n\u0131 kazand\u0131k"},"content":{"rendered":"<p>07 A\u011fustos 2021<\/p>\n<p>Azerbaycan Ordu G\u00fcn\u00fc vesilesiyle bir s\u00f6yle\u015fi:<br \/>\n<strong>Karaba\u011f sava\u015f\u0131 sonu\u00e7lar\u0131n\u0131 genelle\u015ftiren, Azerbaycan Savunma Bakan\u0131 Orgeneral Zakir Hasanov \u015funlar\u0131 s\u00f6yledi: Bir ordunun kararg\u00e2h\u0131nda sadece askeri okullarda \u00f6\u011frendiklerine g\u00fcveniyorlarsa, ge\u00e7mi\u015f sava\u015flardan birisine haz\u0131rlan\u0131yorlar olmal\u0131, anlam\u0131na gelir.<\/strong><\/p>\n<p>-Ermenistan\u2019la y\u00fcr\u00fct\u00fclmesi ka\u00e7\u0131n\u0131lmaz olan bir sava\u015fta zafer kazanmak i\u00e7in silahl\u0131 kuvvetleri b\u00fct\u00fcn\u00fcyle yeniden d\u00fczenleyerek, ger\u00e7ekten profesyonel bir ordu kurmak gibi tek \u00f6devle 2013\u2019te Azerbaycan Savunma bakanl\u0131\u011f\u0131na Orgeneral Zakir Hasanov atand\u0131.<\/p>\n<p>Do\u011fdu\u011fu y\u0131llarda Ermenistan Sovyet Sosyalist Cumhuriyeti topraklar\u0131 s\u0131n\u0131rlar\u0131 i\u00e7inde bulunan Nah\u00e7ivan\u2019da d\u00fcnyaya geldi. Bak\u00fc\u2019de askeri okul bitirdi. Demokratik Almanya\u2019daki Sovyet Askeri Birliklerinde g\u00f6rev ald\u0131. SSCB Genel Kurmay Akademisinde genelkurmay ihtisas\u0131 g\u00f6rd\u00fc.<\/p>\n<p>S\u00f6yle\u015fiyi Sanan Razaev:<\/p><div id=\"bghab-1979956064\" class=\"bghab-icerik-icine bghab-entity-placement\"><script async src=\"\/\/pagead2.googlesyndication.com\/pagead\/js\/adsbygoogle.js?client=ca-pub-6203283170189293\" crossorigin=\"anonymous\"><\/script><ins class=\"adsbygoogle\" style=\"display:block; text-align:center;\" data-ad-client=\"ca-pub-6203283170189293\" \ndata-ad-slot=\"7303146466\" \ndata-ad-layout=\"in-article\"\ndata-ad-format=\"fluid\" data-full-width-responsive=\"true\"><\/ins>\n<script> \n(adsbygoogle = window.adsbygoogle || []).push({}); \n<\/script>\n<\/div>\n<p><strong>&#8211; <\/strong><strong>\u00a0Bir\u00e7ok askeri g\u00f6zlemci, 2020 g\u00fcz\u00fcnde y\u00fcr\u00fct\u00fclen ve zaferle sonu\u00e7lanan sava\u015f\u0131n, y\u00fcr\u00fct\u00fclen \u00e7arp\u0131\u015fmalar\u0131n ve biriken deneyimlerin Azerbaycan ordusuna ba\u015fka bir g\u00f6zle bakmam\u0131za \u00a0neden oldu, diyorlar. Zaferle sonu\u00e7lanan Vatan Sava\u015f\u0131ndan sonra ordunuzda de\u011fi\u015fikler yapmay\u0131 d\u00fc\u015f\u00fcn\u00fcyor musunuz?<\/strong><\/p>\n<p>&#8211; Azerbaycan Cumhurba\u015fkan\u0131 ve Ba\u015fkomutan\u0131 \u0130lhan Aliev\u2019in emirlerine uyularak kurulan \u00e7al\u0131\u015fma grubu g\u00f6revini tamamlad\u0131. Analiz, 2020 Kas\u0131m\u0131nda y\u00fcr\u00fct\u00fclen sava\u015f operasyonlar\u0131ndan hemen sona ermesiyle sonra yap\u0131ld\u0131.<\/p>\n<p><strong>&#8211; Bir\u00e7ok askeri uzmana g\u00f6re, Karaba\u011f Sava\u015f\u0131, sava\u015f bilimi ve prati\u011fine yeni unsurlar getirdi. \u201cBayraktar\u201d ad\u0131yla \u00fcnlenen T\u00fcrk \u0130HA-lar\u0131n\u0131n sava\u015f\u0131n zaferle sonu\u00e7lanmas\u0131na katk\u0131lar\u0131n\u0131 herkes biliyor. \u0130HA\u2019lar\u0131n sava\u015f\u0131n geli\u015fmesindeki rol\u00fcne ili\u015fkin sizin de\u011ferlendirmeniz nedir:<\/strong><\/p>\n<p>&#8211; \u0130HA- lar h\u0131zl\u0131 geli\u015fti. G\u00fcn\u00fcm\u00fczde istihbarat, ate\u015fi y\u00f6nlendirme, d\u00fc\u015fman\u0131 yok etme ve s\u0131r oldu\u011fundan dolay\u0131 detaylar\u0131na girmek istemedi\u011fim daha bir\u00e7ok alanlarda ba\u015far\u0131l\u0131 g\u00f6revler ald\u0131.<\/p>\n<p>Azerbaycan Ordusu \u0130HA-larla bir\u00e7ok ba\u015fka modern silahlar da kulland\u0131. Fakat sava\u015f alan\u0131ndan al\u0131nan foto\u011fraflardan daha fazlas\u0131 \u0130HA-lar sayesinde elimizde oldu\u011fundan dolay\u0131, kamuoyu sava\u015f\u0131n sonu\u00e7lar\u0131n\u0131 belirleyen en \u00f6nemli silah\u0131n \u0130HA-lar oldu izlenimiyle kald\u0131. Sava\u015f\u0131n, \u0130HA\u2019lar\u0131n kullan\u0131lmas\u0131na pek elveri\u015fli say\u0131lmayan sisli ve ya\u011f\u0131\u015fl\u0131 g\u00fcz aylar\u0131nda, da\u011fl\u0131k b\u00f6lgede y\u00fcr\u00fct\u00fcld\u00fc\u011f\u00fcn\u00fc belirtmek isterim. \u0130srail\u2019den ald\u0131\u011f\u0131m\u0131z \u201cSpike ve Lahat\u201d g\u00fcd\u00fcml\u00fc f\u00fczelerini de kulland\u0131\u011f\u0131m\u0131z\u0131, T\u00fcrkiye\u2019de \u00fcretilen lazer g\u00fcd\u00fcml\u00fc havadan at\u0131lan bombalar\u0131 da ba\u015far\u0131yla kulland\u0131k. Bu ve ba\u015fka silahlarla d\u00fc\u015fmana a\u011f\u0131r kay\u0131plar verdirdik ve \u00e7ok uzun zaman kendine gelemeyecektir.<\/p><div id=\"bghab-1272528641\" class=\"bghab-icerik-icine-10-paragraf bghab-entity-placement\"><script async src=\"\/\/pagead2.googlesyndication.com\/pagead\/js\/adsbygoogle.js?client=ca-pub-6203283170189293\" crossorigin=\"anonymous\"><\/script><ins class=\"adsbygoogle\" style=\"display:block; text-align:center;\" data-ad-client=\"ca-pub-6203283170189293\" \ndata-ad-slot=\"7303146466\" \ndata-ad-layout=\"in-article\"\ndata-ad-format=\"fluid\" data-full-width-responsive=\"true\"><\/ins>\n<script> \n(adsbygoogle = window.adsbygoogle || []).push({}); \n<\/script>\n<\/div>\n<p>Karaba\u011f Sava\u015f\u0131nda Ermenistan\u2019\u0131n 300 tank\u0131 yok edildi, 100 tank sava\u015f ganimeti olarak elimize ge\u00e7ti, d\u00fc\u015fman\u0131n 100 sava\u015f arac\u0131, 400 adet seri ate\u015f a\u00e7an sistem ve 100 adet de \u201cGrand\u201d seri ate\u015f tesisi yok edildi.<\/p>\n<p>Azerbaycan Savunma Bakanl\u0131\u011f\u0131 yay\u0131nlar\u0131nda bildirildi\u011fine g\u00f6re,\u00a0 d\u00fc\u015fman\u0131n sava\u015f ara\u00e7lar\u0131ndan % 50 ile % 70 aras\u0131ndaki bir oran\u0131 T\u00fcrk \u0130HA-lar taraf\u0131ndan imha edilmi\u015ftir. \u0130stihbarat etkinliklerinde \u0130HA-lar\u0131n rol\u00fc son derece b\u00fcy\u00fck oldu. 9 Kas\u0131m 2020 tarihinde kurtard\u0131\u011f\u0131m\u0131z \u015eu\u015fa Sava\u015f\u0131nda \u0130HA\u2019lar\u0131 kullanamad\u0131k, \u00e7\u00fcnk\u00fc deniz seviyesinden \u00e7ok y\u00fcksekte sisli bir ortamda y\u00fcr\u00fct\u00fclen bu sava\u015flarda \u0130HA kullan\u0131lamad\u0131, \u00f6zel birlikler da\u011fl\u0131k alanda piyade sava\u015f\u0131 verdiler.<\/p>\n<p><strong>-\u00d6zelle\u015ftirilmi\u015f askeri birliklerin daha \u00f6te geli\u015ftirilmesinde \u015fimdiye kadar uygulanan stratejide de\u011fi\u015fikler \u00f6ng\u00f6r\u00fcyor musunuz?<\/strong><\/p>\n<p>&#8211; T\u00fcrk Silahl\u0131 Kuvvetleriyle yak\u0131n etkile\u015fim halindeyiz ve TSK sava\u015f deneyimlerini \u00f6\u011fretiyoruz. Son y\u0131llar\u0131n deneyimleri baz\u0131 askeri g\u00fc\u00e7lerin \u00f6nem kaybetti\u011fini g\u00f6steriyor. Bizim da\u011fl\u0131k ve dere tepeli operasyon alanlar\u0131 i\u00e7in bu ger\u00e7ekler tamamen ge\u00e7erlidir.<\/p>\n<p><strong>-Ermenistan askeri g\u00fc\u00e7leri 1990 y\u0131llar\u0131ndaki sava\u015flardan birisi i\u00e7in haz\u0131rl\u0131k g\u00f6rmekle su\u00e7land\u0131lar. Azerbaycan ordusu gelece\u011fin sava\u015flar\u0131n\u0131 y\u00fcr\u00fctmek i\u00e7in s\u00fcrekli sava\u015f haz\u0131rl\u0131\u011f\u0131 i\u00e7inde oldu\u011funu kan\u0131tlamak i\u00e7in ne yapmal\u0131d\u0131r?<\/strong><\/p><div id=\"bghab-358884214\" class=\"bghab-icerik-icine-15-paragraf bghab-entity-placement\"><script async src=\"\/\/pagead2.googlesyndication.com\/pagead\/js\/adsbygoogle.js?client=ca-pub-6203283170189293\" crossorigin=\"anonymous\"><\/script><ins class=\"adsbygoogle\" style=\"display:block; text-align:center;\" data-ad-client=\"ca-pub-6203283170189293\" \ndata-ad-slot=\"7303146466\" \ndata-ad-layout=\"in-article\"\ndata-ad-format=\"fluid\" data-full-width-responsive=\"true\"><\/ins>\n<script> \n(adsbygoogle = window.adsbygoogle || []).push({}); \n<\/script>\n<\/div>\n<p>-Ben, bir askeri komutan\u0131n devaml\u0131 olarak geli\u015ferek yeti\u015fmesi gerekti\u011fini, nesillerin ders ald\u0131\u011f\u0131 b\u00fcy\u00fck \u00f6nderlerin karakter \u00e7izgileriyle yeti\u015fmelerini s\u00f6ylerim.<\/p>\n<p>Komutanlar orduda 20, 30, 40 y\u0131l g\u00f6rev yapm\u0131\u015f arkada\u015flar\u0131m\u0131z taraf\u0131nda olu\u015fturulur. Yaln\u0131z askeri okul ve akademilerde \u00f6\u011frendikleriyle yetiniyorlarsa, eski bir sava\u015fa haz\u0131rland\u0131klar\u0131 ortadad\u0131r.<\/p>\n<p>Azerbaycan silahl\u0131 kuvvetleri komutanl\u0131\u011f\u0131 ve ordular\u0131n\u0131n modern silahlar\u0131na donanm\u0131\u015f bir halde ve \u00e7ok farkl\u0131 bir haz\u0131rl\u0131kla, son sava\u015flar\u0131n deneyimleriyle eski da\u011fl\u0131k b\u00f6lgelerde ba\u015far\u0131l\u0131 sava\u015ft\u0131.<\/p>\n<p>Sava\u015fta ve sava\u015fa taktik haz\u0131rl\u0131klarda bize s\u00fcrekli destek g\u00f6steren T\u00fcrkiye Silahl\u0131 Kuvvetlerine te\u015fekk\u00fcr etmek boyun borcumdur. Bizim subaylar\u0131m\u0131z T\u00fcrkiye askeri y\u00fcksekokullar\u0131n\u0131n hepsinde e\u011fitim \u00f6\u011fretim g\u00f6r\u00fcyor ve yeti\u015ftiriliyorlar. Cumhurba\u015fkan\u0131 Aliev\u2019in belirtti\u011fi \u00fczere, T\u00fcrkiye ile b\u00fct\u00fcnle\u015fmemizin en y\u00fcksek d\u00fczeyde s\u00fcr\u00fcyor ve biz ger\u00e7ekten 2 devlet ve bir halk\u0131z. Subaylar\u0131m\u0131zdan daha fazlas\u0131 Karaba\u011f\u2019da son 26 y\u0131lda s\u00fcregiden \u00e7at\u0131\u015fmalardan oldu\u011fu gibi, T\u00fcrkiye Silahl\u0131 Kuvvetlerinin Suriye\u2019deki sava\u015f deneyimleri \u00fcst\u00fcne ayr\u0131nt\u0131l\u0131 bilgilendirilmi\u015f oldu\u011funu belirtmek isterim.<\/p>\n<p><strong>&#8211; <\/strong><strong>\u0130kinci Karaba\u011f sava\u015f\u0131nda iki d\u00fc\u015fman aras\u0131ndaki \u00e7arp\u0131\u015fmalar minimum d\u00fczeyine d\u00fc\u015f\u00fcr\u00fclm\u00fc\u015ft\u00fcr. Direk sava\u015flar art\u0131k tarihe kar\u0131\u015f\u0131yor. Siz olaylar\u0131 nas\u0131l de\u011ferlendiriyorsunuz?<\/strong><\/p><div id=\"bghab-3828904832\" class=\"bghab-icerik-icine-20-paragraf bghab-entity-placement\"><script async src=\"\/\/pagead2.googlesyndication.com\/pagead\/js\/adsbygoogle.js?client=ca-pub-6203283170189293\" crossorigin=\"anonymous\"><\/script><ins class=\"adsbygoogle\" style=\"display:block; text-align:center;\" data-ad-client=\"ca-pub-6203283170189293\" \ndata-ad-slot=\"7303146466\" \ndata-ad-layout=\"in-article\"\ndata-ad-format=\"fluid\" data-full-width-responsive=\"true\"><\/ins>\n<script> \n(adsbygoogle = window.adsbygoogle || []).push({}); \n<\/script>\n<\/div>\n<p>&#8211; S\u0131cak sava\u015f\u0131n ba\u015flamas\u0131ndan \u00e7ok daha \u00f6nce Cumhurba\u015fkan\u0131 Aliev, silahl\u0131 kuvvetler kadrolar\u0131 aras\u0131nda kay\u0131plar\u0131n s\u0131f\u0131ra indirilmesi \u00f6devini verdi. Rapor al\u0131rken her defas\u0131nda ve birliklere emirler verirken bu istemlerine kesin uymu\u015ftur. Bundan dolay\u0131d\u0131r ki, uzaktan sava\u015fa ve sert ve k\u0131sa s\u00fcrede verimli \u0131 \u00e7arp\u0131\u015fmalara haz\u0131rlanm\u0131\u015ft\u0131k. Bu sava\u015fta Ermeniler 4 bin asker ve subay kaybederken, Azerbaycan kay\u0131plar\u0131 2 900 idi.<br \/>\n<strong>&#8211; <\/strong><strong>Son d\u00f6nemde, politik ve asker, y\u00f6netimin Pakistan heyetleriyle, sizin ise Pakistan ordu kollar\u0131ndan heyetler kabul etti\u011finizi bas\u0131nda s\u0131k\u00e7a okuyoruz. \u0130ki devlet aras\u0131ndaki bu ili\u015fkilerden ne gibi beklentileriniz var?<\/strong><\/p>\n<p><strong>&#8211;<\/strong> Pakistan askeri g\u00fc\u00e7leri iyi sava\u015f haz\u0131rl\u0131\u011f\u0131 g\u00f6rm\u00fc\u015ft\u00fcr. Azerbaycan topraklar\u0131n\u0131 i\u015fgal etti\u011finden dolay\u0131 Ermenistan devletlerden biridir. Pakistan \u0130slam devleti uluslararas\u0131 \u00f6rg\u00fctlerde hakl\u0131 davam\u0131z\u0131 s\u00fcrekli destekleyen \u00fclkelerin ba\u015f\u0131ndayd\u0131. T\u00fcrkiye ile birlikte Azerbaycan\u2019\u0131n en en g\u00fcvenilir dostlar\u0131ndan biridir.<\/p>\n<p>&#8211; Pakistan askeri g\u00fc\u00e7lerinin \u00f6zellikle da\u011fl\u0131k b\u00f6lgelerde zengin sava\u015f deneyimi var. Operasyon haz\u0131rl\u0131klar\u0131nda, Askeri Hava G\u00fc\u00e7leri haz\u0131rl\u0131klar\u0131nda ve askeri e\u011fitimde deneyim ve bilgi de\u011fi\u015f toku\u015fu yap\u0131yoruz. Askeri pilotlar\u0131m\u0131z Pakistan\u2019da e\u011fitildi. Pakistan helikopter pilotlar\u0131 da Azerbaycan\u2019da haz\u0131rl\u0131k g\u00f6rd\u00fcler. Bizim askeri helikopter pilot e\u011fitim merkezimiz geni\u015f ve b\u00fcy\u00fckt\u00fcr.<\/p>\n<p><strong>-\u015eimdi Ermenistan\u2019da baz\u0131 politikac\u0131lar ve askeri liderler \u00f6\u00e7 almaktan s\u00f6z ediyorlar. Geni\u015f kapsaml\u0131 bir askeri operasyondan dem vuruyorlar. Daha do\u011frusu Topuz etraf\u0131ndaki yerel sava\u015flar\u0131 anlat\u0131yorlar. Bu gibi sald\u0131r\u0131lar\u0131 \u00f6nlemeye ve p\u00fcsk\u00fcrtmeye haz\u0131r m\u0131s\u0131n\u0131z? Verece\u011finiz yan\u0131t nas\u0131l olacakt\u0131r?<\/strong><\/p>\n<p>&#8211; Ermeniler yeni silah sat\u0131n al\u0131nca \u015fovu yar. \u201c<strong>\u0130skender<\/strong>\u201d Rus silahlar\u0131n\u0131 ald\u0131klar\u0131 zaman\u0131 hat\u0131rlay\u0131n\u0131z. Yine Rusya\u2019dan \u201c<strong>CU \u2013 300<\/strong>\u201d \u00e7ok hedefe birden h\u00fccum edebilen askeri sava\u015f sava\u015f u\u00e7aklar\u0131 sat\u0131n ald\u0131klar\u0131nda da ayn\u0131 e\u011flenceli ya\u015fam\u0131\u015flard\u0131. Bu u\u00e7aklar\u0131 Karaba\u011f sava\u015f\u0131nda kullanamad\u0131lar, \u00e7\u00fcnk\u00fc m\u00fchimmat sat\u0131n almay\u0131 unutmu\u015flard\u0131. Yani bu u\u00e7aklar da i\u00e7 politika ama\u00e7l\u0131 ve Azerbaycan\u2019a kar\u015f\u0131 propaganda ama\u00e7l\u0131 al\u0131nm\u0131\u015ft\u0131. Ermenistan\u2019\u0131n ekonomik, politik ve n\u00fcfus sorunlar\u0131 var. Ordular\u0131nda disiplin bozulmu\u015f, isteklendirme yok, ihtiya\u00e7lar\u0131 fazla vs. Sava\u015f bunlar\u0131n hepsini do\u011frulad\u0131.<\/p><div id=\"bghab-100563100\" class=\"bghab-icerik-icine-25-paragraf bghab-entity-placement\"><script async src=\"\/\/pagead2.googlesyndication.com\/pagead\/js\/adsbygoogle.js?client=ca-pub-6203283170189293\" crossorigin=\"anonymous\"><\/script><ins class=\"adsbygoogle\" style=\"display:block; text-align:center;\" data-ad-client=\"ca-pub-6203283170189293\" \ndata-ad-slot=\"7303146466\" \ndata-ad-layout=\"in-article\"\ndata-ad-format=\"fluid\" data-full-width-responsive=\"true\"><\/ins>\n<script> \n(adsbygoogle = window.adsbygoogle || []).push({}); \n<\/script>\n<\/div>\n<div id=\"bghab-3912378289\" class=\"bghab-yazi-altinda bghab-entity-placement\"><script async src=\"https:\/\/pagead2.googlesyndication.com\/pagead\/js\/adsbygoogle.js\"><\/script>\r\n<!-- bghaber-yaz\u0131-sonu -->\r\n<ins class=\"adsbygoogle\"\r\n     style=\"display:block\"\r\n     data-ad-client=\"ca-pub-6203283170189293\"\r\n     data-ad-slot=\"4222328180\"\r\n     data-ad-format=\"auto\"\r\n     data-full-width-responsive=\"true\"><\/ins>\r\n<script>\r\n     (adsbygoogle = window.adsbygoogle || []).push({});\r\n<\/script><\/div><br style=\"clear: both; display: block; float: none;\"\/>","protected":false},"excerpt":{"rendered":"<p>07 A\u011fustos 2021 Azerbaycan Ordu G\u00fcn\u00fc vesilesiyle bir s\u00f6yle\u015fi: Karaba\u011f sava\u015f\u0131 sonu\u00e7lar\u0131n\u0131 genelle\u015ftiren, Azerbaycan Savunma Bakan\u0131 Orgeneral Zakir Hasanov \u015funlar\u0131 s\u00f6yledi: Bir ordunun kararg\u00e2h\u0131nda sadece<\/p>\n","protected":false},"author":13,"featured_media":54777,"comment_status":"closed","ping_status":"closed","sticky":false,"template":"","format":"standard","meta":{"advanced_seo_description":"","jetpack_seo_html_title":"","jetpack_seo_noindex":false,"jetpack_seo_schema_type":"","_jetpack_newsletter_access":"","_jetpack_dont_email_post_to_subs":false,"_jetpack_newsletter_tier_id":0,"_jetpack_memberships_contains_paywalled_content":false,"_jetpack_feature_clip_id":0,"_jetpack_memberships_contains_paid_content":false,"footnotes":"","jetpack_post_was_ever_published":false},"categories":[5,6],"tags":[],"class_list":["post-54776","post","type-post","status-publish","format-standard","has-post-thumbnail","hentry","category-yasam","category-yorum"],"jetpack_sharing_enabled":true,"jetpack_likes_enabled":true,"jetpack-related-posts":[],"jetpack_shortlink":"https:\/\/wp.me\/pc2PfJ-efu","jetpack_featured_media_url":"https:\/\/i0.wp.com\/www.bghaber.org\/bghaber\/wp-content\/uploads\/2021\/08\/az-orgeneral.jpg?fit=642%2C443&ssl=1","_links":{"self":[{"href":"https:\/\/www.bghaber.org\/bghaber\/wp-json\/wp\/v2\/posts\/54776","targetHints":{"allow":["GET"]}}],"collection":[{"href":"https:\/\/www.bghaber.org\/bghaber\/wp-json\/wp\/v2\/posts"}],"about":[{"href":"https:\/\/www.bghaber.org\/bghaber\/wp-json\/wp\/v2\/types\/post"}],"author":[{"embeddable":true,"href":"https:\/\/www.bghaber.org\/bghaber\/wp-json\/wp\/v2\/users\/13"}],"replies":[{"embeddable":true,"href":"https:\/\/www.bghaber.org\/bghaber\/wp-json\/wp\/v2\/comments?post=54776"}],"version-history":[{"count":0,"href":"https:\/\/www.bghaber.org\/bghaber\/wp-json\/wp\/v2\/posts\/54776\/revisions"}],"wp:featuredmedia":[{"embeddable":true,"href":"https:\/\/www.bghaber.org\/bghaber\/wp-json\/wp\/v2\/media\/54777"}],"wp:attachment":[{"href":"https:\/\/www.bghaber.org\/bghaber\/wp-json\/wp\/v2\/media?parent=54776"}],"wp:term":[{"taxonomy":"category","embeddable":true,"href":"https:\/\/www.bghaber.org\/bghaber\/wp-json\/wp\/v2\/categories?post=54776"},{"taxonomy":"post_tag","embeddable":true,"href":"https:\/\/www.bghaber.org\/bghaber\/wp-json\/wp\/v2\/tags?post=54776"}],"curies":[{"name":"wp","href":"https:\/\/api.w.org\/{rel}","templated":true}]}}