{"id":54773,"date":"2021-08-09T14:58:40","date_gmt":"2021-08-09T11:58:40","guid":{"rendered":"https:\/\/www.bghaber.org\/bghaber\/?p=54773"},"modified":"2021-08-09T14:58:40","modified_gmt":"2021-08-09T11:58:40","slug":"bulgaristanda-asi-olan-saglikcilarin-orani-yuzde-50nin-altinda","status":"publish","type":"post","link":"https:\/\/www.bghaber.org\/bghaber\/bulgaristanda-asi-olan-saglikcilarin-orani-yuzde-50nin-altinda\/","title":{"rendered":"Bulgaristan\u2019da a\u015f\u0131 olan sa\u011fl\u0131k\u00e7\u0131lar\u0131n oran\u0131 y\u00fczde 50\u2019nin alt\u0131nda"},"content":{"rendered":"<p>\u015eu ana kadar a\u015f\u0131 olan Bulgaristan vatanda\u015flar\u0131n\u0131n say\u0131s\u0131 art\u0131k 2 milyondur ve \u00fclkemiz bu bak\u0131mdan Avrupa\u2019da son s\u0131radad\u0131r.<\/p>\n<p>A\u015f\u0131 olan sa\u011fl\u0131k \u00e7al\u0131\u015fanlar\u0131n\u0131n y\u00fczde 50\u2019nin alt\u0131nda kalmas\u0131 b\u00fcy\u00fck bir b\u00f6l\u00fcm\u00fcn\u00fcn koronavir\u00fcs\u00fc art\u0131k ge\u00e7irmi\u015f olmas\u0131yla ilgilidir. Son aylarda 60 ya\u015f \u00fczeri olanlarda a\u015f\u0131 s\u00fcrecinde art\u0131\u015f izleniyor. Onlar\u0131n y\u00fczde 60\u2019tan fazlas\u0131na art\u0131k ilk doz a\u015f\u0131 uyguland\u0131. Ya\u015fl\u0131 vatanda\u015flarda a\u015f\u0131 s\u00fcrecinin tamamlanmas\u0131yla yeni koronavir\u00fcs dalgalar\u0131nda kendilerimizi daha rahat hissedece\u011fiz.<\/p>\n<p>Ge\u00e7ici sa\u011fl\u0131k bakan\u0131 Stoy\u00e7o Katsarov bunlar\u0131 BNR\u2019ye m\u00fclakat\u0131nda belirtti. S\u00f6zlerine g\u00f6re Sa\u011fl\u0131k Bakanl\u0131\u011f\u0131 24 Temmuz\u2019da salg\u0131n ba\u015flad\u0131\u011f\u0131ndan beri \u00fclkemizde koronavir\u00fcs\u00fc ge\u00e7irenlerin say\u0131s\u0131na ili\u015fkin analizini tan\u0131tacak. Bu, \u015fu ana kadar yap\u0131lan en tam istatistik olacak.<\/p>\n<p>&nbsp;<\/p>\n<p>BNR<\/p>\n<div id=\"bghab-2028947224\" class=\"bghab-yazi-altinda bghab-entity-placement\"><script async src=\"https:\/\/pagead2.googlesyndication.com\/pagead\/js\/adsbygoogle.js\"><\/script>\r\n<!-- bghaber-yaz\u0131-sonu -->\r\n<ins class=\"adsbygoogle\"\r\n     style=\"display:block\"\r\n     data-ad-client=\"ca-pub-6203283170189293\"\r\n     data-ad-slot=\"4222328180\"\r\n     data-ad-format=\"auto\"\r\n     data-full-width-responsive=\"true\"><\/ins>\r\n<script>\r\n     (adsbygoogle = window.adsbygoogle || []).push({});\r\n<\/script><\/div><br style=\"clear: both; display: block; float: none;\"\/>","protected":false},"excerpt":{"rendered":"<p>\u015eu ana kadar a\u015f\u0131 olan Bulgaristan vatanda\u015flar\u0131n\u0131n say\u0131s\u0131 art\u0131k 2 milyondur ve \u00fclkemiz bu bak\u0131mdan Avrupa\u2019da son s\u0131radad\u0131r. A\u015f\u0131 olan sa\u011fl\u0131k \u00e7al\u0131\u015fanlar\u0131n\u0131n y\u00fczde 50\u2019nin alt\u0131nda<\/p>\n","protected":false},"author":1,"featured_media":54774,"comment_status":"closed","ping_status":"closed","sticky":false,"template":"","format":"standard","meta":{"advanced_seo_description":"","jetpack_seo_html_title":"","jetpack_seo_noindex":false,"jetpack_seo_schema_type":"","_jetpack_newsletter_access":"","_jetpack_dont_email_post_to_subs":false,"_jetpack_newsletter_tier_id":0,"_jetpack_memberships_contains_paywalled_content":false,"_jetpack_feature_clip_id":0,"_jetpack_memberships_contains_paid_content":false,"footnotes":"","jetpack_post_was_ever_published":false},"categories":[1,4],"tags":[1961,30,2902,2884],"class_list":["post-54773","post","type-post","status-publish","format-standard","has-post-thumbnail","hentry","category-haberler","category-siyaset","tag-asi","tag-bulgaristan","tag-korona","tag-virus"],"jetpack_sharing_enabled":true,"jetpack_likes_enabled":true,"jetpack-related-posts":[],"jetpack_shortlink":"https:\/\/wp.me\/pc2PfJ-efr","jetpack_featured_media_url":"https:\/\/i0.wp.com\/www.bghaber.org\/bghaber\/wp-content\/uploads\/2021\/08\/bulgaristan-Gecici-saglik-bakani-Stoyco-Katsarov.jpg?fit=925%2C520&ssl=1","_links":{"self":[{"href":"https:\/\/www.bghaber.org\/bghaber\/wp-json\/wp\/v2\/posts\/54773","targetHints":{"allow":["GET"]}}],"collection":[{"href":"https:\/\/www.bghaber.org\/bghaber\/wp-json\/wp\/v2\/posts"}],"about":[{"href":"https:\/\/www.bghaber.org\/bghaber\/wp-json\/wp\/v2\/types\/post"}],"author":[{"embeddable":true,"href":"https:\/\/www.bghaber.org\/bghaber\/wp-json\/wp\/v2\/users\/1"}],"replies":[{"embeddable":true,"href":"https:\/\/www.bghaber.org\/bghaber\/wp-json\/wp\/v2\/comments?post=54773"}],"version-history":[{"count":0,"href":"https:\/\/www.bghaber.org\/bghaber\/wp-json\/wp\/v2\/posts\/54773\/revisions"}],"wp:featuredmedia":[{"embeddable":true,"href":"https:\/\/www.bghaber.org\/bghaber\/wp-json\/wp\/v2\/media\/54774"}],"wp:attachment":[{"href":"https:\/\/www.bghaber.org\/bghaber\/wp-json\/wp\/v2\/media?parent=54773"}],"wp:term":[{"taxonomy":"category","embeddable":true,"href":"https:\/\/www.bghaber.org\/bghaber\/wp-json\/wp\/v2\/categories?post=54773"},{"taxonomy":"post_tag","embeddable":true,"href":"https:\/\/www.bghaber.org\/bghaber\/wp-json\/wp\/v2\/tags?post=54773"}],"curies":[{"name":"wp","href":"https:\/\/api.w.org\/{rel}","templated":true}]}}