{"id":54735,"date":"2021-08-04T23:01:38","date_gmt":"2021-08-04T20:01:38","guid":{"rendered":"https:\/\/www.bghaber.org\/bghaber\/?p=54735"},"modified":"2026-02-02T19:48:05","modified_gmt":"2026-02-02T16:48:05","slug":"bulgaristana-calisan-hukumete-gerek-var","status":"publish","type":"post","link":"https:\/\/www.bghaber.org\/bghaber\/bulgaristana-calisan-hukumete-gerek-var\/","title":{"rendered":"Bulgaristan\u2019a \u00c7al\u0131\u015fan H\u00fck\u00fcmete Gerek Var"},"content":{"rendered":"<p>\u0130brahim SOYT\u00dcRK<br \/>\nTarih: 04 A\u011fustos<\/p>\n<p><strong>H\u00fck\u00fcmet Meselesi<\/strong><\/p>\n<ul>\n<li><em>Politik bunal\u0131mdan \u00e7\u0131k\u0131lam\u0131yor<\/em><\/li>\n<li><em>Cumhurba\u015fkan\u0131 Rumen Radev ile \u201cVar B\u00f6yle Bir Halk\u201d partisi aras\u0131ndan kara kedi ge\u00e7ti.<\/em><\/li>\n<li><em>Yeni se\u00e7imleri eski Ba\u015fbakan Borisov kazanabilir.<\/em><\/li>\n<li><em>H\u00d6H-DPS mecliste yaln\u0131z kald\u0131.<\/em><\/li>\n<\/ul>\n<p>2 y\u0131ldan beri Borisov h\u00fck\u00fcmeti de\u011fi\u015fsin, y\u0131lba\u015f\u0131ndan beri de yeni h\u00fck\u00fcmet kurulsun diye direnirken, yaln\u0131z se\u00e7men ve kamuoyu de\u011fil, siyaset ve milletvekilleri de iyice yoruldu. Bu yolun en uzun k\u0131sm\u0131, televizyon ve radyo tart\u0131\u015fmalar\u0131nda y\u00fcr\u00fcnd\u00fc. O kadar tart\u0131\u015fmal\u0131 ve \u00e7eli\u015fkili anlat\u0131mlardan se\u00e7menin kafas\u0131 kar\u0131\u015ft\u0131 ve \u201c<strong>\u015fu yenilerden bir \u015fey olmaz<\/strong>\u201d tezi \u00fcst\u00fcn gelebilir. \u201c<strong>Se\u00e7men oyunu bize verdi<\/strong>\u201d s\u00f6zleri iyice a\u015f\u0131nmaya ba\u015flad\u0131.<\/p>\n<p><strong>Ger\u00e7e\u011fi s\u00f6ylemek gerekirse, 1934-1944 aras\u0131 \u00c7arl\u0131k d\u00f6neminde toplanamayan, temas\u0131 kesen, tek elden y\u00f6netilen Bulgaristan siyasetinde diyalog yoktu. Dolay\u0131s\u0131yla yuvarlak masa da yoktu. Ters konu\u015fanlar\u0131n kellesi hep kaym\u0131\u015ft\u0131.<\/strong><\/p>\n<p>1944-1989 y\u0131llar\u0131 aras\u0131nda da Vatan Cephesi k\u0131l\u0131f\u0131 i\u00e7inde Kom\u00fcnist Partisi tek yumruk halinde ve diktat\u00f6r Todor Jivkov\u2019un emrinde idare etti.\u00a0 Milletvekillerini de hep BKP g\u00f6sterdi. H\u00fck\u00fcmetleri o kurdu. Bulgaristan\u2019da parlamenter demokrasi, temas k\u00fclt\u00fcr\u00fc, yuvarlak masa g\u00f6r\u00fc\u015fmeleri ve \u201c<strong>h\u00fck\u00fcmet kurma<\/strong>\u201d pazar asla yap\u0131lmam\u0131\u015ft\u0131r<\/p><div id=\"bghab-868753152\" class=\"bghab-icerik-icine bghab-entity-placement\"><script async src=\"\/\/pagead2.googlesyndication.com\/pagead\/js\/adsbygoogle.js?client=ca-pub-6203283170189293\" crossorigin=\"anonymous\"><\/script><ins class=\"adsbygoogle\" style=\"display:block; text-align:center;\" data-ad-client=\"ca-pub-6203283170189293\" \ndata-ad-slot=\"7303146466\" \ndata-ad-layout=\"in-article\"\ndata-ad-format=\"fluid\" data-full-width-responsive=\"true\"><\/ins>\n<script> \n(adsbygoogle = window.adsbygoogle || []).push({}); \n<\/script>\n<\/div>\n<p><strong>1990 y\u0131l\u0131 ba\u015f\u0131nda Polonya\u2019da \u201cDayan\u0131\u015fma\u201d sendikas\u0131 ba\u015fkan\u0131 Leh Walensa yuvarlak masa kurduktan sonra Bulgaristan\u2019da da kuruldu.<\/strong> Kom\u00fcnistler, ad\u0131n\u0131 g\u00fcya \u201c<strong>sosyalistler<\/strong>\u201d olarak de\u011fi\u015ftirenlerin cephesi ile kendilerine anti-kom\u00fcnistler olarak tan\u0131tan Demokratik G\u00fc\u00e7ler Birli\u011fi (CDC) ile ilk kez Yuvarlak Masaya oturdular. CDC\u2019yi Jel\u00fc Jelev, Sosyalistleri de Andrey Lukanov y\u00f6netti.\u00a0 Al\u0131nan kararlar\u0131n ba\u015f\u0131nda, 1971 Anayasas\u0131\u2019n\u0131n birinci maddesinden \u201ci\u015f\u00e7i s\u0131n\u0131f\u0131n\u0131n \u00f6nc\u00fcs\u00fc olan kom\u00fcnist partisinin toplumdaki y\u00f6netici rol\u00fcn\u00fcn kald\u0131r\u0131lmas\u0131 ve \u00e7ok partili erken se\u00e7im yap\u0131lmas\u0131, Y\u00fcce Halk Meclisi se\u00e7imi yap\u0131lmas\u0131 ve Anayasa de\u011fi\u015fikli\u011fi yap\u0131lmas\u0131 gibi konularda anla\u015f\u0131ld\u0131. B\u00f6ylece Bulgaristan\u2019da birka\u00e7 haftal\u0131k yuvarlak masa k\u00fclt\u00fcr\u00fc ya\u015fand\u0131 ve 30 y\u0131ldan beri bir daha yuvarlak masa kurulmad\u0131 ve neticede 4 Nisan 2021 tarihinde meclise giren 6 parti aras\u0131nda temas olmad\u0131\u011f\u0131, h\u00fck\u00fcmet kurulmas\u0131n\u0131n imk\u00e2ns\u0131z oldu\u011fu saptand\u0131 ve 11 Temmuzda erken se\u00e7im yap\u0131ld\u0131.<\/p>\n<p><strong>Bulgar anayasas\u0131na g\u00f6re, yeni ba\u015fbakan ve h\u00fck\u00fcmet \u00fcyelerinin se\u00e7imde en fazla oy alan ve h\u00fck\u00fcmet kurmakla g\u00f6revlendirilen politik partinin meclis grubu se\u00e7er.<\/strong> Belirlenen kabine bir hafta i\u00e7inde ba\u015fbakan aday\u0131 taraf\u0131ndan (halen bu g\u00f6rev Pl. Nikolov\u2019e verilmi\u015ftir) Cumhurba\u015fkan\u0131na sunulur ve o da birka\u00e7 g\u00fcn sonra g\u00fcvenoyu i\u00e7in ba\u015fbakan\u0131 ve h\u00fck\u00fcmet listesini Halk Meclisine sunar. Bu i\u015flemin \u201c<strong>liste cumhurba\u015fkan\u0131na sunulur<\/strong>\u201d b\u00f6l\u00fcm\u00fcn\u00fcn bu hafta tamamlanmas\u0131 bekleniyor. Yani Bulgaristan\u2019da politik bunal\u0131m devam ediyor. Bu defa buradaki kilit nokta, Ba\u015fbakan Pl. Nikolov\u2019un ve ard\u0131ndan kabine \u00fcyelerinin de meclis grubu taraf\u0131ndan de\u011fil, \u015fahsen parti ba\u015fkan\u0131 Slavi Trifonov taraf\u0131ndan se\u00e7ilmi\u015f olmas\u0131nda d\u00fc\u011f\u00fcmlenmi\u015f bulunuyor. Olay\u0131n bir anayasa ihlali oldu\u011funu iddia edenler art\u0131yor. G\u00fcven yitiriliyor. Kurallara uyulmas\u0131 isteniyor.<\/p>\n<p><strong>1990 y\u0131l\u0131na bir daha d\u00f6nersek, yuvarlak masa toplant\u0131lar\u0131nda Hak ve \u00d6zg\u00fcrl\u00fckler Hareketi (H\u00d6H-DPS) yoktu.<\/strong> T\u00fcrk partisinin 46. Halk Meclisinde h\u00fck\u00fcmet olu\u015fturma temaslar\u0131na kat\u0131lmas\u0131 da engellendi. T\u00fcrkler politik oyun ve iktidar d\u0131\u015f\u0131nda b\u0131rak\u0131lmak isteniyor. Oysa Bulgaristan halk\u0131na 1989\u2019da \u00a0demokrasi ve \u00f6zg\u00fcrl\u00fck ufkunu a\u00e7an,\u00a0 ayn\u0131 y\u0131l\u0131n May\u0131s ay\u0131nda Bulgaristan\u2019a deprem ya\u015fatan T\u00fcrk milli ayaklanmas\u0131, devlet zul\u00fcm g\u00fc\u00e7leriyle M\u00fcsl\u00fcman az\u0131nl\u0131\u011f\u0131n \u00e7arp\u0131\u015fmas\u0131 ve devlet ve rejimini tekmeleyerek Bulgaristan\u2019\u0131 terk eden M\u00fcsl\u00fcman T\u00fcrk kitlesidir. O tarihten ba\u015flayarak Bulgaristan\u2019da toplum, halk ve iktidar olma mayas\u0131 da\u011f\u0131lm\u0131\u015f, g\u00f6k \u00e7\u00f6km\u00fc\u015f, toprak delinmi\u015f ve meclis toplay\u0131p h\u00fck\u00fcmet kuramayan bir siyasi bunal\u0131m i\u00e7inde bulundu\u011fumuz ortadad\u0131r. Bulgar toplumunu toparlayan, birbirine yap\u0131\u015ft\u0131ran ve kenetleyen g\u00fcc\u00fcn M\u00fcsl\u00fcman T\u00fcrkler oldu\u011fu bir daha kan\u0131tlanm\u0131\u015f oldu. \u00a0Olay\u0131n g\u00fcn\u00fcm\u00fcze yans\u0131yan bir ba\u015fka \u00f6rne\u011fi daha var. \u201c<strong>Var B\u00f6yle Bir Halk<\/strong>\u201d partisi 11 Temmuz se\u00e7imlerinde toplam oylar\u0131n ancak <strong>% 9\u2019unu ald\u0131. B<\/strong>u siyasi g\u00fc\u00e7le bug\u00fcn az\u0131nl\u0131k h\u00fck\u00fcmeti kurulmaya \u00e7al\u0131\u015f\u0131l\u0131yor ve 2 partinin laf\u0131 birbirini tutmuyor, bir ortak belge alt\u0131na imza atmak bile istemiyorlar.<\/p>\n<p><strong>B\u00f6yle bir olay 1917 y\u0131l\u0131nda Rusya ya\u015fanm\u0131\u015ft\u0131r.<\/strong> Se\u00e7men sand\u0131\u011fa k\u00fcsm\u00fc\u015f ve se\u00e7imden tek ba\u015f\u0131na h\u00fck\u00fcmet kuracak bir siyasi parti \u00e7\u0131kmam\u0131\u015ft\u0131r. O zaman Alman kanzleri Bismarck\u2019\u0131n ajan\u0131 olan V.\u0130. Lenin \u201c<strong>Var B\u00f6yle Bir Parti<\/strong>\u201d \u015fiar\u0131yla \u00f6ne at\u0131larak 70 y\u0131l s\u00fcren Sovyet diktat\u00f6rl\u00fc\u011f\u00fcn\u00fc kurmu\u015ftur.<\/p>\n<p>\u201c<strong>Var B\u00f6yle Bir Halk<\/strong>\u201d h\u00fck\u00fcmeti ba\u015fbakan aday\u0131n\u0131 ve 18 h\u00fck\u00fcmet \u00fcyesini a\u00e7\u0131klad\u0131. Bu yeni partinin asl\u0131nda \u00e7ok zengin bir elit kadro havzas\u0131 yok.\u00a0 Bakanlar\u0131n baz\u0131lar\u0131 daha \u00f6nce de bakanl\u0131k yapm\u0131\u015ft\u0131r.<\/p><div id=\"bghab-3073791427\" class=\"bghab-icerik-icine-10-paragraf bghab-entity-placement\"><script async src=\"\/\/pagead2.googlesyndication.com\/pagead\/js\/adsbygoogle.js?client=ca-pub-6203283170189293\" crossorigin=\"anonymous\"><\/script><ins class=\"adsbygoogle\" style=\"display:block; text-align:center;\" data-ad-client=\"ca-pub-6203283170189293\" \ndata-ad-slot=\"7303146466\" \ndata-ad-layout=\"in-article\"\ndata-ad-format=\"fluid\" data-full-width-responsive=\"true\"><\/ins>\n<script> \n(adsbygoogle = window.adsbygoogle || []).push({}); \n<\/script>\n<\/div>\n<p><strong>Bakanlar Kurulu hakk\u0131nda de\u011fi\u015fik \u00e7evrelerden farkl\u0131 fikirler y\u00fckselmesi do\u011fald\u0131r.<\/strong> \u015eu da var, onlar\u0131n hepsi bizim memleketin \u00e7ocuklar\u0131d\u0131r. Bu defa da en sert ele\u015ftiri Ba\u015fbakan Plamen Nikolov\u2019a geldi. \u00d6nce y\u00fcksek lisans diplomas\u0131 olmad\u0131\u011f\u0131, ard\u0131ndan da felsefe bilimleri konusunun \u201c<strong>Diyalektik Maddecilik<\/strong>\u201d ile ilgili oldu\u011fu ve sonunda Sofya \u201c<strong>Kliment Ohridski \u00dcniversitesi<\/strong>\u201d\u00a0 Felsefe Fak\u00fcltesinde kayd\u0131 oldu\u011fu, fakat savunmas\u0131n\u0131 yapmad\u0131\u011f\u0131 a\u00e7\u0131kland\u0131.<\/p>\n<p><strong>Olay hem \u00dcniversite Rekt\u00f6r\u00fc Prof \u0130l\u00e7ev hem de E\u011fitim ve Teknoloji Bakanl\u0131\u011f\u0131 taraf\u0131ndan do\u011fruland\u0131.<\/strong><\/p>\n<p><strong>Neyse, Bulgaristan Anayasas\u0131nda Ba\u015fbakan\u2019\u0131n Profes\u00f6r, Do\u00e7ent, Doktor ya da feylesof olmas\u0131 gibi bir kural da olmad\u0131\u011f\u0131ndan, bu kazan kaynamad\u0131.<\/strong><\/p>\n<p>G\u00fcven oylamas\u0131 yap\u0131lmas\u0131ndan tam 1 hafta \u00f6nce \u201cVar B\u00f6yle Bir Halk\u201d, Bulgaristan Sosyalist Partisi\u201d (BSP), Demokratik Bulgaristan (DB) ve \u201cAya\u011fa Kalk Bulgaristan, Biz Geliyoruz!\u201d partileri heyetleri aras\u0131ndaki g\u00f6r\u00fc\u015fmelerde e\u011fitim, sa\u011fl\u0131k, adalet, ekonomi ve sosyal reformlar yap\u0131lmas\u0131 gibi konularda g\u00f6r\u00fc\u015f birli\u011fine var\u0131ld\u0131. Fakat hen\u00fcz ilgili anla\u015fma ve s\u00f6zle\u015fmeler imzalanamad\u0131\u011f\u0131ndan g\u00fcvenoyuna kat\u0131lacaklar\u0131 emin de\u011fildir.<\/p>\n<p>Tabii bu geli\u015fmelerin hepsi B. Borisov ve partisi ve dolay\u0131s\u0131yla Bulgar mafya ve oligar\u015fisi lehinde geli\u015fmelerdir.<\/p><div id=\"bghab-619540682\" class=\"bghab-icerik-icine-15-paragraf bghab-entity-placement\"><script async src=\"\/\/pagead2.googlesyndication.com\/pagead\/js\/adsbygoogle.js?client=ca-pub-6203283170189293\" crossorigin=\"anonymous\"><\/script><ins class=\"adsbygoogle\" style=\"display:block; text-align:center;\" data-ad-client=\"ca-pub-6203283170189293\" \ndata-ad-slot=\"7303146466\" \ndata-ad-layout=\"in-article\"\ndata-ad-format=\"fluid\" data-full-width-responsive=\"true\"><\/ins>\n<script> \n(adsbygoogle = window.adsbygoogle || []).push({}); \n<\/script>\n<\/div>\n<p><strong>Bu nas\u0131l bir par\u00e7alan\u0131\u015f ve da\u011f\u0131l\u0131\u015ft\u0131r?<\/strong><\/p>\n<p><strong>\u00a0<\/strong>Bulgaristan\u2019da Rusya\u2019c\u0131, Bat\u0131c\u0131 ve Osmanl\u0131c\u0131 par\u00e7alan\u0131\u015f\u0131 daha 1878\u2019de ba\u015flad\u0131 ve milli ruh ve ulusal de\u011ferler etraf\u0131nda toparlanma asla sa\u011flanamad\u0131. Bulgarlar ge\u00e7en as\u0131r hem Almanya\u2019ya, hem Rusya\u2019ya hem de Osmanl\u0131\u2019ya sava\u015f a\u00e7t\u0131. Hep yenildi ama bir t\u00fcrl\u00fc uslanmad\u0131.<\/p>\n<p>1990\u2019dan sonra Sofya meclisinde sol sa\u011f, kom\u00fcnist anti-kom\u00fcnist, totaliter rejimci ve hukukun \u00fcst\u00fcnl\u00fc\u011f\u00fc taraftarlar\u0131; sol-liberal, sah-liberal ve a\u015f\u0131r\u0131 liberaller; sosyalist, sosyal demokrat ve demokratik sosyalistler ve g\u00fcya yurtsever, milliyet\u00e7i, a\u015f\u0131r\u0131-milliyet\u00e7iler maskeli fa\u015fistler aras\u0131nda politik ve ideolojik kavga durmadan s\u00fcrd\u00fc.<\/p>\n<p>30 y\u0131ldan beri devam eden bu kap\u0131\u015fmada b\u00fcy\u00fck say\u0131da Rusofil ve Rusofob oyundan d\u00fc\u015ft\u00fc, hatta 45. ve 46. Meclis se\u00e7imlerinde Volen Siderov\u2019un a\u015f\u0131r\u0131 rusofil \u201cAtaka\u201d partisi; Makedon as\u0131l\u0131 a\u015f\u0131r\u0131 Bulgar milliyet\u00e7ilerinin VMRO-BND\u2019un Kr. Karaka\u00e7anov ve An. Cambazki y\u00f6netimindeki pop\u00fclist partisi; Valeri Simyonov\u2019un g\u00fcya Bulgaristan\u2019\u0131 kurtarmak i\u00e7in \u00e7al\u0131\u015fan T\u00fcrk d\u00fc\u015fman\u0131, a\u015f\u0131r\u0131 milliyet\u00e7i (NDSB) partisi ve Moskova\u2019ya ba\u011fl\u0131 ba\u015fka bir pop\u00fclist kurulu\u015f olan \u201cVolya\u201d partisi ve onlar\u0131n toplam 39 milletvekili de 11 Temmuz\u2019da Meclis d\u0131\u015f\u0131 kald\u0131.<\/p>\n<p>Ne var ki, Meclis i\u00e7indeki par\u00e7alanma bu defa sokaktan, protesto eylemlerinden geldi. 4 Nisan se\u00e7imi par\u00e7alanm\u0131\u015f do\u011fdu. \u0130lk perdede \u201c<strong>Eski durumun korunmas\u0131n\u0131 isteyenler<\/strong>\u201d \/i<strong>stat\u00fckocular<\/strong>\/ ile reformcular, de\u011fi\u015fim ve d\u00f6n\u00fc\u015f\u00fcm \u2013 sistem de\u011fi\u015fikli\u011fi \u2013 isteyenler birbirine d\u00fc\u015ft\u00fc. Bu kavga bug\u00fcn meclis k\u00fcrs\u00fcs\u00fcnden p\u00fcsk\u00fcrt\u00fclen ate\u015fte devam ediyor.<\/p><div id=\"bghab-1883566101\" class=\"bghab-icerik-icine-20-paragraf bghab-entity-placement\"><script async src=\"\/\/pagead2.googlesyndication.com\/pagead\/js\/adsbygoogle.js?client=ca-pub-6203283170189293\" crossorigin=\"anonymous\"><\/script><ins class=\"adsbygoogle\" style=\"display:block; text-align:center;\" data-ad-client=\"ca-pub-6203283170189293\" \ndata-ad-slot=\"7303146466\" \ndata-ad-layout=\"in-article\"\ndata-ad-format=\"fluid\" data-full-width-responsive=\"true\"><\/ins>\n<script> \n(adsbygoogle = window.adsbygoogle || []).push({}); \n<\/script>\n<\/div>\n<p><strong>Birinci gruba<\/strong>, istifas\u0131 istenen Avrupal\u0131 Bulgaristan Vatanda\u015flar\u0131 GERB partisi ve 2017-2021 y\u0131llar\u0131 aras\u0131nda fa\u015fist h\u00fck\u00fcmet ortaklar\u0131 dedi\u011fimiz \u00fc\u00e7 partiden olu\u015fan g\u00fcya \u201c<strong>Yurtsever Cephe<\/strong>\u201d \/VMRO-BND, NDSB ve ATAKA\/ partileri ve \u00fcstelik sosyalistlerin BSP partisi ve T\u00fcrklerin H\u00d6H-DPS partisi ayn\u0131 k\u00fcfeye kondular. Meclisteki sandalye say\u0131s\u0131 olarak de\u011ferlendirdi\u011fimizde bu de\u011fi\u015fim \u015f\u00f6yle \u015fekillendi:<\/p>\n<p><strong>26 Mart 2017 se\u00e7imlerinden sonra olu\u015fan son durum: <\/strong><\/p>\n<p><strong><em>GERB\u00a0 &#8211; 95 milletvekili<\/em><\/strong><\/p>\n<p><strong><em>G\u00fcya \u201cYurtsever Cephe\u201d\u00a0 &#8211; 27<\/em><\/strong><\/p>\n<p><strong><em>BSP &#8211; 80<\/em><\/strong><\/p><div id=\"bghab-1250182192\" class=\"bghab-icerik-icine-25-paragraf bghab-entity-placement\"><script async src=\"\/\/pagead2.googlesyndication.com\/pagead\/js\/adsbygoogle.js?client=ca-pub-6203283170189293\" crossorigin=\"anonymous\"><\/script><ins class=\"adsbygoogle\" style=\"display:block; text-align:center;\" data-ad-client=\"ca-pub-6203283170189293\" \ndata-ad-slot=\"7303146466\" \ndata-ad-layout=\"in-article\"\ndata-ad-format=\"fluid\" data-full-width-responsive=\"true\"><\/ins>\n<script> \n(adsbygoogle = window.adsbygoogle || []).push({}); \n<\/script>\n<\/div>\n<p><strong><em>H\u00d6H \u2013 DPS\u00a0 &#8211; 26<\/em><\/strong><\/p>\n<p><strong><em>\u201cVolya\u201d \u2013 12<\/em><\/strong><\/p>\n<p><strong>GERB partisi parlamenter \u00e7o\u011funlu\u011fu (95 milletvekili) G\u00fcya \u201cYurtsever Cephe\u201d\u00a0 (27 milletvekili) ile buldu.<\/strong><\/p>\n<p>Genelleme yapmak gerekirse 2017\u2019de 44. Sofya meclisi program a\u00e7\u0131klamad\u0131, hi\u00e7bir reform yapmad\u0131, yolsuzluk alm\u0131\u015f y\u00fcr\u00fcm\u00fc\u015f ve mafya oligar\u015fi s\u0131n\u0131f\u0131 iktidar\u0131n\u0131 g\u00fc\u00e7lendirmi\u015f ve AB\u2019den gelen kar\u015f\u0131l\u0131ks\u0131z paralar, fon paralar\u0131, sosyal yard\u0131mlar halka da\u011f\u0131t\u0131lmam\u0131\u015f ve Bulgaristan halk\u0131 eski k\u0131tan\u0131n en fakir toplulu\u011fu durumuna d\u00fc\u015f\u00fcr\u00fcld\u00fc. Burada her konuda pasif kalan 240 ki\u015filik bir meclisin halk\u0131 ezmeye ve suyunu \u00e7\u0131karmaya kenetlendi\u011fini g\u00f6rebiliyoruz.<\/p>\n<p><strong>11 Temmuz 2021 se\u00e7imlerinden sonra meclisteki durumun de\u011fi\u015fmeden s\u00fcrmesinden yana olan siyasi partiler milletvekili say\u0131s\u0131 olarak azald\u0131. Halk\u0131n tepkisi dile geldi, ama hi\u00e7bir partiye tek ba\u015f\u0131na iktidar olma yolu da a\u00e7mad\u0131. <\/strong><\/p><div id=\"bghab-2848953216\" class=\"bghab-icerik-icine-30-paragraf bghab-entity-placement\"><script async src=\"\/\/pagead2.googlesyndication.com\/pagead\/js\/adsbygoogle.js?client=ca-pub-6203283170189293\" crossorigin=\"anonymous\"><\/script><ins class=\"adsbygoogle\" style=\"display:block; text-align:center;\" data-ad-client=\"ca-pub-6203283170189293\" \ndata-ad-slot=\"7303146466\" \ndata-ad-layout=\"in-article\"\ndata-ad-format=\"fluid\" data-full-width-responsive=\"true\"><\/ins>\n<script> \n(adsbygoogle = window.adsbygoogle || []).push({}); \n<\/script>\n<\/div>\n<p><strong>GERB\u00a0 \u00a0\u00a0\u00a0\u00a0\u00a0\u00a0\u00a0\u00a0\u00a0\u00a0\u00a0\u00a0 \u00a062 milletvekili<\/strong><\/p>\n<p><strong>BSP\u00a0\u00a0\u00a0\u00a0\u00a0 \u00a0\u00a0\u00a0\u00a0\u00a0\u00a0\u00a0\u00a0\u00a0\u00a0\u00a0 \u00a036 milletvekili\u00a0<\/strong><\/p>\n<p><strong>H\u00d6H \u2013 DPS\u00a0\u00a0\u00a0\u00a0\u00a0\u00a0 29 milletvekili<br \/>\n<\/strong>&#8212;&#8212;&#8212;&#8212;&#8212;&#8212;&#8212;&#8212;&#8212;-<br \/>\n<strong>Toplam: 127 milletvekili.\u00a0\u00a0\u00a0 (2017\u2019ye g\u00f6re azalma 113 milletvekili).<\/strong><\/p>\n<p>Burada % 50\u2019den sadece 3 milletvekili eksik olan ve de\u011fi\u015fiklikler isteyen politik g\u00fc\u00e7leri sahneye \u00e7\u0131karan durumun baz\u0131 \u00f6zellikleri var.<\/p>\n<p>\/<strong>Stat\u00fckocu<\/strong>\/, (de\u011fi\u015fiklikler istemeyen g\u00fc\u00e7lerden) BSP ile H\u00d6H-DPS de 2009\u2019dan beri iktidardaki Ba\u015fbakan B. Borisov, GERB partisi ve y\u00f6netim usul\u00fcn\u00fc ele\u015ftirdi. Yolsuzluklarla su\u00e7lad\u0131. H\u00fck\u00fcmet kurmayaca\u011f\u0131 gibi meclis deste\u011fi de vermeyece\u011fini a\u00e7\u0131klad\u0131. B\u00f6ylece GERB partisi mecliste ikinci parti, fakat kabine kurma g\u00fc\u00e7 ve alternatifi olmayan bir parti durumuna d\u00fc\u015ft\u00fc.<\/p><div id=\"bghab-1249702335\" class=\"bghab-icerik-icine-35-paragraf bghab-entity-placement\"><script async src=\"\/\/pagead2.googlesyndication.com\/pagead\/js\/adsbygoogle.js?client=ca-pub-6203283170189293\" crossorigin=\"anonymous\"><\/script><ins class=\"adsbygoogle\" style=\"display:block; text-align:center;\" data-ad-client=\"ca-pub-6203283170189293\" \ndata-ad-slot=\"7303146466\" \ndata-ad-layout=\"in-article\"\ndata-ad-format=\"fluid\" data-full-width-responsive=\"true\"><\/ins>\n<script> \n(adsbygoogle = window.adsbygoogle || []).push({}); \n<\/script>\n<\/div>\n<p><strong>\u0130kinci grup: <\/strong>4 Nisan 2021 meclis se\u00e7imlerinde \u00fc\u00e7\u00fcz do\u011fdu ve 11 Temmuz se\u00e7imlerine do\u011fru \u015f\u00f6yle bir i\u00e7 evrim g\u00f6sterdi.<\/p>\n<p><strong><u>Bulgaristan Se\u00e7imleri 4 Nisan ve 11 Temmuz 2021<\/u><\/strong><\/p>\n<p><strong><u>Partilerin ad\u0131 \u00a0\u00a0\u00a0\u00a0\u00a0\u00a0\u00a0\u00a0\u00a0\u00a0\u00a0\u00a0 Milletvekili say\u0131lar\u0131 \u00a0 Nisan\u00a0\u00a0 \u00a0\u00a0\u00a0\u00a0\u00a0\u00a0\u00a0\u00a0\u00a0\u00a0\u00a0 Temmuz<\/u><\/strong><\/p>\n<p><em><strong>1) \u201cVar B\u00f6yle Bir Halk\u201d\u00a0\u00a0\u00a0\u00a0\u00a0\u00a0\u00a0\u00a0\u00a0\u00a0\u00a0\u00a0\u00a0\u00a0\u00a0\u00a0\u00a0\u00a0\u00a0\u00a0\u00a0\u00a0\u00a0\u00a0\u00a0\u00a0\u00a0\u00a0\u00a0\u00a0\u00a0\u00a0\u00a0 53\u00a0\u00a0\u00a0\u00a0\u00a0\u00a0\u00a0\u00a0\u00a0\u00a0\u00a0\u00a0\u00a0\u00a0\u00a0\u00a0\u00a0\u00a0\u00a0 65<\/strong><\/em><\/p>\n<p><em><strong>2) \u201cDemokratik Bulgaristan\u201d\u00a0\u00a0\u00a0\u00a0\u00a0\u00a0\u00a0\u00a0\u00a0\u00a0\u00a0\u00a0\u00a0\u00a0\u00a0\u00a0\u00a0\u00a0\u00a0\u00a0\u00a0\u00a0\u00a0\u00a0\u00a0 34\u00a0\u00a0\u00a0\u00a0\u00a0\u00a0\u00a0\u00a0\u00a0\u00a0\u00a0\u00a0\u00a0\u00a0\u00a0\u00a0\u00a0\u00a0\u00a0\u00a0\u00a0 39<\/strong><\/em><\/p><div id=\"bghab-3528642985\" class=\"bghab-icerik-icine-40-paragraf bghab-entity-placement\"><script async src=\"\/\/pagead2.googlesyndication.com\/pagead\/js\/adsbygoogle.js?client=ca-pub-6203283170189293\" crossorigin=\"anonymous\"><\/script><ins class=\"adsbygoogle\" style=\"display:block; text-align:center;\" data-ad-client=\"ca-pub-6203283170189293\" \ndata-ad-slot=\"7303146466\" \ndata-ad-layout=\"in-article\"\ndata-ad-format=\"fluid\" data-full-width-responsive=\"true\"><\/ins>\n<script> \n(adsbygoogle = window.adsbygoogle || []).push({}); \n<\/script>\n<\/div>\n<p><em><strong>3)\u00a0 \u201cAya\u011fa Kalk BG., Biz Geliyoruz!\u201d\u00a0\u00a0\u00a0\u00a0\u00a0\u00a0\u00a0\u00a0\u00a0\u00a0\u00a0\u00a0\u00a0 14\u00a0\u00a0\u00a0\u00a0\u00a0\u00a0\u00a0\u00a0\u00a0\u00a0\u00a0\u00a0\u00a0\u00a0\u00a0\u00a0\u00a0\u00a0\u00a0\u00a0\u00a0 13<\/strong><\/em><\/p>\n<p><em><strong>&#8212;&#8212;&#8212;&#8212;&#8212;&#8212;&#8212;&#8212;&#8212;&#8212;&#8212;&#8212;&#8212;&#8212;&#8212;-<\/strong><\/em><\/p>\n<p><em><strong>\u00a0\u00a0\u00a0\u00a0\u00a0\u00a0\u00a0\u00a0\u00a0\u00a0\u00a0\u00a0\u00a0\u00a0\u00a0\u00a0\u00a0\u00a0\u00a0\u00a0\u00a0\u00a0\u00a0\u00a0\u00a0\u00a0\u00a0\u00a0\u00a0\u00a0\u00a0\u00a0\u00a0\u00a0\u00a0\u00a0\u00a0\u00a0\u00a0\u00a0\u00a0\u00a0\u00a0\u00a0\u00a0\u00a0\u00a0\u00a0 Toplam:\u00a0\u00a0\u00a0\u00a0\u00a0\u00a0\u00a0\u00a0\u00a0 101\u00a0\u00a0 ( + 16 )\u00a0\u00a0\u00a0\u00a0\u00a0\u00a0 117\u00a0\u00a0\u00a0\u00a0<\/strong><\/em><\/p>\n<p>&nbsp;<\/p>\n<p>11 Temmuz se\u00e7imlerinde 1. Parti olan \u201c<strong>Var B\u00f6yle Bir Halk<\/strong>\u201d ba\u015fbakan aday\u0131 Plamen Nikolov ba\u015fkanl\u0131\u011f\u0131nda kabineye g\u00fcvenoyu istemeye haz\u0131rlan\u0131yor. Bug\u00fcn (04 08 2021) tarihi itibar\u0131yla Bulgaristan Sosyalist Partisi (BSP) az\u0131nl\u0131k h\u00fck\u00fcmetini desteklemeye en yak\u0131n bulunuyor. \u201c<strong>Demokratik Bulgaristan<\/strong>\u201d ve \u201c<strong>Aya\u011fa Kalk BG, Biz Geliyoruz!<\/strong>\u201d ikilisinden birincisinin Slavi Trihonov h\u00fck\u00fcmetine g\u00fcvenoyu ve destek vermeyece\u011finden s\u00f6z ediliyor. \u00d6te yandan en \u00f6ncelikli sorunun 12 y\u0131ldan beri uygulanan y\u00f6netim y\u00f6ntemlerinin de\u011fi\u015ftirilmesi oldu\u011fu belirtilirken, sosyal konulara ve \u00f6zellikle emekli maa\u015flar\u0131n\u0131n ve sosyal yard\u0131mlar\u0131n y\u00fckseltilmesine vurgu yap\u0131l\u0131yor. 2008\u2019den beri Bulgaristan\u2019da emekli maa\u015flar\u0131na zam yap\u0131lmam\u0131\u015ft\u0131r.<\/p>\n<p>&nbsp;<\/p>\n<p>Fakat bug\u00fcnk\u00fc durum ve i\u00e7inde bulundu\u011fumuz par\u00e7alanm\u0131\u015fl\u0131k, birlik ve beraberlik kurma yollar\u0131n\u0131n hepsinin kapal\u0131 olmas\u0131, derin bir siyasi bunal\u0131m i\u00e7inde bulunuldu\u011funu g\u00fcn \u0131\u015f\u0131\u011f\u0131nda tutuyor. \u00d6n\u00fcm\u00fczdeki hafta meclis az\u0131nl\u0131k h\u00fck\u00fcmetine g\u00fcvenoyu vermi\u015f olsa bile, bunal\u0131m s\u00fcrecek ve ana sorun Avrupa Birli\u011fi fonlar\u0131ndan pay isteyenlerle kanl\u0131 b\u0131\u00e7akl\u0131 kavga \u015feklinde s\u00fcrecektir.<\/p><div id=\"bghab-945722968\" class=\"bghab-icerik-icine-45-paragraf bghab-entity-placement\"><script async src=\"\/\/pagead2.googlesyndication.com\/pagead\/js\/adsbygoogle.js?client=ca-pub-6203283170189293\" crossorigin=\"anonymous\"><\/script><ins class=\"adsbygoogle\" style=\"display:block; text-align:center;\" data-ad-client=\"ca-pub-6203283170189293\" \ndata-ad-slot=\"7303146466\" \ndata-ad-layout=\"in-article\"\ndata-ad-format=\"fluid\" data-full-width-responsive=\"true\"><\/ins>\n<script> \n(adsbygoogle = window.adsbygoogle || []).push({}); \n<\/script>\n<\/div>\n<p>Kavgan\u0131n sertle\u015fece\u011fi ba\u015fka bir konu da d\u0131\u015f siyaset ve \u00f6zellikle de Kuzey Makedonya ile ili\u015fkiler sorunudur. Yeni Ba\u015fbakan devlet televizyonu BNT-1 \u201cPanaroma\u201d program\u0131nda \u201cBulgaristan\u2019daki Makedon az\u0131nl\u0131\u011fa az\u0131nl\u0131k haklar\u0131 tan\u0131nmas\u0131 gerekti\u011fini dile getirdi ve milliyet\u00e7i toplum \u201cmilli \u00e7\u0131karlar\u201d bayra\u011f\u0131 kald\u0131rarak patlad\u0131.\u00a0 Yeni kabine Makedonya sorununu \u00e7\u00f6zmekten yana tav\u0131r al\u0131rsa d\u00fc\u015f\u00fcr\u00fclmesi istenecektir.<\/p>\n<p>Hala bir s\u0131r olarak saklanan ve \u201cDemokratik Bulgaristan\u201d ve \u201cAya\u011fa Kalk Bg. Biz Geliyoruz!\u201d partileri g\u00fcvenoyu vermez ya da g\u00fcvenoyuna parlamenter destek sa\u011flamaz ve salondan \u00e7\u0131karsa, meclis i\u00e7i \u00e7eli\u015fkiler daha da sertle\u015fecektir. Yine nedenleri hala a\u00e7\u0131klanmam\u0131\u015f olsa da \u00a0Cumhurba\u015fkan\u0131 Radev ile en b\u00fcy\u00fck partinin ba\u015fkan\u0131 olan Slavi Trihonov aras\u0131ndaki temaslar\u0131n kesilmesi de ba\u015fl\u0131 ba\u015f\u0131na bir problem olur ve belki de \u00e7ok derinle\u015firse, III. Boris Zaman\u0131nda 1942\u2019den ba\u015flayarak ya\u015fand\u0131\u011f\u0131 gibi, y\u00fcr\u00fctme g\u00f6revleri b\u00fct\u00fcn\u00fcyle Bakanlar Kuruluna devredilebilir. \u015eimdiki Ba\u015fbakan General Stefan Yanev\u2019in \u201cprogram h\u00fck\u00fcmeti\u201d gibi h\u00fck\u00fcmetler b\u00f6yle y\u00f6netim bi\u00e7imini \u00fcslenmeye ve meclisi kapamaya \u00e7oktan haz\u0131rd\u0131r.<\/p>\n<p><strong>Tart\u0131\u015fmalar\u0131 \u00e7ok yak\u0131ndan izliyoruz.<\/strong><\/p>\n<p>Avrupa Birli\u011finden \u00f6n\u00fcm\u00fczdeki y\u0131llarda gelecek olan 29 milyar avro amaca y\u00f6nelik, \u00e7almadan, kapmadan, yolsuzluklara kurban olmadan kullan\u0131l\u0131rsa Bulgaristan\u2019\u0131n kalk\u0131nma raylar\u0131na girece\u011fine inanlar artacakt\u0131r.<\/p>\n<p>\u201cCovid\u201d belas\u0131n\u0131n \u201cDelta\u201d t\u00fcr\u00fcn\u00fc hafife almay\u0131n\u0131z. Temizlik, mesafe, dezenfeksiyon kurallar\u0131na uymak ana vazifemizdir.<\/p><div id=\"bghab-1672982451\" class=\"bghab-icerik-icine-50-paragraf bghab-entity-placement\"><script async src=\"\/\/pagead2.googlesyndication.com\/pagead\/js\/adsbygoogle.js?client=ca-pub-6203283170189293\" crossorigin=\"anonymous\"><\/script><ins class=\"adsbygoogle\" style=\"display:block; text-align:center;\" data-ad-client=\"ca-pub-6203283170189293\" \ndata-ad-slot=\"7303146466\" \ndata-ad-layout=\"in-article\"\ndata-ad-format=\"fluid\" data-full-width-responsive=\"true\"><\/ins>\n<script> \n(adsbygoogle = window.adsbygoogle || []).push({}); \n<\/script>\n<\/div>\n<p>Cumhurba\u015fkan\u0131 se\u00e7imleri 21 Ekim 2021 tarihindedir.<\/p>\n<p>\u0130kinci erken meclis se\u00e7imi yap\u0131lacaksa ilk siz i\u015fiteceksiniz.<\/p>\n<p>Okuyan ve payla\u015fanlara te\u015fekk\u00fcrler.<\/p>\n<div id=\"bghab-2807274671\" class=\"bghab-yazi-altinda bghab-entity-placement\"><script async src=\"https:\/\/pagead2.googlesyndication.com\/pagead\/js\/adsbygoogle.js\"><\/script>\r\n<!-- bghaber-yaz\u0131-sonu -->\r\n<ins class=\"adsbygoogle\"\r\n     style=\"display:block\"\r\n     data-ad-client=\"ca-pub-6203283170189293\"\r\n     data-ad-slot=\"4222328180\"\r\n     data-ad-format=\"auto\"\r\n     data-full-width-responsive=\"true\"><\/ins>\r\n<script>\r\n     (adsbygoogle = window.adsbygoogle || []).push({});\r\n<\/script><\/div><br style=\"clear: both; display: block; float: none;\"\/>","protected":false},"excerpt":{"rendered":"<p>\u0130brahim SOYT\u00dcRK Tarih: 04 A\u011fustos H\u00fck\u00fcmet Meselesi Politik bunal\u0131mdan \u00e7\u0131k\u0131lam\u0131yor Cumhurba\u015fkan\u0131 Rumen Radev ile \u201cVar B\u00f6yle Bir Halk\u201d partisi aras\u0131ndan kara kedi ge\u00e7ti. Yeni se\u00e7imleri<\/p>\n","protected":false},"author":13,"featured_media":15883,"comment_status":"closed","ping_status":"closed","sticky":false,"template":"","format":"standard","meta":{"advanced_seo_description":"","jetpack_seo_html_title":"","jetpack_seo_noindex":false,"jetpack_seo_schema_type":"","_jetpack_newsletter_access":"","_jetpack_dont_email_post_to_subs":false,"_jetpack_newsletter_tier_id":0,"_jetpack_memberships_contains_paywalled_content":false,"_jetpack_feature_clip_id":0,"_jetpack_memberships_contains_paid_content":false,"footnotes":"","jetpack_post_was_ever_published":false},"categories":[3848,6],"tags":[],"class_list":["post-54735","post","type-post","status-publish","format-standard","has-post-thumbnail","hentry","category-secim","category-yorum"],"jetpack_sharing_enabled":true,"jetpack_likes_enabled":true,"jetpack-related-posts":[],"jetpack_shortlink":"https:\/\/wp.me\/pc2PfJ-eeP","jetpack_featured_media_url":"https:\/\/i0.wp.com\/www.bghaber.org\/bghaber\/wp-content\/uploads\/2015\/08\/ibo-soyt.jpg?fit=426%2C492&ssl=1","_links":{"self":[{"href":"https:\/\/www.bghaber.org\/bghaber\/wp-json\/wp\/v2\/posts\/54735","targetHints":{"allow":["GET"]}}],"collection":[{"href":"https:\/\/www.bghaber.org\/bghaber\/wp-json\/wp\/v2\/posts"}],"about":[{"href":"https:\/\/www.bghaber.org\/bghaber\/wp-json\/wp\/v2\/types\/post"}],"author":[{"embeddable":true,"href":"https:\/\/www.bghaber.org\/bghaber\/wp-json\/wp\/v2\/users\/13"}],"replies":[{"embeddable":true,"href":"https:\/\/www.bghaber.org\/bghaber\/wp-json\/wp\/v2\/comments?post=54735"}],"version-history":[{"count":0,"href":"https:\/\/www.bghaber.org\/bghaber\/wp-json\/wp\/v2\/posts\/54735\/revisions"}],"wp:featuredmedia":[{"embeddable":true,"href":"https:\/\/www.bghaber.org\/bghaber\/wp-json\/wp\/v2\/media\/15883"}],"wp:attachment":[{"href":"https:\/\/www.bghaber.org\/bghaber\/wp-json\/wp\/v2\/media?parent=54735"}],"wp:term":[{"taxonomy":"category","embeddable":true,"href":"https:\/\/www.bghaber.org\/bghaber\/wp-json\/wp\/v2\/categories?post=54735"},{"taxonomy":"post_tag","embeddable":true,"href":"https:\/\/www.bghaber.org\/bghaber\/wp-json\/wp\/v2\/tags?post=54735"}],"curies":[{"name":"wp","href":"https:\/\/api.w.org\/{rel}","templated":true}]}}