{"id":54730,"date":"2021-08-01T18:09:14","date_gmt":"2021-08-01T15:09:14","guid":{"rendered":"https:\/\/www.bghaber.org\/bghaber\/?p=54730"},"modified":"2021-08-01T18:11:38","modified_gmt":"2021-08-01T15:11:38","slug":"herkes-calar-ve-herkes-yalan-soylerse","status":"publish","type":"post","link":"https:\/\/www.bghaber.org\/bghaber\/herkes-calar-ve-herkes-yalan-soylerse\/","title":{"rendered":"Herkes \u00c7alar ve Herkes Yalan S\u00f6ylerse"},"content":{"rendered":"<p>Erta\u015f \u00c7AKIR<br \/>\nTarih 01 A\u011fustos 2021<\/p>\n<p>Memleketli okuyucular\u0131m\u0131n birisinden mektup ald\u0131m. Diyor ki, \u201c<strong>batakl\u0131k<\/strong>\u201d dedin, \u201c<strong>\u00e7amura bast\u0131lar<\/strong>\u201d dedin, \u201c<strong>bu i\u015fler b\u00f6yle olmaz<\/strong>\u201d dedin ve sonunda, \u201c<strong>senin bu s\u00f6zlerini kan\u0131tlaman yani, her virg\u00fcl\u00fcn\u00fc ispat etmen gerekir<\/strong>\u201d demi\u015f mektubunda.<\/p>\n<p>\u0130yi demi\u015f asl\u0131nda, iftira atmamak gerek. Bizlerde M\u00fcsl\u00fcmanl\u0131kta Cenab-\u0131 Hak kul hakk\u0131 i\u00e7in <strong><em>&#8220;Benim yan\u0131ma her \u015fey ile gelin affederim. Fakat kul hakk\u0131 ile gelmeyin, onu ben de\u011fil, kulum affeder.&#8221;<\/em><\/strong> demi\u015ftir. M\u00fcsl\u00fcmanl\u0131kta Kul hakk\u0131 yemenin en tehlikeli \u00e7e\u015fidi,\u00a0<strong>devlet\u00a0<\/strong>ve<strong>\u00a0vak\u0131f mal\u0131\u00a0<\/strong>gibi \u00e2mmenin ortak hakk\u0131 olan \u015feyleri haks\u0131z yere gasbetmek ve uygunsuz bir \u015fekilde kullanmakt\u0131r. Bu haks\u0131zl\u0131k, ferd\u00ee haklara g\u00f6re daha tehlikelidir. Zira sonunda pi\u015fman olunsa bile b\u00fct\u00fcn hak sahiplerinden hel\u00e2llik olmak m\u00fcmk\u00fcn de\u011fildir. Kul hakk\u0131 \u00e7ok \u00f6nemlidir.<\/p>\n<p>Evet bir yalan\u0131n bir iftiran\u0131n, \u201c<strong>siz atalar\u0131 Osmanl\u0131 zaman\u0131nda \u0130slam\u2019\u0131 kabul etmeye zorlanm\u0131\u015f veya kendileri g\u00f6n\u00fcll\u00fc kabul etmi\u015f, Bulgarlars\u0131n\u0131z<\/strong>\u201d yalan\u0131, asl\u0131nda tek bir bir c\u00fcmle ve ne kadar b\u00fcy\u00fck belalar a\u00e7t\u0131 ba\u015f\u0131m\u0131za! Hala binlercemiz bo\u011faz \u00e7ukurumuza kadar dert i\u00e7indeyiz.<\/p>\n<p>S\u00f6zlerimin yalan olmad\u0131\u011f\u0131n\u0131, 12 Mart 2021\u2019den beri Bulgaristan\u2019\u0131 y\u00f6neten ve 11 Temmuz 2021 tarihli erken parlamento se\u00e7imlerini de d\u00fczenleyen erken se\u00e7im h\u00fck\u00fcmeti dedi\u011fimiz kabinede Ba\u015fbakan Yard\u0131mc\u0131s\u0131 Ve Milli E\u011fitim ve Teknoloji bakan\u0131 Prof. D. Denkov\u2019un <strong><em>\u201cSega\u201d<\/em><\/strong> gazetesinin Bulgaristan\u2019da Y\u00fcksek \u00d6\u011fretimin durumuna ili\u015fkin bir sorusuna verdi\u011fi yan\u0131tla kar\u015f\u0131l\u0131k veriyorum.<\/p><div id=\"bghab-1576566604\" class=\"bghab-icerik-icine bghab-entity-placement\"><script async src=\"\/\/pagead2.googlesyndication.com\/pagead\/js\/adsbygoogle.js?client=ca-pub-6203283170189293\" crossorigin=\"anonymous\"><\/script><ins class=\"adsbygoogle\" style=\"display:block; text-align:center;\" data-ad-client=\"ca-pub-6203283170189293\" \ndata-ad-slot=\"7303146466\" \ndata-ad-layout=\"in-article\"\ndata-ad-format=\"fluid\" data-full-width-responsive=\"true\"><\/ins>\n<script> \n(adsbygoogle = window.adsbygoogle || []).push({}); \n<\/script>\n<\/div>\n<p><strong><em>\u201cBakan Prof. Denkov\u2019un \u00dcniversiteye giren \u00f6\u011frencilerden yar\u0131s\u0131 bitirmeden terk ediyor\u201d<\/em><\/strong> s\u00f6zleri toplumu \u015fok etti. Bu bir ger\u00e7ekse rakamlar\u0131n arkas\u0131ndaki hakikat nedir? Bakan\u2019a g\u00f6re bizdeki e\u011fitim sisteminin k\u00f6kten de\u011fi\u015ftirilmesi gerek.<\/p>\n<p><strong>Ger\u00e7e\u011fi k\u0131yaslamal\u0131 analizle birlikte okuyal\u0131m.<\/strong><\/p>\n<p>Bulgaristan\u2019daki b\u00fcy\u00fck kayma 2016\u2019da ba\u015flad\u0131. Yalanlar kabala\u015ft\u0131, ger\u00e7e\u011fin g\u00f6z\u00fc kapand\u0131, \u00e7alan \u00e7alana sanki herkes \u00f6nce devleti alabildi\u011fine soymaya ba\u015flad\u0131.<\/p>\n<p>\u00dcniversitelerden diploma alan \u00f6\u011frencilerin oran\u0131 her y\u0131l azalarak 2016\u2019da % 59 iken, 2020\u2019de % 50\u2019ye d\u00fc\u015ft\u00fc. 2016\u2019da \u00fcniversitelerin 8 ana e\u011fitim dal\u0131na kayd\u0131n\u0131 yapt\u0131ran \u00f6\u011frencilerden diplomas\u0131n\u0131 al\u0131p bitirenlerin oran\u0131 % 50\u2019den az.<\/p>\n<p>\u00d6rne\u011fin orman y\u00fcksek enstit\u00fcs\u00fcn\u00fc 2016\u2019da %37 bitirenler, bu oran 2020\u2019de % 18\u2019e d\u00fc\u015ft\u00fc yani kayd\u0131n\u0131 yapt\u0131ran \u00f6\u011frencilerden 4\u2019\u00fc okumuyor, terk edip ka\u00e7\u0131yor.<\/p><div id=\"bghab-781558164\" class=\"bghab-icerik-icine-10-paragraf bghab-entity-placement\"><script async src=\"\/\/pagead2.googlesyndication.com\/pagead\/js\/adsbygoogle.js?client=ca-pub-6203283170189293\" crossorigin=\"anonymous\"><\/script><ins class=\"adsbygoogle\" style=\"display:block; text-align:center;\" data-ad-client=\"ca-pub-6203283170189293\" \ndata-ad-slot=\"7303146466\" \ndata-ad-layout=\"in-article\"\ndata-ad-format=\"fluid\" data-full-width-responsive=\"true\"><\/ins>\n<script> \n(adsbygoogle = window.adsbygoogle || []).push({}); \n<\/script>\n<\/div>\n<p>Paytarl\u0131k fak\u00fcltelerinde bu oran 2016\u2019da % 26, 2020\u2019de % 31 dir.<\/p>\n<p>Spor fak\u00fcltelerini bitirenler 2020\u2019de % 31, makine m\u00fchendisli\u011fi fak\u00fcltesinden diploma alanlar % 39, elektrik m\u00fchendisli\u011fi bitirenler % 46, bitkibilim % 48, dil bilim % 49 ve biyo-teknoloji % 50\u2019dir.<\/p>\n<p>Bu e\u011filim askeri okullarda da g\u00f6zleniyor, \u00f6rne\u011fin 2016\u2019ya kadar askeri okullara kayd\u0131n\u0131 yapt\u0131ranlardan % 90\u2019n\u0131 diploma al\u0131rken. 2016\u2019da bu oran birden bire % 48\u2019e d\u00fc\u015ft\u00fc ve 5 y\u0131ldan beri de\u011fi\u015fmiyor.<\/p>\n<p><strong>Bize ne demeyin l\u00fctfen. Bu i\u015fin i\u00e7inde de derin bir kuyuya kofa sald\u0131m bo\u015f \u00e7\u0131kt\u0131 oyunu var. Ger\u00e7e\u011fi anlayabilmek i\u00e7in sonuna kadar okuyun l\u00fctfen!<\/strong><\/p>\n<p>Bakana g\u00f6re, \u00f6\u011frencilerin \u00fcniversiteden ka\u00e7malar\u0131, e\u011fitim kalitesine yat\u0131r\u0131m yap\u0131lmamas\u0131na ba\u011fl\u0131. Buna ra\u011fmen, \u00fcniversite giri\u015f kap\u0131s\u0131n\u0131n \u00e7\u0131k\u0131\u015f kap\u0131s\u0131ndan daha geni\u015f oldu\u011funu, ayn\u0131 zamanda bitirenlerin i\u015f bulamamas\u0131n\u0131n da hayalleri allak bullak etti\u011fi bir ger\u00e7ek olsa da,\u00a0 bu i\u015fin i\u00e7inde ba\u015fka \u015feyler var. Bir defa isteklendirme eksikli\u011fi \u00f6nemli bir fakt\u00f6r.<\/p><div id=\"bghab-879938389\" class=\"bghab-icerik-icine-15-paragraf bghab-entity-placement\"><script async src=\"\/\/pagead2.googlesyndication.com\/pagead\/js\/adsbygoogle.js?client=ca-pub-6203283170189293\" crossorigin=\"anonymous\"><\/script><ins class=\"adsbygoogle\" style=\"display:block; text-align:center;\" data-ad-client=\"ca-pub-6203283170189293\" \ndata-ad-slot=\"7303146466\" \ndata-ad-layout=\"in-article\"\ndata-ad-format=\"fluid\" data-full-width-responsive=\"true\"><\/ins>\n<script> \n(adsbygoogle = window.adsbygoogle || []).push({}); \n<\/script>\n<\/div>\n<p><strong>\u00d6nemli olan \u00f6\u011frencinin \u00fcniversiteye kayd\u0131n\u0131n yap\u0131lmas\u0131d\u0131r ve ard\u0131ndan gelen para meselesi.<\/strong><\/p>\n<p>Bulgaristan\u2019da devlet \u00f6\u011frenci say\u0131s\u0131na g\u00f6re \u00fcniversitelere ve y\u00fcksekokullara para \u00f6d\u00fcyor. Kayd\u0131n\u0131 yapt\u0131ran \u00f6\u011frenci \u00fcniversiteden daha birinci s\u00f6mestrde ayr\u0131lsa da, onun s\u00f6zde okudu\u011fu \u00fcniversiteye devlet 4 y\u0131l boyunca aras\u0131z \u00f6deme yap\u0131yor. Burada halk\u0131n milyonlarca levas\u0131ndan s\u00f6z ediyoruz.<\/p>\n<p><strong><u>\u00d6rnekleyelim:<\/u><\/strong> <em>2020 \/ 2021 ders y\u0131l\u0131nda orman m\u00fchendisli\u011fi b\u00f6l\u00fcm\u00fcne 265 \u00f6\u011frenci kayd\u0131n\u0131 yapt\u0131rm\u0131\u015f, onlarda % 82\u2019si yani 217\u2019si \u00fcniversiteyi terk etmi\u015f, tek etmi\u015f olmalar\u0131na bak\u0131lmaks\u0131z\u0131n devlet onlardan her biri i\u00e7in her y\u0131l 1663 leva \u00f6deme yap\u0131yor, y\u0131ll\u0131k 360 bin leva \u00f6deniyor. Ge\u00e7en y\u0131l idari i\u015fler ve y\u00f6netim b\u00f6l\u00fcm\u00fcne \u00f6denen paralar 232 bin leva. Baytarl\u0131k b\u00f6l\u00fcm\u00fcn\u00fc bitirmeyenler i\u00e7in \u00f6denen para 244 bin leva. Ekonomi fak\u00fcltesinden terk \u00f6\u011frenciler i\u00e7in \u00f6denen toplam para 824 bin leva. Tiyatro, sanat, oyunculuk \u201cokuyanlar\u201d i\u00e7in \u00f6denen para 540 bin leva. \u00a0Dil bilim fak\u00fcltelerine \u00f6denen para 1 milyon leva, spor fak\u00fcltelerinden \u00f6denen para 2 milyon leva. K\u0131sacas\u0131 \u201cokumayan\u201d \u00f6\u011frenciler i\u00e7in milyonlar harcan\u0131yor ve Bulgar devlet tutanaklar\u0131nda y\u00fczbinlerce s\u00f6z\u00fcm ona \u201cy\u00fcksekokullarda okuyan\u0131m\u0131z\u201d var.<\/em><\/p>\n<p><strong>Burada s\u00f6z\u00fc edilen olmayan \u00fcniversiteler ve onlar i\u00e7in devlet b\u00fct\u00e7esinden \u00fcniversite ve y\u00fcksekokullara akan paralard\u0131r.<\/strong><\/p>\n<p>\u00dcniversitelerin ba\u015far\u0131s\u0131z \u00f6\u011frencileri \u00fcniversitede tutmas\u0131na gerek yok, \u00e7\u00fcnk\u00fc \u00fcniversiteler her \u00f6\u011frenci i\u00e7in bir y\u0131ll\u0131k paray\u0131 daha ders y\u0131l\u0131 ba\u015f\u0131nda devletten al\u0131yorlar. \u00d6\u011frenci say\u0131s\u0131 azald\u0131 diye devlet yard\u0131mlar\u0131 azalm\u0131yor. Bu paralar kar\u015f\u0131l\u0131ks\u0131z veriliyor ve <strong><em>\u201cnerelere harcand\u0131\u201d<\/em><\/strong> tefti\u015fi yap\u0131lm\u0131yor.<\/p><div id=\"bghab-2669974660\" class=\"bghab-icerik-icine-20-paragraf bghab-entity-placement\"><script async src=\"\/\/pagead2.googlesyndication.com\/pagead\/js\/adsbygoogle.js?client=ca-pub-6203283170189293\" crossorigin=\"anonymous\"><\/script><ins class=\"adsbygoogle\" style=\"display:block; text-align:center;\" data-ad-client=\"ca-pub-6203283170189293\" \ndata-ad-slot=\"7303146466\" \ndata-ad-layout=\"in-article\"\ndata-ad-format=\"fluid\" data-full-width-responsive=\"true\"><\/ins>\n<script> \n(adsbygoogle = window.adsbygoogle || []).push({}); \n<\/script>\n<\/div>\n<p>Bunun ad\u0131 <strong><em>\u201cgen\u00e7leri zorla k\u00f6reltmek ve tahsilsiz b\u0131rakmak de\u011fil de nedir?\u201d<\/em><\/strong><\/p>\n<p>Bu konuda, eski \u00d6\u011fretim ve Teknoloji Bakan\u0131 Krasimir V\u0131l\u00e7ev\u2019in g\u00f6r\u00fc\u015f\u00fc ise \u015f\u00f6yledir: <strong>\u201c\u00d6nce 6 ki\u015filik gruplar kuruluyor, \u00f6\u011frencilerden 3-4\u2019\u00fc b\u0131rak\u0131p gitse, grup 2 \u00f6\u011frenciyle de korunuyor. Terk edenler motivasyonsuz olduklar\u0131ndan dolay\u0131 terk ediyorlar, y\u00fcksek istemlerden \u00f6t\u00fcr\u00fc de\u011fil.\u201d<\/strong><\/p>\n<p><strong><em>\u201cK\u00f6t\u00fc olan \u015fu ki, AB \u00fclkelerinde 30-34 ya\u015f aras\u0131nda n\u00fcfusun % 40\u2019\u0131 y\u00fcksek\u00f6\u011frenim al\u0131rken, bir bu oran\u0131n \u00e7ok daha alt\u0131nda kal\u0131yoruz.\u201d<\/em><\/strong><\/p>\n<p>Se\u00e7imlerde en fazla oy alan <strong><em>\u201cVar B\u00f6yle bir Halk\u201d<\/em><\/strong> partisi ba\u015fkan\u0131 Slavi Trifonov\u2019un Ba\u015fbakan olarak \u00f6ne s\u00fcrd\u00fc\u011f\u00fc ve Cumhurba\u015fkan\u0131 Rumen Radev\u2019in h\u00fck\u00fcmet kurmas\u0131 i\u00e7in 7 g\u00fcn s\u00fcre tan\u0131d\u0131\u011f\u0131 Plamen Nikolov, Milli Bulgar televizyonu BNT -1 \u2018e verdi\u011fi ilk demecinde, <strong>\u201cilk \u00f6nce e\u011fitim ve \u00f6\u011fretim sorunlar\u0131n\u0131 \u00e7\u00f6zmeye \u00e7al\u0131\u015faca\u011f\u0131n\u0131\u201d <\/strong>dedi.<\/p>\n<p>Bulgaristan\u2019da n\u00fcfusun % 47\u2019sinin resmi verilere g\u00f6re okudu\u011funu kavrayamaz durumda olmas\u0131 \u00e7ok ac\u0131 bir ger\u00e7ektir. 1950\u2019lerde az\u0131nl\u0131klar anadillerinde ve kendi okullar\u0131nda okurken durum b\u00f6yle de\u011fildi. E\u011fitimde ve k\u00fclt\u00fcrde patlama yalanm\u0131\u015ft\u0131r. Bulgaristan\u2019da e\u011fitim sorununun \u00e7\u00f6z\u00fcm\u00fc etnik az\u0131nl\u0131k haklar\u0131n\u0131n tan\u0131nmas\u0131na ba\u011fl\u0131d\u0131r. Bu ger\u00e7e\u011fi y\u00fczlerce defa yazd\u0131k. Bir papatya Bulgar okuluna gitti diye g\u00fcl a\u00e7maz. \u00d6\u011fretmen maa\u015flar\u0131na % y\u00fcz zam yapt\u0131lar, ama sonu\u00e7 yok.<\/p><div id=\"bghab-2770606066\" class=\"bghab-icerik-icine-25-paragraf bghab-entity-placement\"><script async src=\"\/\/pagead2.googlesyndication.com\/pagead\/js\/adsbygoogle.js?client=ca-pub-6203283170189293\" crossorigin=\"anonymous\"><\/script><ins class=\"adsbygoogle\" style=\"display:block; text-align:center;\" data-ad-client=\"ca-pub-6203283170189293\" \ndata-ad-slot=\"7303146466\" \ndata-ad-layout=\"in-article\"\ndata-ad-format=\"fluid\" data-full-width-responsive=\"true\"><\/ins>\n<script> \n(adsbygoogle = window.adsbygoogle || []).push({}); \n<\/script>\n<\/div>\n<p><strong>Bir de her yerde oldu\u011fu gibi bal\u0131k ba\u015ftan kokar meselesi var. <\/strong><\/p>\n<p><strong>Anla\u015f\u0131lan art\u0131k Bakan yapacak do\u011fru d\u00fcr\u00fcst adam Bulgaristan&#8217;da yok.<\/strong><\/p>\n<p>12 May\u0131stan beri \u00f6v\u00fclen Maliye Bakan\u0131 Asen Vasilev\u2019in, tutar\u0131 8 milyon \u0130ngiliz Liras\u0131 olan bir bilgisayar program\u0131n\u0131 \u00e7ald\u0131\u011f\u0131 ve sonra da \u00c7in\u2019e g\u00f6t\u00fcr\u00fcp satt\u0131\u011f\u0131 yetmezmi\u015f gibi, bir yandan kendisini Amerikan Harvard Law School\u2019de (hukuk) tahsil ediyor g\u00f6sterirken, ayn\u0131 zamanda Sofya <strong><em>\u201cKl. Ohridski \u00dcniversitesinde\u201d<\/em><\/strong> ayn\u0131 y\u0131llarda okuyan, biri hem de ayn\u0131 Sofya \u00dcniversitede Ekonomik kalk\u0131nma ve rekabet Merkezi M\u00fcd\u00fcr\u00fc g\u00f6revinde bulundu\u011fu (2007-2009) dikkat \u00e7ekicidir.<\/p>\n<p>Bu ki\u015fiye 12 May\u0131s 2021\u2019de ilan edilen Nikolay Vasilev h\u00fck\u00fcmetinde Ba\u015fbakan Yard\u0131mc\u0131s\u0131 ve AB ile Bulgaristan ili\u015fkileri Bakan\u0131 g\u00f6revinin uygun g\u00f6r\u00fclmesi de herkesi \u015fa\u015f\u0131rtt\u0131. \u00c7\u00fcnk\u00fc Asen Vasilev Bulgaristan politik sahnesine <strong><em>\u201cMorten Lund\u201d<\/em><\/strong> havac\u0131l\u0131k \u015firketiyle \u00e7\u0131kt\u0131. Bu \u015firket 2009 y\u0131l\u0131nda Londra varo\u015flar\u0131nda bir k\u00f6yde 1 Paund kar\u015f\u0131l\u0131\u011f\u0131 kurulmu\u015ftur.<\/p>\n<p>2010 y\u0131l\u0131nda borcu 2. 500. 000 \u0130ngiliz liras\u0131;<br \/>\n2011 y\u0131l\u0131nda borcu 5. 000. 000 \u0130ngiliz liras\u0131;<br \/>\n2012 y\u0131l\u0131nda borcu 7. 000. 000 \u0130ngiliz liras\u0131;<br \/>\n2013 y\u0131l\u0131nda borcu 8. 000. 000 \u0130ngiliz liras\u0131 oldu.<\/p><div id=\"bghab-2879310011\" class=\"bghab-icerik-icine-30-paragraf bghab-entity-placement\"><script async src=\"\/\/pagead2.googlesyndication.com\/pagead\/js\/adsbygoogle.js?client=ca-pub-6203283170189293\" crossorigin=\"anonymous\"><\/script><ins class=\"adsbygoogle\" style=\"display:block; text-align:center;\" data-ad-client=\"ca-pub-6203283170189293\" \ndata-ad-slot=\"7303146466\" \ndata-ad-layout=\"in-article\"\ndata-ad-format=\"fluid\" data-full-width-responsive=\"true\"><\/ins>\n<script> \n(adsbygoogle = window.adsbygoogle || []).push({}); \n<\/script>\n<\/div>\n<p><strong><em>\u015eu an bu \u015firket s\u0131f\u0131rlam\u0131\u015f ve tamamen iflas etmi\u015f durumdad\u0131r.<\/em><\/strong><\/p>\n<p><strong><em><u>Soru:<\/u><\/em><\/strong> bu kadrolar\u0131 Bulgaristan siyaset sahnesine davet eden ve her g\u00fcn 2-3 kez kravat de\u011fi\u015ftiren duruma getiren g\u00fc\u00e7 kimdir? E\u011fer bu g\u00fc\u00e7 ger\u00e7ekten Slavi Trifonov ise, o kendisi tamamen bitmi\u015f, k\u00f6relmi\u015f ve s\u00f6nm\u00fc\u015f demektir. \u00c7\u00fcnk\u00fc bu kadar de\u011fersiz ve ipleri uluslararas\u0131 pazarlara \u00e7\u0131km\u0131\u015f ki\u015fileri kabineye almas\u0131 bir \u015feyler kar\u015f\u0131l\u0131\u011f\u0131 ve baz\u0131 dalavereler i\u00e7in olmal\u0131, ba\u015fka t\u00fcrl\u00fc bu batakl\u0131\u011f\u0131 ve ke\u015fmeke\u015fi \u00e7\u00f6zmek zordur.<\/p>\n<p><strong><u>Yeni Ba\u015fbakan kim olursa olsun.<\/u><\/strong> <strong><em>\u201cBulgaristan T\u00fcrklerinin anadilde e\u011fitim ve k\u00fclt\u00fcrel haklar\u0131 probleminin \u00e7\u00f6z\u00fclme zaman\u0131 gelmi\u015ftir. Biz bu sorunun devlet eliyle \u00e7\u00f6z\u00fclmesini istiyoruz. Anla\u015f\u0131lan kanun \u00e7\u0131kar\u0131lacaksa \u00e7\u0131karal\u0131m, oy verilecekse verelim, ama bizim \u00e7ocuklar\u0131m\u0131z\u0131n gelece\u011fini belirleyen zorunlu T\u00fcrk dili okuma ve devlet okullar\u0131nda zorunlu T\u00fcrk\u00e7e e\u011fitim sorunu mutlaka \u00e7\u00f6z\u00fclmelidir. \u00a0Anla\u015f\u0131lan Bulgaristan\u2019da paradan \u00f6nce politika, ondan \u00f6nce de ideoloji \u00f6lm\u00fc\u015f, ya\u015fayan bir \u015fey var o da yalan.<\/em><\/strong><\/p>\n<p>\u015eunu da soruyorum: Herkes \u00c7alan ve Herkes Yalan s\u00f6ylerse bu i\u015fler nereye var\u0131r?<\/p>\n<p>Kovid-19\u2019un <strong><em>\u201cDelta\u201d<\/em><\/strong> karde\u015fi canland\u0131, dikkat edelim, elleri y\u0131kamak, mesafeli olmak ve temizlik kurallar\u0131 hala ge\u00e7erli.<\/p><div id=\"bghab-1585134591\" class=\"bghab-icerik-icine-35-paragraf bghab-entity-placement\"><script async src=\"\/\/pagead2.googlesyndication.com\/pagead\/js\/adsbygoogle.js?client=ca-pub-6203283170189293\" crossorigin=\"anonymous\"><\/script><ins class=\"adsbygoogle\" style=\"display:block; text-align:center;\" data-ad-client=\"ca-pub-6203283170189293\" \ndata-ad-slot=\"7303146466\" \ndata-ad-layout=\"in-article\"\ndata-ad-format=\"fluid\" data-full-width-responsive=\"true\"><\/ins>\n<script> \n(adsbygoogle = window.adsbygoogle || []).push({}); \n<\/script>\n<\/div>\n<p>Serin ve sa\u011fl\u0131kl\u0131 g\u00fcnler temennilerimle.<\/p>\n<p>Payla\u015fanlara te\u015fekk\u00fcrler.<\/p>\n<div id=\"bghab-2546963512\" class=\"bghab-yazi-altinda bghab-entity-placement\"><script async src=\"https:\/\/pagead2.googlesyndication.com\/pagead\/js\/adsbygoogle.js\"><\/script>\r\n<!-- bghaber-yaz\u0131-sonu -->\r\n<ins class=\"adsbygoogle\"\r\n     style=\"display:block\"\r\n     data-ad-client=\"ca-pub-6203283170189293\"\r\n     data-ad-slot=\"4222328180\"\r\n     data-ad-format=\"auto\"\r\n     data-full-width-responsive=\"true\"><\/ins>\r\n<script>\r\n     (adsbygoogle = window.adsbygoogle || []).push({});\r\n<\/script><\/div><br style=\"clear: both; display: block; float: none;\"\/>","protected":false},"excerpt":{"rendered":"<p>Erta\u015f \u00c7AKIR Tarih 01 A\u011fustos 2021 Memleketli okuyucular\u0131m\u0131n birisinden mektup ald\u0131m. Diyor ki, \u201cbatakl\u0131k\u201d dedin, \u201c\u00e7amura bast\u0131lar\u201d dedin, \u201cbu i\u015fler b\u00f6yle olmaz\u201d dedin ve sonunda,<\/p>\n","protected":false},"author":13,"featured_media":48907,"comment_status":"closed","ping_status":"closed","sticky":false,"template":"","format":"standard","meta":{"advanced_seo_description":"","jetpack_seo_html_title":"","jetpack_seo_noindex":false,"jetpack_seo_schema_type":"","_jetpack_newsletter_access":"","_jetpack_dont_email_post_to_subs":false,"_jetpack_newsletter_tier_id":0,"_jetpack_memberships_contains_paywalled_content":false,"_jetpack_feature_clip_id":0,"_jetpack_memberships_contains_paid_content":false,"footnotes":"","jetpack_post_was_ever_published":false},"categories":[6],"tags":[],"class_list":["post-54730","post","type-post","status-publish","format-standard","has-post-thumbnail","hentry","category-yorum"],"jetpack_sharing_enabled":true,"jetpack_likes_enabled":true,"jetpack-related-posts":[],"jetpack_shortlink":"https:\/\/wp.me\/pc2PfJ-eeK","jetpack_featured_media_url":"https:\/\/i0.wp.com\/www.bghaber.org\/bghaber\/wp-content\/uploads\/2020\/09\/ertas.jpg?fit=236%2C308&ssl=1","_links":{"self":[{"href":"https:\/\/www.bghaber.org\/bghaber\/wp-json\/wp\/v2\/posts\/54730","targetHints":{"allow":["GET"]}}],"collection":[{"href":"https:\/\/www.bghaber.org\/bghaber\/wp-json\/wp\/v2\/posts"}],"about":[{"href":"https:\/\/www.bghaber.org\/bghaber\/wp-json\/wp\/v2\/types\/post"}],"author":[{"embeddable":true,"href":"https:\/\/www.bghaber.org\/bghaber\/wp-json\/wp\/v2\/users\/13"}],"replies":[{"embeddable":true,"href":"https:\/\/www.bghaber.org\/bghaber\/wp-json\/wp\/v2\/comments?post=54730"}],"version-history":[{"count":0,"href":"https:\/\/www.bghaber.org\/bghaber\/wp-json\/wp\/v2\/posts\/54730\/revisions"}],"wp:featuredmedia":[{"embeddable":true,"href":"https:\/\/www.bghaber.org\/bghaber\/wp-json\/wp\/v2\/media\/48907"}],"wp:attachment":[{"href":"https:\/\/www.bghaber.org\/bghaber\/wp-json\/wp\/v2\/media?parent=54730"}],"wp:term":[{"taxonomy":"category","embeddable":true,"href":"https:\/\/www.bghaber.org\/bghaber\/wp-json\/wp\/v2\/categories?post=54730"},{"taxonomy":"post_tag","embeddable":true,"href":"https:\/\/www.bghaber.org\/bghaber\/wp-json\/wp\/v2\/tags?post=54730"}],"curies":[{"name":"wp","href":"https:\/\/api.w.org\/{rel}","templated":true}]}}