{"id":54726,"date":"2021-07-31T00:43:29","date_gmt":"2021-07-30T21:43:29","guid":{"rendered":"https:\/\/www.bghaber.org\/bghaber\/?p=54726"},"modified":"2021-07-31T00:43:33","modified_gmt":"2021-07-30T21:43:33","slug":"turkiyeden-bulgaristana-giriste-test-isteniyor-mu","status":"publish","type":"post","link":"https:\/\/www.bghaber.org\/bghaber\/turkiyeden-bulgaristana-giriste-test-isteniyor-mu\/","title":{"rendered":"T\u00fcrkiye&#8217;den Bulgaristan&#8217;a giri\u015fte test isteniyor mu?"},"content":{"rendered":"\n<p class=\"wp-block-paragraph\">Covid-19 salg\u0131n\u0131 ba\u011flam\u0131nda Bulgaristan&#8217;a giri\u015f \u015fartlar\u0131 \u00e7er\u00e7evesinde Bulgaristan Sa\u011fl\u0131k Bakanl\u0131\u011f\u0131 taraf\u0131ndan yay\u0131mlanan son kararnamede \u00fclkemizin &#8220;turuncu b\u00f6lgede&#8221; yer ald\u0131\u011f\u0131 ifade edilmekte ve bu b\u00f6lgede yer ald\u0131\u011f\u0131 ifade olunan \u00fclke vatanda\u015flar\u0131n\u0131n (\u00fclkemiz vatanda\u015flar\u0131 dahil) Bulgaristan&#8217;a giri\u015flerine izin verildi\u011fi kaydedilmektedir. <\/p>\n\n\n\n<p class=\"wp-block-paragraph\"><strong>Vatanda\u015flar\u0131m\u0131z\u0131n Bulgaristan&#8217;a giri\u015flerinde, <\/strong><\/p>\n\n\n\n<p class=\"wp-block-paragraph\">-A\u015f\u0131 s\u00fcrecinin tamamland\u0131\u011f\u0131n\u0131 kan\u0131tlad\u0131klar\u0131 bir <strong>a\u015f\u0131 kart\u0131,<\/strong> (son doz a\u015f\u0131n\u0131n uygulanmas\u0131ndan itibaren 14 g\u00fcn ge\u00e7mesi gerekmektedir. \u00dclkemizde verilen a\u015f\u0131 kartlar\u0131 Bulgaristan&#8217;da kabul edilmektedir.) <\/p>\n\n\n\n<p class=\"wp-block-paragraph\">&#8211; <strong>Negatif PCR<\/strong> (en fazla 72 saat \u00f6ncesine kadar) \/ <strong>antijen <\/strong>(h\u0131zl\u0131 test \u2013 en fazla 48 saat \u00f6ncesine kadar) testi, <\/p>\n\n\n\n<p class=\"wp-block-paragraph\">&#8211; Son 11 g\u00fcn ila 180 g\u00fcn aras\u0131nda Covid-19 hastal\u0131\u011f\u0131 ge\u00e7irildi\u011fini kan\u0131tlayan resmi bir belge ibraz etmeleri gerekmektedir. <\/p><div id=\"bghab-780390447\" class=\"bghab-icerik-icine bghab-entity-placement\"><script async src=\"\/\/pagead2.googlesyndication.com\/pagead\/js\/adsbygoogle.js?client=ca-pub-6203283170189293\" crossorigin=\"anonymous\"><\/script><ins class=\"adsbygoogle\" style=\"display:block; text-align:center;\" data-ad-client=\"ca-pub-6203283170189293\" \ndata-ad-slot=\"7303146466\" \ndata-ad-layout=\"in-article\"\ndata-ad-format=\"fluid\" data-full-width-responsive=\"true\"><\/ins>\n<script> \n(adsbygoogle = window.adsbygoogle || []).push({}); \n<\/script>\n<\/div>\n\n\n\n<p class=\"wp-block-paragraph\">Ayn\u0131 kararnamede \u00fclkemizin de i\u00e7inde bulundu\u011fu &#8220;turuncu b\u00f6lgeden&#8221; gelenlerin % 5&#8217;ten az olmayacak \u015fekilde s\u0131n\u0131r sa\u011fl\u0131k makamlar\u0131 taraf\u0131ndan h\u0131zl\u0131 antijen testi uygulanaca\u011f\u0131 ifade edilmektedir. <\/p>\n\n\n\n<p class=\"wp-block-paragraph\">Ayn\u0131 kararnamede vaka say\u0131lar\u0131n\u0131n seyrine g\u00f6re \u00fclkelerin farkl\u0131 kategorilere al\u0131nabilece\u011fi de ifade edilmektedir. Bu nedenle vatanda\u015flar\u0131m\u0131z\u0131n B\u00fcy\u00fckel\u00e7ili\u011fimiz sosyal medya hesaplar\u0131 ile Bulgaristan Sa\u011fl\u0131k Bakanl\u0131\u011f\u0131\u2019n\u0131n a\u00e7\u0131klamalar\u0131n\u0131 takip etmelerini tavsiye ederiz.<\/p>\n\n\n\n<p class=\"wp-block-paragraph\">Sayg\u0131lar\u0131m\u0131zla,<\/p>\n\n\n\n<p class=\"wp-block-paragraph\"><\/p>\n\n\n\n<p class=\"wp-block-paragraph\">T\u00fcrkiye Cumhuriyeti  Sofya B\u00fcy\u00fckel\u00e7ili\u011fi<\/p>\n<div id=\"bghab-3687936482\" class=\"bghab-yazi-altinda bghab-entity-placement\"><script async src=\"https:\/\/pagead2.googlesyndication.com\/pagead\/js\/adsbygoogle.js\"><\/script>\r\n<!-- bghaber-yaz\u0131-sonu -->\r\n<ins class=\"adsbygoogle\"\r\n     style=\"display:block\"\r\n     data-ad-client=\"ca-pub-6203283170189293\"\r\n     data-ad-slot=\"4222328180\"\r\n     data-ad-format=\"auto\"\r\n     data-full-width-responsive=\"true\"><\/ins>\r\n<script>\r\n     (adsbygoogle = window.adsbygoogle || []).push({});\r\n<\/script><\/div><br style=\"clear: both; display: block; float: none;\"\/>","protected":false},"excerpt":{"rendered":"<p>Covid-19 salg\u0131n\u0131 ba\u011flam\u0131nda Bulgaristan&#8217;a giri\u015f \u015fartlar\u0131 \u00e7er\u00e7evesinde Bulgaristan Sa\u011fl\u0131k Bakanl\u0131\u011f\u0131 taraf\u0131ndan yay\u0131mlanan son kararnamede \u00fclkemizin &#8220;turuncu b\u00f6lgede&#8221; yer ald\u0131\u011f\u0131 ifade edilmekte ve bu b\u00f6lgede yer<\/p>\n","protected":false},"author":29,"featured_media":18,"comment_status":"closed","ping_status":"closed","sticky":false,"template":"","format":"standard","meta":{"advanced_seo_description":"","jetpack_seo_html_title":"","jetpack_seo_noindex":false,"jetpack_seo_schema_type":"","_jetpack_newsletter_access":"","_jetpack_dont_email_post_to_subs":false,"_jetpack_newsletter_tier_id":0,"_jetpack_memberships_contains_paywalled_content":false,"_jetpack_feature_clip_id":0,"_jetpack_memberships_contains_paid_content":false,"footnotes":"","jetpack_post_was_ever_published":false},"categories":[1133,5],"tags":[30,2902,2989,76],"class_list":["post-54726","post","type-post","status-publish","format-standard","has-post-thumbnail","hentry","category-duyuru","category-yasam","tag-bulgaristan","tag-korona","tag-test","tag-turkiye"],"jetpack_sharing_enabled":true,"jetpack_likes_enabled":true,"jetpack-related-posts":[],"jetpack_shortlink":"https:\/\/wp.me\/pc2PfJ-eeG","jetpack_featured_media_url":"https:\/\/i0.wp.com\/www.bghaber.org\/bghaber\/wp-content\/uploads\/2013\/03\/kapikule1.jpg?fit=450%2C340&ssl=1","_links":{"self":[{"href":"https:\/\/www.bghaber.org\/bghaber\/wp-json\/wp\/v2\/posts\/54726","targetHints":{"allow":["GET"]}}],"collection":[{"href":"https:\/\/www.bghaber.org\/bghaber\/wp-json\/wp\/v2\/posts"}],"about":[{"href":"https:\/\/www.bghaber.org\/bghaber\/wp-json\/wp\/v2\/types\/post"}],"author":[{"embeddable":true,"href":"https:\/\/www.bghaber.org\/bghaber\/wp-json\/wp\/v2\/users\/29"}],"replies":[{"embeddable":true,"href":"https:\/\/www.bghaber.org\/bghaber\/wp-json\/wp\/v2\/comments?post=54726"}],"version-history":[{"count":0,"href":"https:\/\/www.bghaber.org\/bghaber\/wp-json\/wp\/v2\/posts\/54726\/revisions"}],"wp:featuredmedia":[{"embeddable":true,"href":"https:\/\/www.bghaber.org\/bghaber\/wp-json\/wp\/v2\/media\/18"}],"wp:attachment":[{"href":"https:\/\/www.bghaber.org\/bghaber\/wp-json\/wp\/v2\/media?parent=54726"}],"wp:term":[{"taxonomy":"category","embeddable":true,"href":"https:\/\/www.bghaber.org\/bghaber\/wp-json\/wp\/v2\/categories?post=54726"},{"taxonomy":"post_tag","embeddable":true,"href":"https:\/\/www.bghaber.org\/bghaber\/wp-json\/wp\/v2\/tags?post=54726"}],"curies":[{"name":"wp","href":"https:\/\/api.w.org\/{rel}","templated":true}]}}