{"id":54593,"date":"2021-07-19T20:34:21","date_gmt":"2021-07-19T17:34:21","guid":{"rendered":"https:\/\/www.bghaber.org\/bghaber\/?p=54593"},"modified":"2021-07-19T20:34:27","modified_gmt":"2021-07-19T17:34:27","slug":"kurban-bayrami-dolayisiyla-turkiyeye-trafik-yogunlasiyor","status":"publish","type":"post","link":"https:\/\/www.bghaber.org\/bghaber\/kurban-bayrami-dolayisiyla-turkiyeye-trafik-yogunlasiyor\/","title":{"rendered":"Kurban Bayram\u0131 dolay\u0131s\u0131yla T\u00fcrkiye\u2019ye trafik yo\u011funla\u015f\u0131yor"},"content":{"rendered":"\n<p class=\"wp-block-paragraph\">T\u00fcrkiye Cumhuriyeti\u2019nin Plovdiv Ba\u015fkonsoloslu\u011fu\u2019ndan al\u0131nan bilgiye g\u00f6re, Bulgaristan vatanda\u015flar\u0131 T\u00fcrkiye\u2019ye &nbsp;ye\u015fil a\u015f\u0131 sertifikas\u0131yle giriyorlar. B\u00f6ylelikle pe\u015fin olarak veya s\u0131n\u0131rda PCR testi gere\u011fi kalk\u0131yor.<\/p>\n\n\n\n<p class=\"wp-block-paragraph\">Bu hafta T\u00fcrkiye\u2019de Kurban Bayram\u0131 haz\u0131rl\u0131klar\u0131 ba\u015fl\u0131yor.9 g\u00fcn s\u00fcrecek bayram s\u0131ras\u0131nda \u00fclkedeki otoyol ge\u00e7i\u015fleri binek ara\u00e7lar i\u00e7in \u00fccretsiz olacak.<\/p>\n\n\n\n<p class=\"wp-block-paragraph\"><\/p>\n\n\n\n<p class=\"wp-block-paragraph\">BNR<\/p>\n<div id=\"bghab-3101034482\" class=\"bghab-yazi-altinda bghab-entity-placement\"><script async src=\"https:\/\/pagead2.googlesyndication.com\/pagead\/js\/adsbygoogle.js\"><\/script>\r\n<!-- bghaber-yaz\u0131-sonu -->\r\n<ins class=\"adsbygoogle\"\r\n     style=\"display:block\"\r\n     data-ad-client=\"ca-pub-6203283170189293\"\r\n     data-ad-slot=\"4222328180\"\r\n     data-ad-format=\"auto\"\r\n     data-full-width-responsive=\"true\"><\/ins>\r\n<script>\r\n     (adsbygoogle = window.adsbygoogle || []).push({});\r\n<\/script><\/div><br style=\"clear: both; display: block; float: none;\"\/>","protected":false},"excerpt":{"rendered":"<p>T\u00fcrkiye Cumhuriyeti\u2019nin Plovdiv Ba\u015fkonsoloslu\u011fu\u2019ndan al\u0131nan bilgiye g\u00f6re, Bulgaristan vatanda\u015flar\u0131 T\u00fcrkiye\u2019ye &nbsp;ye\u015fil a\u015f\u0131 sertifikas\u0131yle giriyorlar. B\u00f6ylelikle pe\u015fin olarak veya s\u0131n\u0131rda PCR testi gere\u011fi kalk\u0131yor. Bu hafta<\/p>\n","protected":false},"author":29,"featured_media":51909,"comment_status":"closed","ping_status":"closed","sticky":false,"template":"","format":"standard","meta":{"advanced_seo_description":"","jetpack_seo_html_title":"","jetpack_seo_noindex":false,"jetpack_seo_schema_type":"","_jetpack_newsletter_access":"","_jetpack_dont_email_post_to_subs":false,"_jetpack_newsletter_tier_id":0,"_jetpack_memberships_contains_paywalled_content":false,"_jetpack_feature_clip_id":0,"_jetpack_memberships_contains_paid_content":false,"footnotes":"","jetpack_post_was_ever_published":false},"categories":[5],"tags":[1691,30,318,1827,779,76],"class_list":["post-54593","post","type-post","status-publish","format-standard","has-post-thumbnail","hentry","category-yasam","tag-bayram","tag-bulgaristan","tag-kurban-bayrami","tag-kuyruk","tag-sinir","tag-turkiye"],"jetpack_sharing_enabled":true,"jetpack_likes_enabled":true,"jetpack-related-posts":[],"jetpack_shortlink":"https:\/\/wp.me\/pc2PfJ-ecx","jetpack_featured_media_url":"https:\/\/i0.wp.com\/www.bghaber.org\/bghaber\/wp-content\/uploads\/2021\/01\/kapital-andreevo-sinir-kapisi-bulgaristan.jpg?fit=925%2C520&ssl=1","_links":{"self":[{"href":"https:\/\/www.bghaber.org\/bghaber\/wp-json\/wp\/v2\/posts\/54593","targetHints":{"allow":["GET"]}}],"collection":[{"href":"https:\/\/www.bghaber.org\/bghaber\/wp-json\/wp\/v2\/posts"}],"about":[{"href":"https:\/\/www.bghaber.org\/bghaber\/wp-json\/wp\/v2\/types\/post"}],"author":[{"embeddable":true,"href":"https:\/\/www.bghaber.org\/bghaber\/wp-json\/wp\/v2\/users\/29"}],"replies":[{"embeddable":true,"href":"https:\/\/www.bghaber.org\/bghaber\/wp-json\/wp\/v2\/comments?post=54593"}],"version-history":[{"count":0,"href":"https:\/\/www.bghaber.org\/bghaber\/wp-json\/wp\/v2\/posts\/54593\/revisions"}],"wp:featuredmedia":[{"embeddable":true,"href":"https:\/\/www.bghaber.org\/bghaber\/wp-json\/wp\/v2\/media\/51909"}],"wp:attachment":[{"href":"https:\/\/www.bghaber.org\/bghaber\/wp-json\/wp\/v2\/media?parent=54593"}],"wp:term":[{"taxonomy":"category","embeddable":true,"href":"https:\/\/www.bghaber.org\/bghaber\/wp-json\/wp\/v2\/categories?post=54593"},{"taxonomy":"post_tag","embeddable":true,"href":"https:\/\/www.bghaber.org\/bghaber\/wp-json\/wp\/v2\/tags?post=54593"}],"curies":[{"name":"wp","href":"https:\/\/api.w.org\/{rel}","templated":true}]}}