{"id":54589,"date":"2021-07-19T20:30:21","date_gmt":"2021-07-19T17:30:21","guid":{"rendered":"https:\/\/www.bghaber.org\/bghaber\/?p=54589"},"modified":"2021-07-19T20:30:24","modified_gmt":"2021-07-19T17:30:24","slug":"turkiyede-verilen-oylarin-yuzde-99u-sayildi","status":"publish","type":"post","link":"https:\/\/www.bghaber.org\/bghaber\/turkiyede-verilen-oylarin-yuzde-99u-sayildi\/","title":{"rendered":"T\u00fcrkiye&#8217;de verilen oylar\u0131n y\u00fczde 99&#8217;u say\u0131ld\u0131"},"content":{"rendered":"\n<p class=\"wp-block-paragraph\">Merkez Se\u00e7im Komisyonu verilerine g\u00f6re<strong>&nbsp;protokollerin yakla\u015f\u0131k y\u00fczde 99&#8217;u<\/strong>&nbsp;i\u015flendikten sonra olu\u015fan tabloya g\u00f6re&nbsp;<strong>T\u00fcrkiye&#8217;de verilen oylar\u0131n y\u00fczde 90.17&#8217;si Hak ve \u00d6zg\u00fcrl\u00fckler Hareketi DPS<\/strong>&#8216;ye gitti.<strong>\u0130ikinci yerde T\u00fcrkiye&#8217;de verilen oylar\u0131n yakla\u015f\u0131k y\u00fczde 5&#8217;ini alan GERB-SDS koalisyonu s\u0131raland\u0131<\/strong>.<br>Al\u0131nan sonu\u00e7lar, Nisan ay\u0131ndaki oylamaya yak\u0131nd\u0131r.Turkiye&#8217;deki se\u00e7im sand\u0131k say\u0131s\u0131ndaki \u00fc\u00e7 kat art\u0131\u015f, oy kullanan g\u00f6\u00e7men say\u0131s\u0131n\u0131 \u00f6nemli \u00f6l\u00e7\u00fcde art\u0131rmad\u0131. Bu se\u00e7imlerde 24.500&#8217;den fazla ki\u015fi oy kulland\u0131.<\/p>\n\n\n\n<p class=\"wp-block-paragraph\">Bulgaristan&#8217;\u0131n \u0130stanbul Ba\u015fkonsoloslu\u011funun sorumlulu\u011funda olan&nbsp;<strong>65 se\u00e7im sand\u0131\u011f\u0131nda toplam 17 672 vatanda\u015f oy verdi<\/strong>.<\/p>\n\n\n\n<p class=\"wp-block-paragraph\">33 sand\u0131\u011f\u0131n kuruldu\u011fu&nbsp;<strong>Bursa&#8217;da<\/strong>&nbsp;se\u00e7imde 9 144 ki\u015fi oy kulland\u0131.<\/p>\n\n\n\n<p class=\"wp-block-paragraph\">25&#8217;i \u0130standul&#8217;da olmak \u00fczere di\u011fer 32 sand\u0131kta 8 528 ki\u015fi oy verme hakk\u0131n\u0131 uygulad\u0131.<\/p>\n\n\n\n<p class=\"wp-block-paragraph\">Se\u00e7im g\u00fcn\u00fc sonunda oy vermek i\u00e7in bekleyen vatanda\u015flar olmay\u0131nca T\u00fcrkiye&#8217;de kurulan 112 sand\u0131\u011f\u0131n\u0131n hepsi,<strong>\u00a0se\u00e7im g\u00fcn\u00fc uzat\u0131m\u0131 yap\u0131lmadan<\/strong>\u00a0kapand\u0131.\u00a0<\/p><div id=\"bghab-3506828184\" class=\"bghab-icerik-icine bghab-entity-placement\"><script async src=\"\/\/pagead2.googlesyndication.com\/pagead\/js\/adsbygoogle.js?client=ca-pub-6203283170189293\" crossorigin=\"anonymous\"><\/script><ins class=\"adsbygoogle\" style=\"display:block; text-align:center;\" data-ad-client=\"ca-pub-6203283170189293\" \ndata-ad-slot=\"7303146466\" \ndata-ad-layout=\"in-article\"\ndata-ad-format=\"fluid\" data-full-width-responsive=\"true\"><\/ins>\n<script> \n(adsbygoogle = window.adsbygoogle || []).push({}); \n<\/script>\n<\/div>\n\n\n\n<p class=\"wp-block-paragraph\"><\/p>\n\n\n\n<p class=\"wp-block-paragraph\">BNR<\/p>\n<div id=\"bghab-1990391488\" class=\"bghab-yazi-altinda bghab-entity-placement\"><script async src=\"https:\/\/pagead2.googlesyndication.com\/pagead\/js\/adsbygoogle.js\"><\/script>\r\n<!-- bghaber-yaz\u0131-sonu -->\r\n<ins class=\"adsbygoogle\"\r\n     style=\"display:block\"\r\n     data-ad-client=\"ca-pub-6203283170189293\"\r\n     data-ad-slot=\"4222328180\"\r\n     data-ad-format=\"auto\"\r\n     data-full-width-responsive=\"true\"><\/ins>\r\n<script>\r\n     (adsbygoogle = window.adsbygoogle || []).push({});\r\n<\/script><\/div><br style=\"clear: both; display: block; float: none;\"\/>","protected":false},"excerpt":{"rendered":"<p>Merkez Se\u00e7im Komisyonu verilerine g\u00f6re&nbsp;protokollerin yakla\u015f\u0131k y\u00fczde 99&#8217;u&nbsp;i\u015flendikten sonra olu\u015fan tabloya g\u00f6re&nbsp;T\u00fcrkiye&#8217;de verilen oylar\u0131n y\u00fczde 90.17&#8217;si Hak ve \u00d6zg\u00fcrl\u00fckler Hareketi DPS&#8216;ye gitti.\u0130ikinci yerde T\u00fcrkiye&#8217;de verilen<\/p>\n","protected":false},"author":29,"featured_media":52397,"comment_status":"closed","ping_status":"closed","sticky":false,"template":"","format":"standard","meta":{"advanced_seo_description":"","jetpack_seo_html_title":"","jetpack_seo_noindex":false,"jetpack_seo_schema_type":"","_jetpack_newsletter_access":"","_jetpack_dont_email_post_to_subs":false,"_jetpack_newsletter_tier_id":0,"_jetpack_memberships_contains_paywalled_content":false,"_jetpack_feature_clip_id":0,"_jetpack_memberships_contains_paid_content":false,"footnotes":"","jetpack_post_was_ever_published":false},"categories":[4],"tags":[30,2933,604,76],"class_list":["post-54589","post","type-post","status-publish","format-standard","has-post-thumbnail","hentry","category-siyaset","tag-bulgaristan","tag-oy","tag-secim","tag-turkiye"],"jetpack_sharing_enabled":true,"jetpack_likes_enabled":true,"jetpack-related-posts":[],"jetpack_shortlink":"https:\/\/wp.me\/pc2PfJ-ect","jetpack_featured_media_url":"https:\/\/i0.wp.com\/www.bghaber.org\/bghaber\/wp-content\/uploads\/2021\/01\/secim-sandik-oy-verme.jpg?fit=925%2C520&ssl=1","_links":{"self":[{"href":"https:\/\/www.bghaber.org\/bghaber\/wp-json\/wp\/v2\/posts\/54589","targetHints":{"allow":["GET"]}}],"collection":[{"href":"https:\/\/www.bghaber.org\/bghaber\/wp-json\/wp\/v2\/posts"}],"about":[{"href":"https:\/\/www.bghaber.org\/bghaber\/wp-json\/wp\/v2\/types\/post"}],"author":[{"embeddable":true,"href":"https:\/\/www.bghaber.org\/bghaber\/wp-json\/wp\/v2\/users\/29"}],"replies":[{"embeddable":true,"href":"https:\/\/www.bghaber.org\/bghaber\/wp-json\/wp\/v2\/comments?post=54589"}],"version-history":[{"count":0,"href":"https:\/\/www.bghaber.org\/bghaber\/wp-json\/wp\/v2\/posts\/54589\/revisions"}],"wp:featuredmedia":[{"embeddable":true,"href":"https:\/\/www.bghaber.org\/bghaber\/wp-json\/wp\/v2\/media\/52397"}],"wp:attachment":[{"href":"https:\/\/www.bghaber.org\/bghaber\/wp-json\/wp\/v2\/media?parent=54589"}],"wp:term":[{"taxonomy":"category","embeddable":true,"href":"https:\/\/www.bghaber.org\/bghaber\/wp-json\/wp\/v2\/categories?post=54589"},{"taxonomy":"post_tag","embeddable":true,"href":"https:\/\/www.bghaber.org\/bghaber\/wp-json\/wp\/v2\/tags?post=54589"}],"curies":[{"name":"wp","href":"https:\/\/api.w.org\/{rel}","templated":true}]}}