{"id":54138,"date":"2021-05-24T02:00:00","date_gmt":"2021-05-23T23:00:00","guid":{"rendered":"https:\/\/www.bghaber.org\/bghaber\/?p=54138"},"modified":"2021-05-23T23:37:57","modified_gmt":"2021-05-23T20:37:57","slug":"balcik-yakinlarinda-truf-mantari-gurme-turu","status":"publish","type":"post","link":"https:\/\/www.bghaber.org\/bghaber\/balcik-yakinlarinda-truf-mantari-gurme-turu\/","title":{"rendered":"Bal\u00e7ik yak\u0131nlar\u0131nda \u2018Tr\u00fcf mantar\u0131 gurme turu\u2019"},"content":{"rendered":"\n<p class=\"wp-block-paragraph\">Salg\u0131n ko\u015fullar\u0131nda geleneksel turizmin yerine alternatif turizm olanaklar\u0131 art\u0131yor. Bal\u00e7ik \u00e7evresindeki \u2018Tr\u00fcf mantar\u0131 gurme turu\u2019 bu t\u00fcrden bir etkinlik. <\/p>\n\n\n\n<p class=\"wp-block-paragraph\">Bulgar tr\u00fcf mantar\u0131 derne\u011finden \u00f6zel aromal\u0131 tr\u00fcf mantarlar\u0131n\u0131n tad\u0131n\u0131 tatt\u0131rmak \u00fczere turistleri sab\u0131rs\u0131zl\u0131kla bekliyorlar.\u00c7ekya, Polonya, Fransa, Rus\u00e7a konu\u015fulan \u00fclkeler, Yunanistan, hatta \u2018Do\u011fan g\u00fcne\u015fin \u00fclkesi\u2019 Japonya\u2019dan konuklar bu yeni \u00f6neriye ilgi g\u00f6steriyor.<\/p>\n\n\n\n<p class=\"wp-block-paragraph\">BNR Varna<\/p>\n<div id=\"bghab-2918217246\" class=\"bghab-yazi-altinda bghab-entity-placement\"><script async src=\"https:\/\/pagead2.googlesyndication.com\/pagead\/js\/adsbygoogle.js\"><\/script>\r\n<!-- bghaber-yaz\u0131-sonu -->\r\n<ins class=\"adsbygoogle\"\r\n     style=\"display:block\"\r\n     data-ad-client=\"ca-pub-6203283170189293\"\r\n     data-ad-slot=\"4222328180\"\r\n     data-ad-format=\"auto\"\r\n     data-full-width-responsive=\"true\"><\/ins>\r\n<script>\r\n     (adsbygoogle = window.adsbygoogle || []).push({});\r\n<\/script><\/div><br style=\"clear: both; display: block; float: none;\"\/>","protected":false},"excerpt":{"rendered":"<p>Salg\u0131n ko\u015fullar\u0131nda geleneksel turizmin yerine alternatif turizm olanaklar\u0131 art\u0131yor. Bal\u00e7ik \u00e7evresindeki \u2018Tr\u00fcf mantar\u0131 gurme turu\u2019 bu t\u00fcrden bir etkinlik. Bulgar tr\u00fcf mantar\u0131 derne\u011finden \u00f6zel aromal\u0131<\/p>\n","protected":false},"author":29,"featured_media":54139,"comment_status":"closed","ping_status":"closed","sticky":false,"template":"","format":"standard","meta":{"advanced_seo_description":"","jetpack_seo_html_title":"","jetpack_seo_noindex":false,"jetpack_seo_schema_type":"","_jetpack_newsletter_access":"","_jetpack_dont_email_post_to_subs":false,"_jetpack_newsletter_tier_id":0,"_jetpack_memberships_contains_paywalled_content":false,"_jetpack_feature_clip_id":0,"_jetpack_memberships_contains_paid_content":false,"footnotes":"","jetpack_post_was_ever_published":false},"categories":[5],"tags":[629,30,3709,158],"class_list":["post-54138","post","type-post","status-publish","format-standard","has-post-thumbnail","hentry","category-yasam","tag-balcik","tag-bulgaristan","tag-mantar","tag-varna"],"jetpack_sharing_enabled":true,"jetpack_likes_enabled":true,"jetpack-related-posts":[],"jetpack_shortlink":"https:\/\/wp.me\/pc2PfJ-e5c","jetpack_featured_media_url":"https:\/\/i0.wp.com\/www.bghaber.org\/bghaber\/wp-content\/uploads\/2021\/05\/Balcik-yakinlarinda-%E2%80%98Truf-mantari-gurme-turu.jpg?fit=925%2C520&ssl=1","_links":{"self":[{"href":"https:\/\/www.bghaber.org\/bghaber\/wp-json\/wp\/v2\/posts\/54138","targetHints":{"allow":["GET"]}}],"collection":[{"href":"https:\/\/www.bghaber.org\/bghaber\/wp-json\/wp\/v2\/posts"}],"about":[{"href":"https:\/\/www.bghaber.org\/bghaber\/wp-json\/wp\/v2\/types\/post"}],"author":[{"embeddable":true,"href":"https:\/\/www.bghaber.org\/bghaber\/wp-json\/wp\/v2\/users\/29"}],"replies":[{"embeddable":true,"href":"https:\/\/www.bghaber.org\/bghaber\/wp-json\/wp\/v2\/comments?post=54138"}],"version-history":[{"count":0,"href":"https:\/\/www.bghaber.org\/bghaber\/wp-json\/wp\/v2\/posts\/54138\/revisions"}],"wp:featuredmedia":[{"embeddable":true,"href":"https:\/\/www.bghaber.org\/bghaber\/wp-json\/wp\/v2\/media\/54139"}],"wp:attachment":[{"href":"https:\/\/www.bghaber.org\/bghaber\/wp-json\/wp\/v2\/media?parent=54138"}],"wp:term":[{"taxonomy":"category","embeddable":true,"href":"https:\/\/www.bghaber.org\/bghaber\/wp-json\/wp\/v2\/categories?post=54138"},{"taxonomy":"post_tag","embeddable":true,"href":"https:\/\/www.bghaber.org\/bghaber\/wp-json\/wp\/v2\/tags?post=54138"}],"curies":[{"name":"wp","href":"https:\/\/api.w.org\/{rel}","templated":true}]}}