{"id":5402,"date":"2013-08-23T00:48:54","date_gmt":"2013-08-22T21:48:54","guid":{"rendered":"http:\/\/bghaber.org\/bghaber\/?p=5402"},"modified":"2016-09-18T14:22:41","modified_gmt":"2016-09-18T11:22:41","slug":"sagolun-surunuyoruz-iste","status":"publish","type":"post","link":"https:\/\/www.bghaber.org\/bghaber\/sagolun-surunuyoruz-iste\/","title":{"rendered":"Sa\u011folun, s\u00fcr\u00fcn\u00fcyoruz i\u015fte"},"content":{"rendered":"<div><b><i>\u00d6lebilirsen \u00f6l,\u00a0\u00a0\u00a0\u00a0\u00a0\u00a0\u00a0\u00a0\u00a0\u00a0\u00a0\u00a0\u00a0\u00a0\u00a0\u00a0\u00a0\u00a0\u00a0\u00a0\u00a0\u00a0\u00a0\u00a0\u00a0\u00a0\u00a0<wbr \/>\u00a0\u00a0\u00a0\u00a0\u00a0\u00a0\u00a0\u00a0\u00a0\u00a0\u00a0\u00a0\u00a0\u00a0\u00a0\u00a0\u00a0\u00a0\u00a0\u00a0\u00a0\u00a0\u00a0\u00a0\u00a0\u00a0\u00a0\u00a0\u00a0\u00a0<wbr \/>\u00a0\u00a0\u00a0\u00a0\u00a0\u00a0\u00a0\u00a0\u00a0\u00a0\u00a0\u00a0\u00a0\u00a0\u00a0\u00a0\u00a0\u00a0\u00a0\u00a0\u00a0\u00a0\u00a0\u00a0\u00a0\u00a0\u00a0\u00a0\u00a0<\/i><\/b><\/div>\n<div><b><i>Konu\u015fmadan, bakmadan, a\u011flamadan.<\/i><\/b><\/div>\n<div><\/div>\n<div><i><span style=\"text-decoration: underline;\">An\u0131m\u0131zdaki Bulgaristan<\/span><\/i><\/div>\n<div>Slav\u00e7o i\u00e7in ba\u011f\u0131rmamak, d\u00fc\u015f\u00fcncelerini a\u00e7\u0131\u011fa vurmamak iradesiydi. Konu\u015fmamak ise, bildiklerini i\u00e7inde ya\u015fat\u0131rken, onlardan g\u00fc\u00e7 alma kararl\u0131l\u0131\u011f\u0131yd\u0131. O a\u011flamak nedir bilmiyordu. G\u00f6z bebekleri tamamen kurumu\u015ftu. Zaten y\u00fcz\u00fcn\u00fc temiz suyla y\u0131kamayal\u0131 haftalar olmu\u015ftu.<!--more--><\/div>\n<div>\n<figure id=\"attachment_5404\" aria-describedby=\"caption-attachment-5404\" style=\"width: 100px\" class=\"wp-caption alignleft\"><a href=\"https:\/\/i0.wp.com\/bghaber.org\/bghaber\/wp-content\/uploads\/2013\/08\/ayse_halide_umutfer.jpg\"><img data-recalc-dims=\"1\" loading=\"lazy\" decoding=\"async\" class=\"size-full wp-image-5404\" alt=\"Ay\u015fe Halide \u00dcmitfer\" src=\"https:\/\/i0.wp.com\/bghaber.org\/bghaber\/wp-content\/uploads\/2013\/08\/ayse_halide_umutfer.jpg?resize=100%2C125\" width=\"100\" height=\"125\" \/><\/a><figcaption id=\"caption-attachment-5404\" class=\"wp-caption-text\">Ay\u015fe Halide \u00dcmitfer<\/figcaption><\/figure>\n<p>Slav\u00e7o Di\u00e7ev\u2019in babas\u0131, Dimo Di\u00e7ev,, 1923 anti-fa\u015fist ayaklanmas\u0131na kat\u0131lm\u0131\u015f, partizanl\u0131k yapm\u0131\u015f, 9 Eyl\u00fcl 1944\u2019ten sonra da,\u00a0\u00a0Bulgar DS (gizli istihbarat \u00f6rg\u00fct\u00fc) kurucusu olup, 1944-1945 y\u0131llar\u0131nda Direkt\u00f6r\u00fc,\u00a0\u00a0hem de uzun y\u0131llar m\u00fcste\u015far\u0131yd\u0131. Ba\u015fka bir de\u011fi\u015fle BKP MK Genel Sekreteri ve BHC Devlet Konseyi Ba\u015fkan\u0131 T. Jivkov zaman\u0131nda Bulgar devletinin \u00dc\u00c7\u00dcNC\u00dc DE\u011e\u0130L, \u0130K\u0130NC\u0130 ADAMIYDI.<\/p>\n<\/div>\n<div>Konumuz, Dimo Di\u00e7ev\u2019in kendisi de\u011fil, o\u011flu Orgeneral Slav\u00e7o Di\u00e7ev\u2019tir. Soyu Trakya\u2019n\u0131n en verimli kesimi olan, iri karpuzlar\u0131yla me\u015fhur, etraf T\u00fcrklerin de onlar hak\u0131k\u0131nda \u201ciyi y\u00fcreklidirler\u201d dedi\u011fi L\u00fcbimets\u2019ti. Ovadan ve kasaban\u0131n i\u00e7inden ge\u00e7en Meri\u00e7 \u0131rma\u011f\u0131n\u0131n getirdi\u011fi Ege havas\u0131 bu topraklarda ya\u015fayan insanlar\u0131 hep etkilemi\u015f ve yak\u0131nla\u015ft\u0131rm\u0131\u015ft\u0131. Bu \u015fehirde M\u00fcsl\u00fcman ya\u015famasa da, ya\u015fayanlar\u0131n do\u011fas\u0131nda T\u00fcrklere yak\u0131nl\u0131k vard\u0131.<\/div>\n<div>Slav\u00e7o on dokuzunda III. Boris\u2019in fa\u015fist polislerince bir gece yar\u0131s\u0131 uyurken yakaland\u0131. Gizli RMS (\u0130\u015f\u00e7i Gen\u00e7lik Birli\u011fi) sekreteri oldu\u011funu bilen gerici rejimin polis ve jandarmalar\u0131 onu uzun s\u00fcrse kovalad\u0131. Yakalamas\u0131 kolay olmasa da, gece karanl\u0131\u011f\u0131nda yeni ba\u011flanm\u0131\u015f m\u0131s\u0131r demetlerinin aras\u0131na g\u00f6m\u00fclm\u00fc\u015fken nas\u0131l ele ge\u00e7ti\u011fini sonra y\u0131llarca d\u00fc\u015f\u00fcnecekti.<\/div>\n<div>Aylarca polis mahzeninde, 24 saat \u0131\u015f\u0131ks\u0131z zindanda, a\u00e7 susuz ve kir pas i\u00e7inde kalan, tartaklanan, d\u00f6v\u00fclen ve yara bereleri savmayan Slav\u00e7o bir g\u00fcn elleri kollar\u0131 ba\u011fl\u0131 tren gar\u0131na g\u00f6t\u00fcr\u00fcld\u00fc. Bir y\u00fck vagonuna itildi. Bu onun i\u00e7in son gar\u0131 olmayan bir yolculuktu. Sallana sallana giden y\u00fck vagon ununda 35 g\u00fcn kald\u0131. Bir katardan bo\u015fand\u0131r\u0131lan vagon sanki bir ara istasyonda unutulur, sonra yine ayn\u0131 t\u0131k\u0131rt\u0131larla ba\u015fka bir trene ba\u011flan\u0131p, d\u00fcd\u00fckler \u00e7al\u0131n\u0131nca \u00e7ekilirdi.\u00a0\u00a0\u0130stasyonlarda beklemenin saati, gecesi, g\u00fcnd\u00fcz\u00fc yoktu, ne zaman ak\u0131llar\u0131na gelirse kap\u0131 aralan\u0131r ve i\u00e7eri birka\u00e7 ekmek, so\u011fan, salatal\u0131k ve bir teneke su verilirdi. 19\u2019unda olmas\u0131na ra\u011fmen, bir deri kemik kalm\u0131\u015f, y\u00fcr\u00fcyebilecek durumda de\u011fildir. Bir g\u00fcn tren durdu. D\u00fcd\u00fckler \u00e7ok uzun \u00e7ald\u0131, kap\u0131 a\u00e7\u0131ld\u0131 ve o vagondan beyaz \u00e7ak\u0131llar\u0131n \u00fczerine \u00e7ekildi.<\/div>\n<div>Jandarmalar\u0131n k\u00fcf\u00fcr ve tekmeleriyle bir eski kamyona bindi. Tozlu Deliorman yollar\u0131nda t\u00fcm h\u00fcnerlerini g\u00f6steren bu kamyon eskisiyle Kubrat\u2019\u0131n Sevar k\u00f6y\u00fc \u2019n\u00fcn g\u00f6lba\u015f\u0131na vard\u0131\u011f\u0131nda, \u00f6rdek ve kazlar\u0131 vakvaklatt\u0131, k\u00f6pekler havlad\u0131, elleri de\u011fnekli k\u00f6yl\u00fc T\u00fcrk kad\u0131nlar\u0131n k\u0131\u015f k\u0131\u015flar\u0131 aras\u0131nda, toz duman i\u00e7inde stop etti. Toplanan k\u00f6y erkekleri bir iskeleti and\u0131ran, pislik ve ah\u0131rlardan gelenlerin bile burun dire\u011fini k\u0131ran dayan\u0131lmaz kokusuna ald\u0131rmadan, burun k\u0131v\u0131rmadan, sanki \u00e7ok pahal\u0131 bir kristal vazo indirirmi\u015f gibi s\u00fcrg\u00fcn\u00fc a\u015fa\u011f\u0131 ald\u0131lar. B\u00fcy\u00fck cevizin g\u00f6lgesine oturttular.<\/div>\n<div>Sonra da, s\u00fcng\u00fcl\u00fc silahlar\u0131 s\u0131rtlar\u0131nda as\u0131l\u0131 jandarmalara d\u00f6n\u00fcp,\u00a0\u00a0\u201cEfendiler Ho\u015f geldiniz!\u201d dediler. Cevap olarak \u201cYusuf\u2019un Ahmet\u201d hanginizdi? sorusu geldi. \u0130mzalar al\u0131nd\u0131, evraklar muhtara verildi. Jandarmalar kamyonla yola devam etti.<\/div>\n<div>Art\u0131k evraklardan ad\u0131n\u0131 \u00f6\u011frendikleri Slav\u00e7o\u2019yu (\u015eanl\u0131y\u0131) iki tekerlekli bir \u00e7\u00f6p arabas\u0131na bindirip k\u00f6y\u00fcn \u00f6te ucundaki Ahmet\u2019in geni\u015f ve g\u00f6lgeli avlusuna indirirken, \u201cG\u00f6z\u00fcn\u00fcz ayd\u0131n! Sizin k\u0131smetiniz de geldi.\u201d s\u00f6zleriyle hane sahibiyle \u015fakala\u015f\u0131p i\u015fe koyuldular.<\/div>\n<div>K\u00f6yde daha \u00f6nce getirilen politik mahk\u00fbmlar da vard\u0131. Kar\u015f\u0131lamaya onlar gelmediler. Getirilenlerin s\u0131hhi ve temizlik durumlar\u0131, \u00fczerlerindeki pislik ar\u0131nmadan, pire sirke k\u00f6kten temizlenmeden yap\u0131lacak herhangi bir \u015fey olmad\u0131\u011f\u0131ndan, hemen ocak yakt\u0131lar, b\u00fcy\u00fck kazanda su kaynatmaya ba\u015flad\u0131lar, davar ya\u011f\u0131ndan d\u00f6k\u00fclm\u00fc\u015f sabunlar\u0131ndan iki kal\u0131p istediler. Berber Ali t\u0131ra\u015f d\u00fczenleriyle geldi. Aylarca s\u0131rt\u0131 su g\u00f6rmemi\u015f Slav\u00e7o\u2019yu bir k\u00fct\u00fck \u00fcst\u00fcne oturtup sabunlad\u0131lar. Bu gen\u00e7 s\u00fcrg\u00fcn\u00fcn s\u0131rt\u0131ndan \u00e7\u0131kan kirin ne kadar oldu\u011funu anlatmak uzun s\u00fcrer. Kirle kokular da da\u011f\u0131l\u0131p de\u011fi\u015fti. \u0130yice sabunlad\u0131ktan sonra i\u015f berber Ali\u2019nin eline d\u00fc\u015ft\u00fc. O da ayakucundan girdi ve kafas\u0131ndaki son tele kadar kesip att\u0131. Sonra s\u0131ra yeni ikinci kez sabunlay\u0131c\u0131lara ge\u00e7ti. Bu arada berber Ali usturay\u0131 bir daha biledi. Slav\u00e7o\u2019nun derisini kanatmadan i\u015fini bitirdi. \u015ei\u015f kesecilere geldi\u011finde \u015fakala\u015fmalar ba\u015flad\u0131: \u201cAli bu adamda bir damla kan yok mu ne, nas\u0131l olur, \u00e7izdirmeden bitirdin, \u00f6ncekinin surat\u0131n\u0131 k\u0131rm\u0131z\u0131 boyam\u0131\u015ft\u0131n, kellesini kestin sand\u0131k, ama bu defa iyice ustala\u015fm\u0131\u015fs\u0131n ma\u015fallah,\u201d diyenler berbere laf at\u0131yordu. Kesecilerden sonra \u0131l\u0131k suyla durulanan Slav\u00e7o da g\u00f6z a\u00e7t\u0131. Ayna getirdiler, bakt\u0131, kendini tan\u0131yamad\u0131. 6 aydan beri aynada kendini g\u00f6rmemi\u015fti. Tertemiz olmu\u015ftu ve ak pak don g\u00f6mlek aba potur, ku\u015fak ve yelek getirdiler, giydi\u2026 y\u00fcz\u00fc g\u00fclm\u00fc\u015ft\u00fc.<\/div>\n<div>\u00a0\u00a0\u00a0\u00a0\u00a0\u00a0\u00a0\u00a0Slav\u00e7o, Yusuf\u2019un Ahmetlerde 2 y\u0131ldan fazla kald\u0131. Kendini sevdirdi. D\u00fcr\u00fcst ve tebess\u00fcml\u00fc olmas\u0131 temas kurmas\u0131nda yard\u0131mc\u0131 oldu. Koyun kuzu ard\u0131nda, tarlada ah\u0131rda yard\u0131mc\u0131 i\u015fleri g\u00f6r\u00fcrken biraz biraz T\u00fcrk\u00e7eyi de s\u00f6kt\u00fc, derken sofraya dahil edildi, hi\u00e7 a\u00e7 kalmad\u0131, meyve ve sebze bah\u00e7esinden de g\u00f6nl\u00fcne g\u00f6re kopar\u0131yordu.\u2026 Sevar\u2019daki \u00f6teki Bulgar politik s\u00fcrg\u00fcnler onu k\u0131skanm\u0131\u015flard\u0131.<\/div>\n<div>9 Eyl\u00fcl 1944\u2019ten sonra politik s\u00fcrg\u00fcnler kald\u0131klar\u0131 evlerin halk\u0131yla vedala\u015f\u0131rken, Sva\u00e7o Di\u00e7ev art\u0131k 21\u2019indeydi, boylu poslu endaml\u0131, hafiften kumral ve dalgal\u0131 sa\u00e7lar\u0131yla ergen g\u00fczeli, dayanamad\u0131,\u00a0a\u011flamaya ba\u015flad\u0131. Ev sahiplerini sevmi\u015fti, misafirperverli\u011fin b\u00f6ylesi i\u00e7in Bulgar dilinde s\u00f6z yoktu, g\u00f6z bebekleri hepten bo\u015fand\u0131, hi\u00e7 konu\u015fmadan a\u011flamaya devam etti. \u201c\u0130stersen kal, biz seni everelim, kom\u015fumuz olursun.\u201d dediler ama Slav\u00e7o art\u0131k h\u00fcrriyet torbas\u0131n\u0131 s\u0131rtlam\u0131\u015f, g\u00f6z\u00fc tozlu yoldayd\u0131.<\/div>\n<div>Yak\u0131n ge\u00e7mi\u015fte \u00f6l\u00fcm haberini gazetede okudum. Bizden ayr\u0131ld\u0131ktan sonra Prag\u2019a askeri akademiye g\u00f6nderilmi\u015f ve Bulgar Halk Ordusu\u2019nda Orgeneralli\u011fe kadar y\u00fckselmi\u015fti. Bulgar Silahl\u0131 Kuvvetleri\u2019nde T\u00fcrk asker olmad\u0131\u011f\u0131ndan onun bize kar\u015f\u0131 mayalanan sayg\u0131 ve sevgisinin de\u011fi\u015fip de\u011fi\u015fmedi\u011fini izleyebilme olanaklar\u0131m\u0131z k\u0131s\u0131tl\u0131 kald\u0131.<\/div>\n<div>Ne ki, 1984\u2019te Yusuf\u2019un Ahmetlerin torunu Fatma k\u0131z, Sevar k\u00f6y\u00fcn\u00fc de i\u00e7ine alan, Kubrat Belediyesi Tar\u0131m Sanayi Kompleksi (APK) inek fermas\u0131nda \u00e7al\u0131\u015f\u0131rken, sabah sabah \u00e7ay\u0131ra sald\u0131\u011f\u0131 s\u0131\u011f\u0131rlar\u0131n ard\u0131ndan ah\u0131r\u0131 k\u00fcremeye koyuldu. Havaland\u0131rmaya a\u00e7t\u0131\u011f\u0131 geni\u015f kap\u0131dan,\u00a0\u00a0kendini hi\u00e7 fark ettirmeden giren bir \u00fcniformal\u0131 milis \u201c<b>ad\u0131n\u0131 de\u011fi\u015ftirmekten ka\u00e7\u0131p ah\u0131ra sakland\u0131n ha<\/b>\u201d s\u00f6zleriyle gen\u00e7 k\u0131za \u00e7ullanmaya haz\u0131rlan\u0131rken, elindeki k\u00fcre\u011fi var g\u00fcc\u00fcyle savuran Fatma silahl\u0131 milisi yere serdi, olandan korktu,\u00a0\u00a0elliyle a\u011f\u0131z\u0131n\u0131 kapad\u0131, milisin \u00f6teki d\u00fcnya yolculu\u011funun nas\u0131l ba\u015flad\u0131\u011f\u0131n\u0131 deh\u015fetle izledi.<\/div>\n<div>Hepimiz i\u00e7in o \u00e7ok ac\u0131l\u0131 olan zamanda Fatma\u2019n\u0131n duru\u015fmas\u0131nda savc\u0131n\u0131n y\u00fcz\u00fcne kar\u015f\u0131 ba\u011f\u0131rd\u0131\u011f\u0131 hakaretleri an\u0131msatmaya gerek olmad\u0131\u011f\u0131 g\u00f6r\u00fc\u015f\u00fcndeyim. Sliven Kad\u0131n ko\u011fu\u015funa d\u00fc\u015ft\u00fc. Elinde ba\u011flamas\u0131 derdini vuramadan s\u00f6ylemeye d\u00f6kt\u00fc ama gam bitmiyordu.<\/div>\n<div>Bir g\u00fcn kad\u0131n gardiyanlardan en kilolu olan\u0131 ba\u015f\u0131 ucuna geldi ve \u201cGel!\u201d dedi. M\u00fcd\u00fcr\u00fcn odas\u0131na \u00e7\u0131kard\u0131lar. Girmezden \u00f6nce sar\u0131 sa\u00e7lar\u0131n\u0131 lastikle ba\u011flatt\u0131lar, s\u0131rt\u0131na yeni elbise verdiler.<\/div>\n<div>\u0130\u00e7eri girdi\u011finde kar\u015f\u0131s\u0131nda Bulgar Halk Ordusu Orgenerali Slav\u00e7o Dikov duruyordu. Fatma ne diyece\u011fini \u015fa\u015f\u0131rd\u0131. General yumu\u015fak ve h\u00fcrmetli bir sesle: \u201c<b>Nas\u0131ls\u0131n<\/b>?\u201d diye sordu.<\/div>\n<div>Fatma\u2019n\u0131n cevab\u0131: \u201c<b>SA\u011eOLUN, S\u00dcR\u00dcN\u00dcYORUZ \u0130\u015eTE<\/b>\u2026\u201d\u00a0\u00a0oldu.<\/div>\n<p>Slav\u00e7o, Yusuf\u2019un Ahmet\u2019in yani Fatma\u2019n\u0131n babas\u0131n\u0131n sofras\u0131nda yedi\u011fi ekme\u011fi unutamam\u0131\u015ft\u0131, ama Fatma\u2019y\u0131 cezaevinden kurtarmaya da g\u00fcc\u00fc yetmedi.<\/p>\n<div id=\"bghab-3633489213\" class=\"bghab-yazi-altinda bghab-entity-placement\"><script async src=\"https:\/\/pagead2.googlesyndication.com\/pagead\/js\/adsbygoogle.js\"><\/script>\r\n<!-- bghaber-yaz\u0131-sonu -->\r\n<ins class=\"adsbygoogle\"\r\n     style=\"display:block\"\r\n     data-ad-client=\"ca-pub-6203283170189293\"\r\n     data-ad-slot=\"4222328180\"\r\n     data-ad-format=\"auto\"\r\n     data-full-width-responsive=\"true\"><\/ins>\r\n<script>\r\n     (adsbygoogle = window.adsbygoogle || []).push({});\r\n<\/script><\/div><br style=\"clear: both; display: block; float: none;\"\/>","protected":false},"excerpt":{"rendered":"<p>\u00d6lebilirsen \u00f6l,\u00a0\u00a0\u00a0\u00a0\u00a0\u00a0\u00a0\u00a0\u00a0\u00a0\u00a0\u00a0\u00a0\u00a0\u00a0\u00a0\u00a0\u00a0\u00a0\u00a0\u00a0\u00a0\u00a0\u00a0\u00a0\u00a0\u00a0\u00a0\u00a0\u00a0\u00a0\u00a0\u00a0\u00a0\u00a0\u00a0\u00a0\u00a0\u00a0\u00a0\u00a0\u00a0\u00a0\u00a0\u00a0\u00a0\u00a0\u00a0\u00a0\u00a0\u00a0\u00a0\u00a0\u00a0\u00a0\u00a0\u00a0\u00a0\u00a0\u00a0\u00a0\u00a0\u00a0\u00a0\u00a0\u00a0\u00a0\u00a0\u00a0\u00a0\u00a0\u00a0\u00a0\u00a0\u00a0\u00a0\u00a0\u00a0\u00a0\u00a0\u00a0\u00a0\u00a0\u00a0\u00a0\u00a0 Konu\u015fmadan, bakmadan, a\u011flamadan. An\u0131m\u0131zdaki Bulgaristan Slav\u00e7o i\u00e7in ba\u011f\u0131rmamak, d\u00fc\u015f\u00fcncelerini a\u00e7\u0131\u011fa vurmamak iradesiydi. Konu\u015fmamak ise, bildiklerini i\u00e7inde ya\u015fat\u0131rken, onlardan g\u00fc\u00e7 alma kararl\u0131l\u0131\u011f\u0131yd\u0131. O a\u011flamak<\/p>\n","protected":false},"author":16,"featured_media":5404,"comment_status":"closed","ping_status":"closed","sticky":false,"template":"","format":"standard","meta":{"advanced_seo_description":"","jetpack_seo_html_title":"","jetpack_seo_noindex":false,"jetpack_seo_schema_type":"","_jetpack_newsletter_access":"","_jetpack_dont_email_post_to_subs":false,"_jetpack_newsletter_tier_id":0,"_jetpack_memberships_contains_paywalled_content":false,"_jetpack_feature_clip_id":0,"_jetpack_memberships_contains_paid_content":false,"footnotes":"","jetpack_post_was_ever_published":false},"categories":[6],"tags":[30],"class_list":["post-5402","post","type-post","status-publish","format-standard","has-post-thumbnail","hentry","category-yorum","tag-bulgaristan"],"jetpack_sharing_enabled":true,"jetpack_likes_enabled":true,"jetpack-related-posts":[],"jetpack_shortlink":"https:\/\/wp.me\/pc2PfJ-1p8","jetpack_featured_media_url":"https:\/\/i0.wp.com\/www.bghaber.org\/bghaber\/wp-content\/uploads\/2013\/08\/ayse_halide_umutfer.jpg?fit=100%2C125&ssl=1","_links":{"self":[{"href":"https:\/\/www.bghaber.org\/bghaber\/wp-json\/wp\/v2\/posts\/5402","targetHints":{"allow":["GET"]}}],"collection":[{"href":"https:\/\/www.bghaber.org\/bghaber\/wp-json\/wp\/v2\/posts"}],"about":[{"href":"https:\/\/www.bghaber.org\/bghaber\/wp-json\/wp\/v2\/types\/post"}],"author":[{"embeddable":true,"href":"https:\/\/www.bghaber.org\/bghaber\/wp-json\/wp\/v2\/users\/16"}],"replies":[{"embeddable":true,"href":"https:\/\/www.bghaber.org\/bghaber\/wp-json\/wp\/v2\/comments?post=5402"}],"version-history":[{"count":0,"href":"https:\/\/www.bghaber.org\/bghaber\/wp-json\/wp\/v2\/posts\/5402\/revisions"}],"wp:featuredmedia":[{"embeddable":true,"href":"https:\/\/www.bghaber.org\/bghaber\/wp-json\/wp\/v2\/media\/5404"}],"wp:attachment":[{"href":"https:\/\/www.bghaber.org\/bghaber\/wp-json\/wp\/v2\/media?parent=5402"}],"wp:term":[{"taxonomy":"category","embeddable":true,"href":"https:\/\/www.bghaber.org\/bghaber\/wp-json\/wp\/v2\/categories?post=5402"},{"taxonomy":"post_tag","embeddable":true,"href":"https:\/\/www.bghaber.org\/bghaber\/wp-json\/wp\/v2\/tags?post=5402"}],"curies":[{"name":"wp","href":"https:\/\/api.w.org\/{rel}","templated":true}]}}