{"id":54018,"date":"2021-05-03T22:48:00","date_gmt":"2021-05-03T19:48:00","guid":{"rendered":"https:\/\/www.bghaber.org\/bghaber\/?p=54018"},"modified":"2021-05-03T20:51:06","modified_gmt":"2021-05-03T17:51:06","slug":"sofya-merkezinde-buyuk-bir-agac-devrildi","status":"publish","type":"post","link":"https:\/\/www.bghaber.org\/bghaber\/sofya-merkezinde-buyuk-bir-agac-devrildi\/","title":{"rendered":"Sofya merkezinde b\u00fcy\u00fck bir a\u011fa\u00e7 devrildi"},"content":{"rendered":"\n<p class=\"wp-block-paragraph\"><strong>Sofya \u201cVito\u015fa\u201d bulvar\u0131nda yayalar\u0131n ge\u00e7ti\u011fi alanda b\u00fcy\u00fck bir a\u011fa\u00e7 devrildi.<\/strong><\/p>\n\n\n\n<p class=\"wp-block-paragraph\">A\u011fac\u0131n d\u00fc\u015ft\u00fc\u011f\u00fc anda bulvar\u0131n bu b\u00f6l\u00fcm\u00fcnde bir\u00e7ok insan\u0131n y\u00fcr\u00fcd\u00fc\u011f\u00fc ve a\u00e7\u0131k havadaki yeme i\u00e7me mekanlar\u0131 m\u00fc\u015fteri ile dolu olmas\u0131na ra\u011fmen,\u00a0yaralananlar olmad\u0131.<\/p>\n\n\n\n<p class=\"wp-block-paragraph\">BNR \u201cHorizont\u201d program\u0131 muhabirinin haberinde, a\u011fac\u0131n d\u00fc\u015ft\u00fc\u011f\u00fc yere yak\u0131n masada bu anda \u00e7ocuklu bir aile, yak\u0131ndaki bankta ise bir kad\u0131n\u0131n oturdu\u011fu, fakat herkesin zaman\u0131nda tepki verdi\u011fi aktar\u0131ld\u0131.<\/p>\n\n\n\n<p class=\"wp-block-paragraph\">Ge\u00e7en y\u0131l ayn\u0131 a\u011fa\u00e7tan bir dal yine ayn\u0131 mekanda bir masan\u0131n \u00fczerine d\u00fc\u015fm\u00fc\u015ft\u00fc.<\/p>\n\n\n\n<p class=\"wp-block-paragraph\"><\/p>\n\n\n\n<p class=\"wp-block-paragraph\">BNR<\/p><div id=\"bghab-3136144733\" class=\"bghab-icerik-icine bghab-entity-placement\"><script async src=\"\/\/pagead2.googlesyndication.com\/pagead\/js\/adsbygoogle.js?client=ca-pub-6203283170189293\" crossorigin=\"anonymous\"><\/script><ins class=\"adsbygoogle\" style=\"display:block; text-align:center;\" data-ad-client=\"ca-pub-6203283170189293\" \ndata-ad-slot=\"7303146466\" \ndata-ad-layout=\"in-article\"\ndata-ad-format=\"fluid\" data-full-width-responsive=\"true\"><\/ins>\n<script> \n(adsbygoogle = window.adsbygoogle || []).push({}); \n<\/script>\n<\/div>\n<div id=\"bghab-3662526377\" class=\"bghab-yazi-altinda bghab-entity-placement\"><script async src=\"https:\/\/pagead2.googlesyndication.com\/pagead\/js\/adsbygoogle.js\"><\/script>\r\n<!-- bghaber-yaz\u0131-sonu -->\r\n<ins class=\"adsbygoogle\"\r\n     style=\"display:block\"\r\n     data-ad-client=\"ca-pub-6203283170189293\"\r\n     data-ad-slot=\"4222328180\"\r\n     data-ad-format=\"auto\"\r\n     data-full-width-responsive=\"true\"><\/ins>\r\n<script>\r\n     (adsbygoogle = window.adsbygoogle || []).push({});\r\n<\/script><\/div><br style=\"clear: both; display: block; float: none;\"\/>","protected":false},"excerpt":{"rendered":"<p>Sofya \u201cVito\u015fa\u201d bulvar\u0131nda yayalar\u0131n ge\u00e7ti\u011fi alanda b\u00fcy\u00fck bir a\u011fa\u00e7 devrildi. A\u011fac\u0131n d\u00fc\u015ft\u00fc\u011f\u00fc anda bulvar\u0131n bu b\u00f6l\u00fcm\u00fcnde bir\u00e7ok insan\u0131n y\u00fcr\u00fcd\u00fc\u011f\u00fc ve a\u00e7\u0131k havadaki yeme i\u00e7me mekanlar\u0131<\/p>\n","protected":false},"author":29,"featured_media":54019,"comment_status":"closed","ping_status":"closed","sticky":false,"template":"","format":"standard","meta":{"advanced_seo_description":"","jetpack_seo_html_title":"","jetpack_seo_noindex":false,"jetpack_seo_schema_type":"","_jetpack_newsletter_access":"","_jetpack_dont_email_post_to_subs":false,"_jetpack_newsletter_tier_id":0,"_jetpack_memberships_contains_paywalled_content":false,"_jetpack_feature_clip_id":0,"_jetpack_memberships_contains_paid_content":false,"footnotes":"","jetpack_post_was_ever_published":false},"categories":[5],"tags":[1851,30,51],"class_list":["post-54018","post","type-post","status-publish","format-standard","has-post-thumbnail","hentry","category-yasam","tag-agac","tag-bulgaristan","tag-sofya"],"jetpack_sharing_enabled":true,"jetpack_likes_enabled":true,"jetpack-related-posts":[],"jetpack_shortlink":"https:\/\/wp.me\/pc2PfJ-e3g","jetpack_featured_media_url":"https:\/\/i0.wp.com\/www.bghaber.org\/bghaber\/wp-content\/uploads\/2021\/05\/Sofya-merkezinde-buyuk-bir-agac-devrildi.jpg?fit=925%2C520&ssl=1","_links":{"self":[{"href":"https:\/\/www.bghaber.org\/bghaber\/wp-json\/wp\/v2\/posts\/54018","targetHints":{"allow":["GET"]}}],"collection":[{"href":"https:\/\/www.bghaber.org\/bghaber\/wp-json\/wp\/v2\/posts"}],"about":[{"href":"https:\/\/www.bghaber.org\/bghaber\/wp-json\/wp\/v2\/types\/post"}],"author":[{"embeddable":true,"href":"https:\/\/www.bghaber.org\/bghaber\/wp-json\/wp\/v2\/users\/29"}],"replies":[{"embeddable":true,"href":"https:\/\/www.bghaber.org\/bghaber\/wp-json\/wp\/v2\/comments?post=54018"}],"version-history":[{"count":0,"href":"https:\/\/www.bghaber.org\/bghaber\/wp-json\/wp\/v2\/posts\/54018\/revisions"}],"wp:featuredmedia":[{"embeddable":true,"href":"https:\/\/www.bghaber.org\/bghaber\/wp-json\/wp\/v2\/media\/54019"}],"wp:attachment":[{"href":"https:\/\/www.bghaber.org\/bghaber\/wp-json\/wp\/v2\/media?parent=54018"}],"wp:term":[{"taxonomy":"category","embeddable":true,"href":"https:\/\/www.bghaber.org\/bghaber\/wp-json\/wp\/v2\/categories?post=54018"},{"taxonomy":"post_tag","embeddable":true,"href":"https:\/\/www.bghaber.org\/bghaber\/wp-json\/wp\/v2\/tags?post=54018"}],"curies":[{"name":"wp","href":"https:\/\/api.w.org\/{rel}","templated":true}]}}