{"id":54015,"date":"2021-05-03T20:35:08","date_gmt":"2021-05-03T17:35:08","guid":{"rendered":"https:\/\/www.bghaber.org\/bghaber\/?p=54015"},"modified":"2021-05-03T20:35:10","modified_gmt":"2021-05-03T17:35:10","slug":"kircaali-kan-merkezinden-kan-bagisi-cagrisi","status":"publish","type":"post","link":"https:\/\/www.bghaber.org\/bghaber\/kircaali-kan-merkezinden-kan-bagisi-cagrisi\/","title":{"rendered":"K\u0131rcaali Kan Merkezi\u2019nden kan ba\u011f\u0131\u015f\u0131 \u00e7a\u011fr\u0131s\u0131"},"content":{"rendered":"\n<p class=\"wp-block-paragraph\">BNR K\u0131rcaali Radyosu\u2019nun\u00a0 aktard\u0131\u011f\u0131 habere g\u00f6re,\u00a0<strong>K\u0131rcaali \u201cDr. Atanas Dafovski\u201d Hastanesi\u2019ne ba\u011fl\u0131 Kan Merkezi, Paskalya g\u00fcnleri ve Ramazan Bayram\u0131 ile ilgili olarak kan ve kan \u00fcr\u00fcnleri yetersizli\u011finden K\u0131rcaali ve b\u00f6lge halk\u0131na kan ba\u011f\u0131\u015f\u0131 \u00e7a\u011fr\u0131s\u0131 yapt\u0131.<\/strong><\/p>\n\n\n\n<p class=\"wp-block-paragraph\">Kan ba\u011f\u0131\u015f\u0131 yapmak isteyenler,&nbsp;<strong>5 May\u0131s ve 7 May\u0131s tarihlerinde saat 07:30 ve 13:30 aras\u0131<\/strong>&nbsp;Kan Merkezi\u2019ne gidebilir.<\/p>\n\n\n\n<p class=\"wp-block-paragraph\">Ama\u00e7, hastalara tedavilerinde gerekli olan kan ve kan \u00fcr\u00fcnlerinin sa\u011flanmas\u0131.<\/p>\n\n\n\n<p class=\"wp-block-paragraph\"><\/p>\n\n\n\n<p class=\"wp-block-paragraph\">BNR<\/p>\n<div id=\"bghab-3020328378\" class=\"bghab-yazi-altinda bghab-entity-placement\"><script async src=\"https:\/\/pagead2.googlesyndication.com\/pagead\/js\/adsbygoogle.js\"><\/script>\r\n<!-- bghaber-yaz\u0131-sonu -->\r\n<ins class=\"adsbygoogle\"\r\n     style=\"display:block\"\r\n     data-ad-client=\"ca-pub-6203283170189293\"\r\n     data-ad-slot=\"4222328180\"\r\n     data-ad-format=\"auto\"\r\n     data-full-width-responsive=\"true\"><\/ins>\r\n<script>\r\n     (adsbygoogle = window.adsbygoogle || []).push({});\r\n<\/script><\/div><br style=\"clear: both; display: block; float: none;\"\/>","protected":false},"excerpt":{"rendered":"<p>BNR K\u0131rcaali Radyosu\u2019nun\u00a0 aktard\u0131\u011f\u0131 habere g\u00f6re,\u00a0K\u0131rcaali \u201cDr. Atanas Dafovski\u201d Hastanesi\u2019ne ba\u011fl\u0131 Kan Merkezi, Paskalya g\u00fcnleri ve Ramazan Bayram\u0131 ile ilgili olarak kan ve kan \u00fcr\u00fcnleri<\/p>\n","protected":false},"author":29,"featured_media":54016,"comment_status":"closed","ping_status":"closed","sticky":false,"template":"","format":"standard","meta":{"advanced_seo_description":"","jetpack_seo_html_title":"","jetpack_seo_noindex":false,"jetpack_seo_schema_type":"","_jetpack_newsletter_access":"","_jetpack_dont_email_post_to_subs":false,"_jetpack_newsletter_tier_id":0,"_jetpack_memberships_contains_paywalled_content":false,"_jetpack_feature_clip_id":0,"_jetpack_memberships_contains_paid_content":false,"footnotes":"","jetpack_post_was_ever_published":false},"categories":[1133,7],"tags":[1859,3052,32],"class_list":["post-54015","post","type-post","status-publish","format-standard","has-post-thumbnail","hentry","category-duyuru","category-saglik-spor","tag-bagis","tag-kan","tag-kircaali"],"jetpack_sharing_enabled":true,"jetpack_likes_enabled":true,"jetpack-related-posts":[],"jetpack_shortlink":"https:\/\/wp.me\/pc2PfJ-e3d","jetpack_featured_media_url":"https:\/\/i0.wp.com\/www.bghaber.org\/bghaber\/wp-content\/uploads\/2021\/05\/kan-verme-bulgaristan.jpg?fit=680%2C382&ssl=1","_links":{"self":[{"href":"https:\/\/www.bghaber.org\/bghaber\/wp-json\/wp\/v2\/posts\/54015","targetHints":{"allow":["GET"]}}],"collection":[{"href":"https:\/\/www.bghaber.org\/bghaber\/wp-json\/wp\/v2\/posts"}],"about":[{"href":"https:\/\/www.bghaber.org\/bghaber\/wp-json\/wp\/v2\/types\/post"}],"author":[{"embeddable":true,"href":"https:\/\/www.bghaber.org\/bghaber\/wp-json\/wp\/v2\/users\/29"}],"replies":[{"embeddable":true,"href":"https:\/\/www.bghaber.org\/bghaber\/wp-json\/wp\/v2\/comments?post=54015"}],"version-history":[{"count":0,"href":"https:\/\/www.bghaber.org\/bghaber\/wp-json\/wp\/v2\/posts\/54015\/revisions"}],"wp:featuredmedia":[{"embeddable":true,"href":"https:\/\/www.bghaber.org\/bghaber\/wp-json\/wp\/v2\/media\/54016"}],"wp:attachment":[{"href":"https:\/\/www.bghaber.org\/bghaber\/wp-json\/wp\/v2\/media?parent=54015"}],"wp:term":[{"taxonomy":"category","embeddable":true,"href":"https:\/\/www.bghaber.org\/bghaber\/wp-json\/wp\/v2\/categories?post=54015"},{"taxonomy":"post_tag","embeddable":true,"href":"https:\/\/www.bghaber.org\/bghaber\/wp-json\/wp\/v2\/tags?post=54015"}],"curies":[{"name":"wp","href":"https:\/\/api.w.org\/{rel}","templated":true}]}}