{"id":54013,"date":"2021-05-03T21:00:00","date_gmt":"2021-05-03T18:00:00","guid":{"rendered":"https:\/\/www.bghaber.org\/bghaber\/?p=54013"},"modified":"2021-05-03T20:32:28","modified_gmt":"2021-05-03T17:32:28","slug":"sofya-varna-tren-yolculugu-4-saate-iniyor","status":"publish","type":"post","link":"https:\/\/www.bghaber.org\/bghaber\/sofya-varna-tren-yolculugu-4-saate-iniyor\/","title":{"rendered":"Sofya-Varna tren yolculu\u011fu 4 saate iniyor"},"content":{"rendered":"\n<p class=\"wp-block-paragraph\">2 y\u0131la kadar Karnobat \u00fczerinden Sofya &#8211; Varna tren seyahati 4 saat s\u00fcrecek. \u00a0Ge\u00e7ici Ula\u015ft\u0131rma, Bili\u015fim ve Haberle\u015fme Bakan\u0131 Rosen Jelyazkov bunu Burgas ilinin yenilenmi\u015f Karnobat demiryolu istasyonunu a\u00e7arken ilan etti.<\/p>\n\n\n\n<p class=\"wp-block-paragraph\">Bakanl\u0131\u011f\u0131ndan Jelyazkov\u2019un art\u0131k ba\u015flat\u0131lan demiryolu modernizasyonunun ard\u0131ndan bunun m\u00fcmk\u00fcn olabilece\u011fini belirtti\u011fi aktar\u0131ld\u0131.\u00a0<\/p>\n\n\n\n<p class=\"wp-block-paragraph\"><\/p>\n\n\n\n<p class=\"wp-block-paragraph\">BNR<\/p>\n<div id=\"bghab-839791540\" class=\"bghab-yazi-altinda bghab-entity-placement\"><script async src=\"https:\/\/pagead2.googlesyndication.com\/pagead\/js\/adsbygoogle.js\"><\/script>\r\n<!-- bghaber-yaz\u0131-sonu -->\r\n<ins class=\"adsbygoogle\"\r\n     style=\"display:block\"\r\n     data-ad-client=\"ca-pub-6203283170189293\"\r\n     data-ad-slot=\"4222328180\"\r\n     data-ad-format=\"auto\"\r\n     data-full-width-responsive=\"true\"><\/ins>\r\n<script>\r\n     (adsbygoogle = window.adsbygoogle || []).push({});\r\n<\/script><\/div><br style=\"clear: both; display: block; float: none;\"\/>","protected":false},"excerpt":{"rendered":"<p>2 y\u0131la kadar Karnobat \u00fczerinden Sofya &#8211; Varna tren seyahati 4 saat s\u00fcrecek. \u00a0Ge\u00e7ici Ula\u015ft\u0131rma, Bili\u015fim ve Haberle\u015fme Bakan\u0131 Rosen Jelyazkov bunu Burgas ilinin yenilenmi\u015f<\/p>\n","protected":false},"author":29,"featured_media":36877,"comment_status":"closed","ping_status":"closed","sticky":false,"template":"","format":"standard","meta":{"advanced_seo_description":"","jetpack_seo_html_title":"","jetpack_seo_noindex":false,"jetpack_seo_schema_type":"","_jetpack_newsletter_access":"","_jetpack_dont_email_post_to_subs":false,"_jetpack_newsletter_tier_id":0,"_jetpack_memberships_contains_paywalled_content":false,"_jetpack_feature_clip_id":0,"_jetpack_memberships_contains_paid_content":false,"footnotes":"","jetpack_post_was_ever_published":false},"categories":[1,4],"tags":[173,51,1723,158],"class_list":["post-54013","post","type-post","status-publish","format-standard","has-post-thumbnail","hentry","category-haberler","category-siyaset","tag-burgas","tag-sofya","tag-tren","tag-varna"],"jetpack_sharing_enabled":true,"jetpack_likes_enabled":true,"jetpack-related-posts":[],"jetpack_shortlink":"https:\/\/wp.me\/pc2PfJ-e3b","jetpack_featured_media_url":"https:\/\/i0.wp.com\/www.bghaber.org\/bghaber\/wp-content\/uploads\/2019\/06\/bulgaristan-ula%C5%9Ft%C4%B1rma-bakani-Rosen-Jelyazkov-2019.jpg?fit=600%2C536&ssl=1","_links":{"self":[{"href":"https:\/\/www.bghaber.org\/bghaber\/wp-json\/wp\/v2\/posts\/54013","targetHints":{"allow":["GET"]}}],"collection":[{"href":"https:\/\/www.bghaber.org\/bghaber\/wp-json\/wp\/v2\/posts"}],"about":[{"href":"https:\/\/www.bghaber.org\/bghaber\/wp-json\/wp\/v2\/types\/post"}],"author":[{"embeddable":true,"href":"https:\/\/www.bghaber.org\/bghaber\/wp-json\/wp\/v2\/users\/29"}],"replies":[{"embeddable":true,"href":"https:\/\/www.bghaber.org\/bghaber\/wp-json\/wp\/v2\/comments?post=54013"}],"version-history":[{"count":0,"href":"https:\/\/www.bghaber.org\/bghaber\/wp-json\/wp\/v2\/posts\/54013\/revisions"}],"wp:featuredmedia":[{"embeddable":true,"href":"https:\/\/www.bghaber.org\/bghaber\/wp-json\/wp\/v2\/media\/36877"}],"wp:attachment":[{"href":"https:\/\/www.bghaber.org\/bghaber\/wp-json\/wp\/v2\/media?parent=54013"}],"wp:term":[{"taxonomy":"category","embeddable":true,"href":"https:\/\/www.bghaber.org\/bghaber\/wp-json\/wp\/v2\/categories?post=54013"},{"taxonomy":"post_tag","embeddable":true,"href":"https:\/\/www.bghaber.org\/bghaber\/wp-json\/wp\/v2\/tags?post=54013"}],"curies":[{"name":"wp","href":"https:\/\/api.w.org\/{rel}","templated":true}]}}