{"id":53783,"date":"2021-04-15T02:39:03","date_gmt":"2021-04-14T23:39:03","guid":{"rendered":"https:\/\/www.bghaber.org\/bghaber\/?p=53783"},"modified":"2026-02-02T19:48:24","modified_gmt":"2026-02-02T16:48:24","slug":"yeni-bir-bulgaristan-turkleri-partisi-kapi-caliyor","status":"publish","type":"post","link":"https:\/\/www.bghaber.org\/bghaber\/yeni-bir-bulgaristan-turkleri-partisi-kapi-caliyor\/","title":{"rendered":"Yeni Bir Bulgaristan T\u00fcrkleri Partisi Kap\u0131 \u00c7al\u0131yor"},"content":{"rendered":"<p><strong>BGSAM<br \/>\n<\/strong><em>Tarih: 04 Nisan 2021<\/em><\/p>\n<p><em>2 hafta \u00f6nce yap\u0131lan Bulgaristan se\u00e7imleri T\u00fcrklerin ve Pomaklar\u0131n bilinci hareket ettiklerini ve 1990\u2019dan beri uygulanan aldatmaca, doland\u0131rma ve soygun siyasetinden geri \u00e7ekildiklerini ortaya koydu.<\/em><\/p>\n<p><em>Yap\u0131lan analizler az\u0131nl\u0131klar\u0131n haklar\u0131, adalet ve e\u015fitlik gibi konularda \u015fimdilik de\u011fi\u015fiklik olmad\u0131\u011f\u0131n\u0131, eski ve yeni partilerin bu temel konularda birlerine \u00e7ok yak\u0131n olduklar\u0131n\u0131 bir daha kan\u0131tlad\u0131.<\/em><\/p>\n<p><em>Bu durumda, Hak ve \u00d6zg\u00fcrl\u00fckler partisi tarihsel misyonunu yani T\u00fcrklerin ve t\u00fcm M\u00fcsl\u00fcmanlar\u0131n temel insan haklar\u0131n\u0131, dilini, dinini ve \u00f6z kimli\u011fini ve T\u00fcrk k\u00fclt\u00fcr\u00fc ve kimli\u011fi ile yeniden \u00fcreyerek Bulgaristan\u2019da ya\u015famalar\u0131n\u0131 savunma konusunda 30 y\u0131ldan beri oldu\u011fu gibi, \u015fimdi de Avrupa H\u0131ristiyanl\u0131\u011f\u0131n\u0131n, milletsiz liberalizmin ve dinsizler rejiminin \u015femsiyesi alt\u0131nda kuzu kuzu rahat\u0131na bakmaya devam edece\u011fini g\u00f6stermi\u015f bulunuyor.<\/em><\/p>\n<p><em>Bu se\u00e7imde GERB ile birlikte, Peevski ile birlikte politik sahneden kaymalar\u0131n\u0131 \u00f6ng\u00f6renler aldanmad\u0131lar. GERB partisi, BSP partisi ve DPS partisi, fa\u015fistlerden, \u0131rk\u00e7\u0131lardan ve \u015fovenizm kurtlar\u0131ndan sonra en fazla oy, milletvekili, otorite ve perspektif kaybettiler. Bir daha iktidara uzanmay\u0131 belki de asla hayal edemeyeceklerdir. Buna ra\u011fmen, Boyko Borisov, GERB\u2019li eski D\u0131\u015f \u0130\u015fleri Bakan\u0131 (2014-2017)<\/em> <em>Daniel Mitov\u2019u Ba\u015fbakan ve eski meclis Ba\u015fkan\u0131 (2018-2021) Tsveta Karayan\u00e7eva\u2019y\u0131 \/K\u0131rca Ali milletvekili\/ daha yeminden \u00f6nce, yeni meclis ba\u015fkan\u0131 olarak \u00f6nerdi. \u00a0Geli\u015fmeler ilgin\u00e7tir. \u0130ktidar\u0131 yitirmek hi\u00e7 de kolay de\u011fil.<\/em><\/p><div id=\"bghab-3993831163\" class=\"bghab-icerik-icine bghab-entity-placement\"><script async src=\"\/\/pagead2.googlesyndication.com\/pagead\/js\/adsbygoogle.js?client=ca-pub-6203283170189293\" crossorigin=\"anonymous\"><\/script><ins class=\"adsbygoogle\" style=\"display:block; text-align:center;\" data-ad-client=\"ca-pub-6203283170189293\" \ndata-ad-slot=\"7303146466\" \ndata-ad-layout=\"in-article\"\ndata-ad-format=\"fluid\" data-full-width-responsive=\"true\"><\/ins>\n<script> \n(adsbygoogle = window.adsbygoogle || []).push({}); \n<\/script>\n<\/div>\n<p><em>Bulgaristan\u2019\u0131n da\u011f\u0131ld\u0131\u011f\u0131n\u0131, Avrupa Birli\u011finden uzat\u0131lan paralar\u0131 alamayacak duruma geldi\u011fini, plan program yap\u0131n deseler, ne yapaca\u011f\u0131n\u0131 ve ne yap\u0131laca\u011f\u0131n\u0131 bilmedi\u011fini g\u00f6r\u00fcyoruz. Hele \u015fimdi NATO \u2013 y\u00f6netiminin \u00fclkemize daha b\u00fcy\u00fck birlikler halinde askeri g\u00fc\u00e7, teknik donat\u0131, ta\u015f\u0131t ara\u00e7lar\u0131, f\u00fcze rampas\u0131 ve ba\u015fka askeri te\u00e7hizat indirip \u00fcslendirme niyetini a\u00e7\u0131klad\u0131\u011f\u0131 bu ay herkes dilini yutmu\u015f gibi. Mesele milli sorumluluk \u00fcstlenme meselesi oldu. Ukrayna bunal\u0131m\u0131 Bulgaristan\u2019\u0131 Rusya\u2019dan tamamen koparabilir ki, bu yeni gerginliklere davetiye \u00e7\u0131kar\u0131yor.<\/em><\/p>\n<p><em>***<\/em><\/p>\n<p><strong><em>Se\u00e7imlerle ilgili kesin rakamlar art\u0131k yay\u0131nland\u0131.<\/em><\/strong><\/p>\n<p><em>15 Nisan\u2019da milletvekilleri yemin edecekler. 5 May\u0131sa kadar h\u00fck\u00fcmet kurulmaya \u00e7al\u0131\u015f\u0131lacak. De\u011fi\u015fik form\u00fcller ortaya \u00e7\u0131kt\u0131. H\u00fck\u00fcmetsiz olmayacak, \u00e7\u00fcnk\u00fc y\u0131lba\u015f\u0131ndan beri b\u00fct\u00e7ede \u00f6ng\u00f6r\u00fclen harcamalardan fazla 5 milyar leva a\u00e7m\u0131\u015f\u0131z, AB\u2019nin istedi\u011fi program \u00f6nerilerini sunamazsak, y\u0131lsonuna kadar Br\u00fcksel\u2019den para alamay\u0131z, dolay\u0131s\u0131yla tamamen \u00e7\u00f6ker ve kilitleniriz. Bu nedenle meclisten mutlaka bir h\u00fck\u00fcmet \u00e7\u0131kmas\u0131 gerek!<\/em><\/p>\n<p><em>,*** <\/em><\/p><div id=\"bghab-990171236\" class=\"bghab-icerik-icine-10-paragraf bghab-entity-placement\"><script async src=\"\/\/pagead2.googlesyndication.com\/pagead\/js\/adsbygoogle.js?client=ca-pub-6203283170189293\" crossorigin=\"anonymous\"><\/script><ins class=\"adsbygoogle\" style=\"display:block; text-align:center;\" data-ad-client=\"ca-pub-6203283170189293\" \ndata-ad-slot=\"7303146466\" \ndata-ad-layout=\"in-article\"\ndata-ad-format=\"fluid\" data-full-width-responsive=\"true\"><\/ins>\n<script> \n(adsbygoogle = window.adsbygoogle || []).push({}); \n<\/script>\n<\/div>\n<p><em>Bu geli\u015fmelerin hi\u00e7 birinde Hak ve \u00d6zg\u00fcrl\u00fck Partisi yok. Politik varl\u0131k olarak dikkate al\u0131nm\u0131yor. GERB ve BSP ile birlikte zaman\u0131 doldu g\u00f6r\u00fc\u015f\u00fc a\u011f\u0131r bas\u0131yor. Ben \u015fuyum, ben buyum demek yetmiyor, vatanda\u015f k\u00f6r de\u011fil. Kimse ajanla, hainle ve benzerleriyle i\u015f tutmak istemiyor.<\/em><\/p>\n<p><em>***<\/em><\/p>\n<p><em>Bu se\u00e7imde 30 milletvekili \u00e7\u0131karan Hak ve \u00d6zg\u00fcrl\u00fckler Partisi, milletvekillerini 4, oylar\u0131n\u0131 da 20 bin art\u0131rsa da, asl\u0131nda bir s\u00f6k\u00fclme ve da\u011f\u0131lma s\u00fcreci ya\u015f\u0131yor.\u00a0 Parti, 2017\u2019de oy veren M\u00fcsl\u00fcman kalelerinde &#8211; 13 karma b\u00f6lgede, <strong>toplam 64 357<\/strong> (altm\u0131\u015f d\u00f6rt bin \u00fc\u00e7 y\u00fcz elli yedi) oy kaybetmi\u015ftir. T\u00fcrkiye\u2019de ya\u015farken Bulgaristan\u2019dan emekli maa\u015f\u0131 alan soyda\u015flar\u0131m\u0131z\u0131n derdini, endi\u015fesini ve korkular\u0131n\u0131 anl\u0131yoruz ve onlara bir \u015fey dedi\u011fimiz yok. Zamanlar k\u00f6t\u00fc, edinimlerimizden \u00f6d\u00fcn veremeyiz. Ama geleneksel olarak H\u00d6H partisine oy veren 100 bin ki\u015fi bilin\u00e7li olarak evde kald\u0131. Kendilerini tebrik ediyoruz!<\/em><\/p>\n<p><em>***<\/em><\/p>\n<p><em>Bu se\u00e7imlerde bir milletvekilinin <strong>11 bin oyla se\u00e7ildi\u011fi<\/strong> dikkate al\u0131nd\u0131\u011f\u0131nda 2017\u2019de sand\u0131\u011fa giden 4 nisanda gitmeyenlerin oylar\u0131 \u00a05 milletvekili eder. B\u00f6ylece milletvekili say\u0131m\u0131z 35 ve Bulgar partilerinden se\u00e7ilen 6 M\u00fcsl\u00fcman milletvekilini de bizden say\u0131nca milletvekillerimizin say\u0131s\u0131 41 olabilirdi.<\/em><\/p><div id=\"bghab-1483886023\" class=\"bghab-icerik-icine-15-paragraf bghab-entity-placement\"><script async src=\"\/\/pagead2.googlesyndication.com\/pagead\/js\/adsbygoogle.js?client=ca-pub-6203283170189293\" crossorigin=\"anonymous\"><\/script><ins class=\"adsbygoogle\" style=\"display:block; text-align:center;\" data-ad-client=\"ca-pub-6203283170189293\" \ndata-ad-slot=\"7303146466\" \ndata-ad-layout=\"in-article\"\ndata-ad-format=\"fluid\" data-full-width-responsive=\"true\"><\/ins>\n<script> \n(adsbygoogle = window.adsbygoogle || []).push({}); \n<\/script>\n<\/div>\n<p><strong><em>2017\u2019de verdi\u011fi s\u00f6zlerin hi\u00e7 birini tutmayan GERB partisini de pas ge\u00e7en se\u00e7menlerimiz y\u00fcksek bilin\u00e7 sergiledi.<\/em><\/strong><\/p>\n<p><em>Halk ve \u00d6zg\u00fcrl\u00fckler Partisinin son se\u00e7imde ald\u0131\u011f\u0131 336 306 oy asl\u0131nda, 2009\u2019da 600 000 oy ald\u0131\u011f\u0131na g\u00f6re, oy potansiyelini, g\u00fcc\u00fcn\u00fc yar\u0131 yar\u0131ya kaybetti\u011fini, gen\u00e7lerin \u201coligar\u015fi ve mafya\u201d partisinden uzak kalmay\u0131 se\u00e7ti\u011fini kan\u0131tlad\u0131. Bu, 2015\u2019te yeni bir a\u015famaya giren parti i\u00e7i \u00e7\u00f6z\u00fclme ve par\u00e7alamada ilgin\u00e7 bir dorum belirdi. Devletten oy ba\u015f\u0131na al\u0131nan paralarla Kuzey Bat\u0131 k\u00f6ylerinde oy sat\u0131n al\u0131nmas\u0131 tepkiler uyand\u0131rd\u0131.<\/em><\/p>\n<p><em>2017 se\u00e7imlerine g\u00f6re karma b\u00f6lgelerde Hak ve \u00d6zg\u00fcrl\u00fck Partilerine oy verenlerin say\u0131s\u0131ndaki az\u0131lmay\u0131 de\u011fi\u015fik illerden \u015fu \u00f6rnekler ifade edebiliriz:<\/em><\/p>\n<p><em>2017\u2019de sand\u0131\u011fa giden, ama 2021\u2019de <strong>K\u0131rca Ali ilinde<\/strong> oy vermeyen T\u00fcrkler 12 758\u2019dir. \u015eimdi G\u00fcney Do\u011fu Rodoplar\u2019dan yaln\u0131z 3 milletvekili \u00e7\u0131km\u0131\u015ft\u0131r. Oysa yak\u0131n ge\u00e7mi\u015fte bu T\u00fcrkl\u00fck kalesinden 6 milletvekili \u00e7\u0131k\u0131yordu. 30 y\u0131l aldat\u0131lan se\u00e7menimizden \u00e7\u0131\u011f gibi tepki y\u00fckseliyor. 2017\u2019den beri ilimizin hi\u00e7bir sorunu \u00e7\u00f6z\u00fclmemi\u015ftir. 300 ki\u015finin ya\u015fad\u0131\u011f\u0131 Kobilyane k\u00f6y\u00fcnde yol yok. A\u015f\u0131 durumuna de\u011finmek istemiyorum. \u00c7ocuklar\u0131n uzaktan e\u011fitimi de y\u00fcz karas\u0131 ve sonu\u00e7 se\u00e7im sand\u0131klar\u0131na yans\u0131m\u0131\u015ft\u0131r. K\u00f6yl\u00fcler de \u201cde\u011fi\u015fiklik\u201d diyor.<\/em><\/p>\n<p><em>2017\u2019de sand\u0131\u011fa giden <strong>\u015eumenli 2 318 se\u00e7men<\/strong> bu defa Hak ve \u00d6zg\u00fcrl\u00fck Hareketine oy vermedi. B\u00f6lgede parti b\u00fcy\u00fck par\u00e7alanmalar ya\u015fad\u0131. T\u00fcrkleri par\u00e7alayabilmek i\u00e7in iktidardaki GERB partisi Hitrino\u2019daki (\u015eeytanc\u0131k) tren kazas\u0131ndan ba\u015flayarak b\u00f6lgedeki her olaydan yararland\u0131. Oligar\u015fi ve mafya birimleri olu\u015fturdu. 1989\u2019dan beri Deliorman T\u00fcrklerine bu se\u00e7imlerde ilk kez sopa kald\u0131rd\u0131. Hak ve \u00d6zg\u00fcrl\u00fckler Partisi se\u00e7im \u00f6n\u00fcnde t\u00fct\u00fcn paralar\u0131n\u0131n \u00f6denmesini bu sefa da sa\u011flasa da, art\u0131k T\u00fcrkleri koruyamayacak duruma geldi. Tar\u0131m ve Orman Bakanl\u0131\u011f\u0131na ba\u011fl\u0131 Avrupa Birli\u011fi Tar\u0131m Fonlar\u0131ndan ger\u00e7ekle\u015ftirilen soyguncu da\u011f\u0131t\u0131mlar\u0131, halk\u0131n\u0131n hakk\u0131n\u0131n nas\u0131l yendi\u011fini art\u0131k \u00f6\u011frenmeyen kalmad\u0131. <\/em><\/p><div id=\"bghab-1560837754\" class=\"bghab-icerik-icine-20-paragraf bghab-entity-placement\"><script async src=\"\/\/pagead2.googlesyndication.com\/pagead\/js\/adsbygoogle.js?client=ca-pub-6203283170189293\" crossorigin=\"anonymous\"><\/script><ins class=\"adsbygoogle\" style=\"display:block; text-align:center;\" data-ad-client=\"ca-pub-6203283170189293\" \ndata-ad-slot=\"7303146466\" \ndata-ad-layout=\"in-article\"\ndata-ad-format=\"fluid\" data-full-width-responsive=\"true\"><\/ins>\n<script> \n(adsbygoogle = window.adsbygoogle || []).push({}); \n<\/script>\n<\/div>\n<p><strong><em>Razgrat ilinde<\/em><\/strong><em> 2017\u2019de sand\u0131\u011fa giden <strong>T\u00fcrklerden 3 802 se\u00e7men<\/strong> bu defa Hak ve \u00d6zg\u00fcrl\u00fck Hareketine oy vermedi. Mehmet Dikme ile G\u00fcner Tahir\u2019in GERB partisine oy toplamaya gitmesini protesto eden se\u00e7men k\u00f6yl\u00fcler \u201c<strong>siz y\u0131llardan beri devlet ve parti i\u015finde g\u00f6r\u00fcnm\u00fcyorsunuz, nas\u0131l ge\u00e7iniyorsunuz<\/strong>?\u201d sorusunu hi\u00e7 \u00e7ekinmeden sordular. Mehmet Dikme\u2019den Tar\u0131m Bakan\u0131 Taneva, Gruev ve Porojanov d\u00f6neminde \u201cbakanl\u0131k i\u00e7inde alevlenen i\u00e7 sava\u015f\u0131 anlatmas\u0131n\u0131\u201d istediler. Deliorman ve Dobruca\u2019da ad\u0131na \u201clatifundisler\u201d denen ve devlet paras\u0131yla toprak kiralay\u0131p, g\u00fc\u00e7l\u00fc tar\u0131m makinalar\u0131 alan ve silolar kuran iri zenginlerden s\u00f6z a\u00e7\u0131l\u0131nca, hasatt\u0131 korumak i\u00e7in bu silolara mal\u0131n\u0131 depolayan k\u00fc\u00e7\u00fck \u00fcreticilerin \u00fcr\u00fcnlerinin sat\u0131ld\u0131\u011f\u0131 ve paralar\u0131n da kay\u0131plara kar\u0131\u015ft\u0131\u011f\u0131 konu edildi. Bulgar tar\u0131m\u0131nda \u201cbeyaz benekler\u201d belirdi\u011fi, halk\u0131n soyuldu\u011fu, devletin adalet sa\u011flayamad\u0131\u011f\u0131 dertlerin ba\u015f\u0131nda geliyor. Tar\u0131m bakanl\u0131\u011f\u0131n\u0131n toprak sahiplerine \u00f6demesi gereken AB kaynakl\u0131 direk paralar\u0131n, kiralayana verilmesi de halk\u0131 rahats\u0131z ediyor. Bu konular\u0131n H\u00d6H y\u00f6netimine iletilmesinden bir sonu\u00e7 al\u0131namamas\u0131 k\u0131nand\u0131. Hatta GERB partisinin dertleri dinlemeye yana\u015fmamas\u0131, vali Say\u0131n G\u00fcney H\u00fcsmen\u2019in milletvekili adayl\u0131\u011f\u0131na oy vermeyen se\u00e7menin tepkisi oldu. 2020\u2019de Avrupa Birli\u011fi \u00fclkeleri aras\u0131nda en fazla kabak \u00fcreten Deliorman-Dobruca k\u00f6yl\u00fclerine bekledikleri ek \u00f6demeler de gelmedi. <\/em><\/p>\n<p><em>\u00a0<strong>Bat\u0131 Rodoplar\u2019da<\/strong> M\u00fcsl\u00fcman T\u00fcrklerin bu se\u00e7imde Hak ve \u00d6zg\u00fcrl\u00fckler Partisine 4 y\u0131l \u00f6ncesine k\u0131yasla 3 729 oy daha az vermeleri de \u00e7ok derin anlaml\u0131d\u0131r. B\u00f6lgede \u015fu Corona vir\u00fcs yasakl\u0131 aylar\u0131nda yap\u0131lan se\u00e7imlerde ve ard\u0131ndan k\u00f6y k\u00f6y ba\u015flayan s\u00fcnnet d\u00fc\u011f\u00fcnlerinde yerli halk\u0131n umudunu Bat\u0131\u2019ya ba\u011flad\u0131\u011f\u0131 dikkati \u00e7ekti. Kesilen kurbanlar\u0131n ve verilen mevlitlerin ard\u0131nda hep Bat\u0131 Avrupa\u2019da \u00e7al\u0131\u015fan Pomak in\u015faat i\u015f\u00e7ileri durdu. Halk\u0131n konu\u015fmalar\u0131nda yerel d\u00fczeyde yeni bi\u00e7im \u00f6rg\u00fctlenme aray\u0131\u015f\u0131 oldu\u011fu, ya\u015fl\u0131lar\u0131n gen\u00e7lere \u201cs\u0131ra sizde\u201d derken, bizim ba\u015fka vatan\u0131m\u0131z yok, bu topraklar\u0131 Balkanlar\u0131n \u0130svi\u00e7re\u2019si yapma g\u00f6revi sizde dedikleri her defas\u0131nda yeni umut k\u0131v\u0131lc\u0131mlar\u0131 parlad\u0131.<\/em><\/p>\n<p><strong><em>Burgaz ili k\u00f6ylerinde<\/em><\/strong><em> bu defa oy vermeyenlerin say\u0131s\u0131 <strong>3 729\u2019du.<\/strong> \u201cSe\u00e7tik de ne oldu?\u201d diyen k\u00f6yl\u00fcler, sanki son 5 ayda Ba\u015fbakan Boyko Borisov\u2019un emeklilere verdi\u011fi ayda 5 levay\u0131 oylar\u0131yla iade ettiler. Hesaplar \u00e7ok ufald\u0131. B\u00fcy\u00fck dava kuytuya \u00e7ekilmi\u015f, daha elveri\u015fli g\u00fcnler bekliyor. Yaz aylar\u0131nda turistik tesislerde \u00e7al\u0131\u015fan gen\u00e7ler de i\u015f umuduyla beklemektedir.<\/em><\/p>\n<p><em>Biz Bulgaristan\u2019da ya\u015f\u0131yoruz ya da Bulgaristan gurbet\u00e7ileriyiz. Vatan ve \u015feref sat\u0131lmaz. Ba\u015fkalar\u0131n\u0131n akl\u0131yla i\u015f olmaz. Art\u0131k 1990\u2019da Bulgar gizli istihbarat ajanlar\u0131 (DS) kadrolar\u0131 taraf\u0131ndan ba\u015f\u0131m\u0131za sar\u0131lan Hak ve \u00d6zg\u00fcrl\u00fckler Partisinin kadehinin ve halk\u0131n da sabr\u0131n\u0131n ta\u015ft\u0131\u011f\u0131n\u0131 g\u00f6rebiliyoruz. <\/em><\/p>\n<p><em>\u0130nsanlar\u0131m\u0131zda 1990\u2019dan beri demokrasi maskesi ard\u0131nda geli\u015ftiren siyaset y\u00f6neliminden kendileri i\u00e7in bir \u015feyler beklemenin yanl\u0131\u015f oldu\u011fu art\u0131k anla\u015f\u0131ld\u0131. \u00a0Bulgar kamuoyu, H\u00d6H-DPS oligar\u015fi-mafya kopuklar\u0131n\u0131, y\u00fckselen yeni dalgada g\u00f6rmek istemiyor. Bulgar cumhurba\u015fkanlar\u0131na ve T\u00fcrkler aleyhinde olan yasalara, hatta se\u00e7me ve se\u00e7ilme hakk\u0131m\u0131z\u0131 k\u0131s\u0131tlayan kanun de\u011fi\u015fikliklerine oy veren Do\u011fanc\u0131 zihniyet, art\u0131k \u00e7\u00f6k\u00fcyor ve da\u011f\u0131l\u0131yor. \u015eu koku\u015fmu\u015flu\u011fun direklerinden biri olan Rus oligar\u015fi \u00e7\u00f6mezi D. Peevski siyasetten ayr\u0131lmak, meclisten \u00e7\u0131kmak zorunda kald\u0131. Ard\u0131ndan Boyko Borisov\u2019un da meclisten ve ba\u015fbakanl\u0131ktan sonra siyasetten de ayr\u0131lmas\u0131n\u0131 ve Ahmet Do\u011fan\u2019\u0131n da siyaset ar\u015fivine kapanmas\u0131n\u0131 bekliyoruz. Bu siyasi devir kapan\u0131yor. Yar\u0131 s\u00f6m\u00fcrge, d\u0131\u015fa ba\u011f\u0131ml\u0131, egemenlik ve ba\u011f\u0131ms\u0131zl\u0131\u011f\u0131n\u0131 yitirmi\u015f, n\u00fcfusu s\u00fcrekli azalan, gurbet\u00e7ileri geri d\u00f6nmek istemeyen ve kendini yenileyemeyen Bulgaristan\u2019da toplumsal d\u00fczenin yeniden \u00f6rg\u00fctlenmesi, yeni siyaset, yeni bir T\u00fcrk partisi ve yeni lider gerek.<\/em><\/p><div id=\"bghab-1600344047\" class=\"bghab-icerik-icine-25-paragraf bghab-entity-placement\"><script async src=\"\/\/pagead2.googlesyndication.com\/pagead\/js\/adsbygoogle.js?client=ca-pub-6203283170189293\" crossorigin=\"anonymous\"><\/script><ins class=\"adsbygoogle\" style=\"display:block; text-align:center;\" data-ad-client=\"ca-pub-6203283170189293\" \ndata-ad-slot=\"7303146466\" \ndata-ad-layout=\"in-article\"\ndata-ad-format=\"fluid\" data-full-width-responsive=\"true\"><\/ins>\n<script> \n(adsbygoogle = window.adsbygoogle || []).push({}); \n<\/script>\n<\/div>\n<p><em>Bulgaristan\u2019\u0131n de\u011fi\u015fimler ve evrimlerle yenilenme, modernle\u015fme s\u00fcrecine t\u00fcm az\u0131nl\u0131klar\u0131n ve \u00f6zellikle biz T\u00fcrklerin \u00f6n saflarda kat\u0131lmam\u0131z \u015fartt\u0131r. Bulgaristan\u2019da sosyalist sanayile\u015fme T\u00fcrkler taraf\u0131ndan ger\u00e7ekle\u015ftirilmi\u015ftir. T\u00fcrkler kollar\u0131n\u0131 s\u0131vamadan tar\u0131msal kalk\u0131nma asla ger\u00e7ekle\u015ftirilemez. Modernle\u015fme de T\u00fcrkler olmadan ger\u00e7ekle\u015ftirilemez. Bu da bizim yeniden \u00f6rg\u00fctlenmemizi ve elde edemedi\u011fimiz haklar\u0131m\u0131z i\u00e7in m\u00fccadeleyi yeniden ba\u015flamam\u0131z\u0131 ve g\u00fc\u00e7 toplamam\u0131z\u0131 gerektirecektir.<\/em><\/p>\n<p><em>Bulgar aras\u0131nda, \u00f6zellikle meclise yeni giren 3 parti i\u00e7inde bir\u00e7ok ger\u00e7ek demokrat var. \u0130lk ad\u0131mlar\u0131n\u0131 art\u0131k i\u015fitiyoruz. Aralar\u0131nda topland\u0131lar ve ald\u0131klar\u0131 ilk kararla Meclis a\u00e7\u0131l\u0131\u015f\u0131n\u0131n Bulgaristan Kom\u00fcnist Partisi eski binas\u0131 i\u00e7ine yerle\u015ftirilen yeni parlamento salonunda de\u011fil, kap\u0131s\u0131n\u0131n \u00fcst\u00fcnde B\u0130RLE\u015eMEKTEN G\u00dc\u00c7 DO\u011eAR yazan 100 y\u0131ll\u0131k Meclis Binas\u0131nda topluyorlar. Bu eylem diktat\u00f6rl\u00fc\u011f\u00fcn kal\u0131t\u0131ndan uzak kalmak anlam\u0131ndad\u0131r. Bulgaristan\u2019\u0131n hukuksal olarak demokratikle\u015fmesi, politik totalitarizmin s\u00f6k\u00fclmesi ve toplumun yeniden \u00f6rg\u00fctlenmesi ve Rusya\u2019dan koparak Bat\u0131ya y\u00f6nelim konular\u0131n\u0131n geleneksel mecliste tart\u0131\u015f\u0131lmas\u0131n\u0131 isteyenler \u00e7o\u011fal\u0131yor.<\/em><\/p>\n<p><em>Bu geli\u015fmeler yeni bir demokratik T\u00fcrk partisinin yeni ortamda destek ve dayanak bulaca\u011f\u0131na inan\u00e7 da art\u0131yor. Bu yeni hareketlenme ard\u0131nda en az 500 bin Bulgaristan M\u00fcsl\u00fcman\u0131, s\u00f6m\u00fcr\u00fclen ve ezilen az\u0131nl\u0131klar kitlesi, T\u00fcrkiye\u2019deki soyda\u015flar\u0131m\u0131z, Bat\u0131daki gurbet\u00e7ilerimiz var. Bu meclisten ilk istek olarak sivrilen, se\u00e7im kanunu de\u011fi\u015ftirilerek yurtd\u0131\u015f\u0131ndaki se\u00e7im hakk\u0131 olan karde\u015flerimize gerekli imk\u00e2nlar sa\u011fland\u0131\u011f\u0131nda durum zaten birden de\u011fi\u015fecektir. Bu y\u00f6nde haz\u0131rl\u0131klar\u0131m\u0131za ba\u015flamal\u0131y\u0131z. Yeni meclisten isteyece\u011fimiz bir ha\u015fka hak da sivil toplum \u00f6rg\u00fctlerine yani Bulgaristan\u2019daki h\u00fck\u00fcmet d\u0131\u015f\u0131 \u00f6rg\u00fctlere siyasi \u00e7al\u0131\u015fma ve eylemde bulunma, konferanslar ve toplant\u0131larla, video kurslarla bilgilenme ve bilin\u00e7lenme yollar\u0131n\u0131 daha geni\u015f a\u00e7mam\u0131zd\u0131r. Bu bize en yak\u0131n olan yoldur.\u00a0 Bulgaristan T\u00fcrkleri yeni bir siyasi partide bulu\u015fmay\u0131 hak ettikleri gibi, Bulgarlarla birlik olarak totalitarizm d\u00f6nemi kal\u0131t\u0131n\u0131 \u00e7\u00f6pe atma m\u00fccadelesinde de yer almal\u0131d\u0131r. Bug\u00fcnk\u00fc Bulgar-T\u00fcrk kutupla\u015fmas\u0131 mutlaka a\u015f\u0131lmal\u0131d\u0131r. Bu ancak her konuda hukuk, demokrasi, insan haklar\u0131 ve adaletle e\u015fitlikten yana tav\u0131r almam\u0131zla olanakl\u0131 olacakt\u0131r. Bu se\u00e7imlerde sand\u0131\u011fa gitmeyenler davay\u0131 zaten ba\u015flatt\u0131lar. Onlara arka olarak destek vermemiz art\u0131k g\u00fcncel vazifemiz oldu. \u00d6z davam\u0131z kadar, bu da\u011flar ve ovalar, dereler ve nehirler, k\u00f6yler ve kentler bizimdir. Yap\u0131lacak i\u015f parti kurmaksa kurar\u0131z. Yap\u0131lacak i\u015f davay\u0131 devretmekse bunu da yapar\u0131z. \u00d6yleyse kollar\u0131m\u0131z\u0131 s\u0131vayal\u0131m!<\/em><\/p>\n<p><em>Bizi izleyiniz<\/em><\/p>\n<p><em>Payla\u015fanlara te\u015fekk\u00fcrler.<\/em><\/p><div id=\"bghab-2378299395\" class=\"bghab-icerik-icine-30-paragraf bghab-entity-placement\"><script async src=\"\/\/pagead2.googlesyndication.com\/pagead\/js\/adsbygoogle.js?client=ca-pub-6203283170189293\" crossorigin=\"anonymous\"><\/script><ins class=\"adsbygoogle\" style=\"display:block; text-align:center;\" data-ad-client=\"ca-pub-6203283170189293\" \ndata-ad-slot=\"7303146466\" \ndata-ad-layout=\"in-article\"\ndata-ad-format=\"fluid\" data-full-width-responsive=\"true\"><\/ins>\n<script> \n(adsbygoogle = window.adsbygoogle || []).push({}); \n<\/script>\n<\/div>\n<p><em>Korona ile m\u00fccadelede \u00f6d\u00fcn yok, if\u015falar yak\u0131n.<\/em><\/p>\n<div id=\"bghab-3510686948\" class=\"bghab-yazi-altinda bghab-entity-placement\"><script async src=\"https:\/\/pagead2.googlesyndication.com\/pagead\/js\/adsbygoogle.js\"><\/script>\r\n<!-- bghaber-yaz\u0131-sonu -->\r\n<ins class=\"adsbygoogle\"\r\n     style=\"display:block\"\r\n     data-ad-client=\"ca-pub-6203283170189293\"\r\n     data-ad-slot=\"4222328180\"\r\n     data-ad-format=\"auto\"\r\n     data-full-width-responsive=\"true\"><\/ins>\r\n<script>\r\n     (adsbygoogle = window.adsbygoogle || []).push({});\r\n<\/script><\/div><br style=\"clear: both; display: block; float: none;\"\/>","protected":false},"excerpt":{"rendered":"<p>BGSAM Tarih: 04 Nisan 2021 2 hafta \u00f6nce yap\u0131lan Bulgaristan se\u00e7imleri T\u00fcrklerin ve Pomaklar\u0131n bilinci hareket ettiklerini ve 1990\u2019dan beri uygulanan aldatmaca, doland\u0131rma ve soygun<\/p>\n","protected":false},"author":25,"featured_media":53816,"comment_status":"closed","ping_status":"closed","sticky":false,"template":"","format":"standard","meta":{"advanced_seo_description":"","jetpack_seo_html_title":"","jetpack_seo_noindex":false,"jetpack_seo_schema_type":"","_jetpack_newsletter_access":"","_jetpack_dont_email_post_to_subs":false,"_jetpack_newsletter_tier_id":0,"_jetpack_memberships_contains_paywalled_content":false,"_jetpack_feature_clip_id":0,"_jetpack_memberships_contains_paid_content":false,"footnotes":"","jetpack_post_was_ever_published":false},"categories":[3848,6],"tags":[],"class_list":["post-53783","post","type-post","status-publish","format-standard","has-post-thumbnail","hentry","category-secim","category-yorum"],"jetpack_sharing_enabled":true,"jetpack_likes_enabled":true,"jetpack-related-posts":[],"jetpack_shortlink":"https:\/\/wp.me\/pc2PfJ-dZt","jetpack_featured_media_url":"https:\/\/i0.wp.com\/www.bghaber.org\/bghaber\/wp-content\/uploads\/2021\/04\/bgsam-yazarlar1.jpg?fit=648%2C344&ssl=1","_links":{"self":[{"href":"https:\/\/www.bghaber.org\/bghaber\/wp-json\/wp\/v2\/posts\/53783","targetHints":{"allow":["GET"]}}],"collection":[{"href":"https:\/\/www.bghaber.org\/bghaber\/wp-json\/wp\/v2\/posts"}],"about":[{"href":"https:\/\/www.bghaber.org\/bghaber\/wp-json\/wp\/v2\/types\/post"}],"author":[{"embeddable":true,"href":"https:\/\/www.bghaber.org\/bghaber\/wp-json\/wp\/v2\/users\/25"}],"replies":[{"embeddable":true,"href":"https:\/\/www.bghaber.org\/bghaber\/wp-json\/wp\/v2\/comments?post=53783"}],"version-history":[{"count":0,"href":"https:\/\/www.bghaber.org\/bghaber\/wp-json\/wp\/v2\/posts\/53783\/revisions"}],"wp:featuredmedia":[{"embeddable":true,"href":"https:\/\/www.bghaber.org\/bghaber\/wp-json\/wp\/v2\/media\/53816"}],"wp:attachment":[{"href":"https:\/\/www.bghaber.org\/bghaber\/wp-json\/wp\/v2\/media?parent=53783"}],"wp:term":[{"taxonomy":"category","embeddable":true,"href":"https:\/\/www.bghaber.org\/bghaber\/wp-json\/wp\/v2\/categories?post=53783"},{"taxonomy":"post_tag","embeddable":true,"href":"https:\/\/www.bghaber.org\/bghaber\/wp-json\/wp\/v2\/tags?post=53783"}],"curies":[{"name":"wp","href":"https:\/\/api.w.org\/{rel}","templated":true}]}}