{"id":5378,"date":"2013-08-22T11:17:21","date_gmt":"2013-08-22T08:17:21","guid":{"rendered":"http:\/\/bghaber.org\/bghaber\/?p=5378"},"modified":"2019-07-15T22:09:16","modified_gmt":"2019-07-15T20:09:16","slug":"bulturkten-basin-duyurusu","status":"publish","type":"post","link":"https:\/\/www.bghaber.org\/bghaber\/bulturkten-basin-duyurusu\/","title":{"rendered":"BULT\u00dcRK&#8217;ten bas\u0131n duyurusu"},"content":{"rendered":"<p>Suriye&#8217;nin zalim lideri Esed g\u00fc\u00e7lerinin \u015eam&#8217;\u0131n do\u011fusunda Do\u011fu Guta banliy\u00f6s\u00fcne d\u00fczenledi\u011fi ve kimyasal silahlar\u0131n da kullan\u0131ld\u0131\u011f\u0131 iddia edilen sald\u0131r\u0131da \u00f6lenlerin say\u0131s\u0131n\u0131n 635&#8217;e \u00e7\u0131kt\u0131\u011f\u0131n\u0131 \u00f6\u011frenmi\u015f bulunmaktay\u0131z.<!--more--><a href=\"https:\/\/i0.wp.com\/bghaber.org\/bghaber\/wp-content\/uploads\/2013\/04\/bulturk-dernekk-logo.jpg\"><img data-recalc-dims=\"1\" loading=\"lazy\" decoding=\"async\" class=\"alignright size-full wp-image-756\" alt=\"bulturk dernekk logo\" src=\"https:\/\/i0.wp.com\/bghaber.org\/bghaber\/wp-content\/uploads\/2013\/04\/bulturk-dernekk-logo.jpg?resize=216%2C191\" width=\"216\" height=\"191\" \/><\/a><br \/>\nBULT\u00dcRK Derne\u011fi olarak Zalim Esed&#8217;i ve \u00e7oluk \u00e7ocuk, gen\u00e7 ya\u015fl\u0131, kad\u0131n k\u0131z demeden M\u00fcsl\u00fcman kan\u0131 d\u00f6ken b\u00fct\u00fcn zalimleri lanetliyoruz.<\/p>\n<p>&nbsp;<\/p>\n<p>BULT\u00dcRK DERNE\u011e\u0130<\/p>\n<p>&nbsp;<\/p>\n<div id=\"bghab-2992420124\" class=\"bghab-yazi-altinda bghab-entity-placement\"><script async src=\"https:\/\/pagead2.googlesyndication.com\/pagead\/js\/adsbygoogle.js\"><\/script>\r\n<!-- bghaber-yaz\u0131-sonu -->\r\n<ins class=\"adsbygoogle\"\r\n     style=\"display:block\"\r\n     data-ad-client=\"ca-pub-6203283170189293\"\r\n     data-ad-slot=\"4222328180\"\r\n     data-ad-format=\"auto\"\r\n     data-full-width-responsive=\"true\"><\/ins>\r\n<script>\r\n     (adsbygoogle = window.adsbygoogle || []).push({});\r\n<\/script><\/div><br style=\"clear: both; display: block; float: none;\"\/>","protected":false},"excerpt":{"rendered":"<p>Suriye&#8217;nin zalim lideri Esed g\u00fc\u00e7lerinin \u015eam&#8217;\u0131n do\u011fusunda Do\u011fu Guta banliy\u00f6s\u00fcne d\u00fczenledi\u011fi ve kimyasal silahlar\u0131n da kullan\u0131ld\u0131\u011f\u0131 iddia edilen sald\u0131r\u0131da \u00f6lenlerin say\u0131s\u0131n\u0131n 635&#8217;e \u00e7\u0131kt\u0131\u011f\u0131n\u0131 \u00f6\u011frenmi\u015f bulunmaktay\u0131z.<\/p>\n","protected":false},"author":29,"featured_media":756,"comment_status":"closed","ping_status":"closed","sticky":false,"template":"","format":"standard","meta":{"advanced_seo_description":"","jetpack_seo_html_title":"","jetpack_seo_noindex":false,"jetpack_seo_schema_type":"","_jetpack_newsletter_access":"","_jetpack_dont_email_post_to_subs":false,"_jetpack_newsletter_tier_id":0,"_jetpack_memberships_contains_paywalled_content":false,"_jetpack_feature_clip_id":0,"_jetpack_memberships_contains_paid_content":false,"footnotes":"","jetpack_post_was_ever_published":false},"categories":[4],"tags":[37,785],"class_list":["post-5378","post","type-post","status-publish","format-standard","has-post-thumbnail","hentry","category-siyaset","tag-bulturk","tag-bulturk-dernegi"],"jetpack_sharing_enabled":true,"jetpack_likes_enabled":true,"jetpack-related-posts":[],"jetpack_shortlink":"https:\/\/wp.me\/pc2PfJ-1oK","jetpack_featured_media_url":"https:\/\/i0.wp.com\/www.bghaber.org\/bghaber\/wp-content\/uploads\/2013\/04\/bulturk-dernekk-logo.jpg?fit=276%2C245&ssl=1","_links":{"self":[{"href":"https:\/\/www.bghaber.org\/bghaber\/wp-json\/wp\/v2\/posts\/5378","targetHints":{"allow":["GET"]}}],"collection":[{"href":"https:\/\/www.bghaber.org\/bghaber\/wp-json\/wp\/v2\/posts"}],"about":[{"href":"https:\/\/www.bghaber.org\/bghaber\/wp-json\/wp\/v2\/types\/post"}],"author":[{"embeddable":true,"href":"https:\/\/www.bghaber.org\/bghaber\/wp-json\/wp\/v2\/users\/29"}],"replies":[{"embeddable":true,"href":"https:\/\/www.bghaber.org\/bghaber\/wp-json\/wp\/v2\/comments?post=5378"}],"version-history":[{"count":0,"href":"https:\/\/www.bghaber.org\/bghaber\/wp-json\/wp\/v2\/posts\/5378\/revisions"}],"wp:featuredmedia":[{"embeddable":true,"href":"https:\/\/www.bghaber.org\/bghaber\/wp-json\/wp\/v2\/media\/756"}],"wp:attachment":[{"href":"https:\/\/www.bghaber.org\/bghaber\/wp-json\/wp\/v2\/media?parent=5378"}],"wp:term":[{"taxonomy":"category","embeddable":true,"href":"https:\/\/www.bghaber.org\/bghaber\/wp-json\/wp\/v2\/categories?post=5378"},{"taxonomy":"post_tag","embeddable":true,"href":"https:\/\/www.bghaber.org\/bghaber\/wp-json\/wp\/v2\/tags?post=5378"}],"curies":[{"name":"wp","href":"https:\/\/api.w.org\/{rel}","templated":true}]}}