{"id":5370,"date":"2013-08-22T01:59:03","date_gmt":"2013-08-21T22:59:03","guid":{"rendered":"http:\/\/bghaber.org\/bghaber\/?p=5370"},"modified":"2016-09-18T14:11:24","modified_gmt":"2016-09-18T11:11:24","slug":"bir-ziyaretin-dusundurdukleri","status":"publish","type":"post","link":"https:\/\/www.bghaber.org\/bghaber\/bir-ziyaretin-dusundurdukleri\/","title":{"rendered":"Bir ziyaretin d\u00fc\u015f\u00fcnd\u00fcrd\u00fckleri"},"content":{"rendered":"<div>T\u00fcrkiye Cumhuriyeti Ba\u015fbakan Yard\u0131mc\u0131s\u0131\u00a0<b>Bekir Bozda\u011f<\/b>\u2019\u0131n Ramazan Bayram\u0131 g\u00fcnlerinde Bulgaristan\u2019a yapt\u0131\u011f\u0131 yerli M\u00fcsl\u00fcmanlarla bayramla\u015fma ziyareti yank\u0131 uyand\u0131rmaya devam ediyor.<!--more--><\/div>\n<div><\/div>\n<div>\n<figure id=\"attachment_4406\" aria-describedby=\"caption-attachment-4406\" style=\"width: 150px\" class=\"wp-caption alignright\"><a href=\"https:\/\/i0.wp.com\/bghaber.org\/bghaber\/wp-content\/uploads\/2013\/07\/Rafet-Ulut%C3%BCrk.jpg\"><img data-recalc-dims=\"1\" loading=\"lazy\" decoding=\"async\" class=\"size-thumbnail wp-image-4406\" alt=\"Rafet Ulut\u00fcrk\" src=\"https:\/\/i0.wp.com\/bghaber.org\/bghaber\/wp-content\/uploads\/2013\/07\/Rafet-Ulut%C3%BCrk-150x150.jpg?resize=150%2C150\" width=\"150\" height=\"150\" \/><\/a><figcaption id=\"caption-attachment-4406\" class=\"wp-caption-text\">Rafet Ulut\u00fcrk<\/figcaption><\/figure>\n<p>Ankara\u2019n\u0131n 21. Y\u00fczy\u0131l\u0131n Balkanlar siyasetinin ve Osmanl\u0131 d\u00f6neminden kalma T\u00fcrk ve \u0130slam eserlerini onar\u0131p ya\u015fatma ve bu yolla b\u00fct\u00fcn yar\u0131madada M\u00fcsl\u00fcman ve T\u00fcrk k\u00fclt\u00fcr\u00fcn\u00fc geli\u015ftirerek ebedile\u015ftirme siyasetinin parlak bir belirtisi ve ba\u015far\u0131l\u0131 devam\u0131 olarak kabul ediliyor.<\/p><\/div>\n<div><\/div>\n<div>Bozda\u011f, Ahmet Do\u011fan partisinin T\u00fcrk ve M\u00fcsl\u00fcman d\u00fc\u015fmanl\u0131\u011f\u0131na \u201cSTOP!\u201d dedi, s\u00f6zl\u00fc yorumlarda vurgulanan \u00e7izgi oldu. Bult\u00fcrk bunu anlatabilmesi i\u00e7in 13 y\u0131l\u0131n\u0131 ald\u0131.<\/div>\n<div><\/div>\n<div>\u00d6zellikle son yar\u0131m as\u0131rda Bulgaristan\u2019da tapulu m\u00fclkleri \u00fczerinde, kendi topraklar\u0131nda, k\u00f6y ve kasabalar\u0131nda ya\u015fay\u0131p zar zor bar\u0131nmaya \u00e7al\u0131\u015fan insanlar\u0131m\u0131za kar\u015f\u0131 bask\u0131 ve eritme, k\u00fclt\u00fcrs\u00fczle\u015ftirme, ana dillerinde e\u011fitim ve \u00f6\u011fretim alma olanaklar\u0131ndan yoksun, e\u011fitimsiz ve k\u00f6r cahil b\u0131rakma yolunda s\u00fcren devlet politikas\u0131, Hak ve \u00d6zg\u00fcrl\u00fckler Partisi\u2019nin olay\u0131 susarak desteklemesi ve g\u00f6rmezlikten gelmesiyle alabildi\u011fine derinle\u015fti.<\/div>\n<div><\/div>\n<div>Bu a\u00e7\u0131dan bak\u0131ld\u0131\u011f\u0131nda Ba\u015fbakan Yard\u0131mc\u0131s\u0131 Bekir Bozda\u011f\u2019\u0131n \u201cBAYRAM VES\u0130LEL\u0130 HO\u015eG\u00d6R\u00dc Z\u0130YARET\u0130\u201d boynu b\u00fck\u00fck M\u00fcsl\u00fcmanlar\u0131n g\u00f6nl\u00fcne umut serpti. Say\u0131n Bozda\u011f\u2019\u0131n\u0131n da geni\u015f kapsaml\u0131 samimi ziyareti esnas\u0131nda g\u00f6r\u00fcp inand\u0131\u011f\u0131 \u00fczere, Bulgar milliyet\u00e7ileri, H\u00d6H ajanlar\u0131 ve makamlar\u0131n\u0131n \u201cM\u00fcsl\u00fcmanlar\u0131n beynini y\u0131kayaca\u011f\u0131z iddialar\u0131\u201d beklenen sonu\u00e7lar\u0131 vermemi\u015f,\u00a0insan\u0131m\u0131z namaz\u0131nda niyaz\u0131nda, i\u015finde g\u00fcc\u00fcnde, evinde toplumda M\u00fcsl\u00fcman T\u00fcrkler olarak ya\u015fama \u00e7abas\u0131nda azimlidirler.<\/div>\n<div><\/div>\n<div>Bu kayda de\u011fer ve \u00f6nemli ziyaret s\u0131ras\u0131nda Say\u0131n Bekir Bozda\u011f\u2019\u0131n Bulgar devlet g\u00fcvenlik sistemi ajanlar\u0131 taraf\u0131ndan y\u00f6netilen H\u00d6H\/DPS partisinden hi\u00e7bir y\u00f6neticiyle temasa girmemesi; ziyaret heyetine BAL-G\u00d6\u00c7 gibi Ahmet Do\u011fanc\u0131 dernek \u00e7evrelerinden temsilcilerin almamas\u0131 yerli T\u00fcrkler, Pomaklar ve t\u00fcm M\u00fcsl\u00fcmanlar taraf\u0131ndan b\u00fcy\u00fck destek ve sayg\u0131 buldu.<\/div>\n<div><\/div>\n<div>Bu ziyaretinde Say\u0131n B. Bozda\u011f\u2019\u0131n 93 harbinin yap\u0131ld\u0131\u011f\u0131 Plevne\u2019ye u\u011framas\u0131 \u00e7ok anlaml\u0131yd\u0131. \u201cT\u00fcrks\u00fcz ve M\u00fcsl\u00fcmans\u0131z Bulgaristan!\u201d isteyenlerin kutsal kalesi olan 1877\/78 meydan sava\u015f\u0131n\u0131n \u015fehri, Osman Pa\u015fa t\u00fcrk\u00fclerini s\u00f6ylemeye devam ediyor, efsaneleri anlatarak ya\u015fat\u0131yor, her erin aziz hat\u0131ras\u0131na sahip \u00e7\u0131k\u0131yor. \u00d6zellikle bu \u015fanli sava\u015f\u0131n y\u00fcr\u00fct\u00fcld\u00fc\u011f\u00fc tepeler \u015fehrine yap\u0131lan bu ziyaret, Bulgaristan T\u00fcrk ve t\u00fcm M\u00fcsl\u00fcmanlar\u0131n\u0131n bug\u00fcnk\u00fc kaderiyle s\u0131ms\u0131k\u0131 ba\u011flant\u0131l\u0131 olup, ibret dersleri kayna\u011f\u0131d\u0131r.<\/div>\n<div><\/div>\n<div><\/div>\n<div>Bu \u015fehirde Ruslar\u0131n ve Bulgarlar\u0131n kurdu\u011fu ve ziyaret\u00e7ilere a\u00e7\u0131k olan<b>\u00a0Pleven Efsanesi Panoramas\u0131n\u0131\u00a0<\/b>her ziyareti \u00e7ok derin anlaml\u0131 bir tarih, hem de g\u00fcncel derstir. Umar\u0131z Say\u0131n Bekir Bozda\u011f\u2019\u0131n y\u00f6netti heyet i\u00e7in de \u00f6yle olmu\u015ftur.<\/div>\n<div>\u00a01877\/78 Rus Osmanl\u0131 Sava\u015f\u0131 Panoramas\u0131n\u0131n da rehber ziyaret\u00e7ilere birka\u00e7 detay\u0131 her defas\u0131nda s\u00f6ylemeden ge\u00e7i\u015ftiriliyor. Bunlar\u0131n ba\u015f\u0131nda, Osman Pa\u015fa kahramanl\u0131\u011f\u0131n\u0131n, T\u00fcm M\u00fcsl\u00fcman d\u00fcnyas\u0131nda Viyana \u00e7ekilmesiyle ba\u015flayan Osmanl\u0131 \u00e7\u00f6k\u00fc\u015f\u00fcn\u00fcn durdurulaca\u011f\u0131 umuduydu.<\/div>\n<div><b>Sava\u015f T\u00fcrkler a\u00e7\u0131s\u0131ndan hakl\u0131yd\u0131.<\/b><\/div>\n<div>Rus merkezlerinden \u00e7ok uzakta, Osmanl\u0131 topraklar\u0131nda yap\u0131ld\u0131\u011f\u0131ndan bir sald\u0131r\u0131 sava\u015f\u0131yd\u0131. Osmanl\u0131y\u0131 bir \u201chasta adam\u201d olarak g\u00f6ren Rus \u0130mparatoru Marmara ve Ege gibi s\u0131cak denizlere inmek i\u00e7in sald\u0131r\u0131 sava\u015f\u0131 y\u00fcr\u00fct\u00fcyordu.<\/div>\n<div><b>\u00d6yleyse Osman Pa\u015fa Plevne Sava\u015f\u0131\u2019n\u0131 neden kaybetti?<\/b><\/div>\n<div>TAM \u0130LM\u0130HAL yani HAK\u0130KAT K\u0130TABI\u2019 nda Plevne Sava\u015f\u0131\u2019nda yenik d\u00fc\u015fmemizin ana nedeni, o zaman\u0131n Osmanl\u0131 Ba\u015f veziri (Ba\u015fbakan\u0131) olan Mithat Pa\u015fa\u2019n\u0131n \u0130sko\u00e7ya Mason Locas\u0131 ajan\u0131 olmas\u0131ndan kaynaklanm\u0131\u015ft\u0131r. Bu a\u00e7\u0131klama ku\u015fku uyand\u0131rmayan bir kesinlikle yap\u0131lm\u0131\u015ft\u0131r. Bir emperyalist ajan\u0131 olan Mithat Pa\u015fa, bu sava\u015fta \u0130ngiliz \u0130stihbarat\u0131n\u0131 dinlemi\u015f ve muhasara alt\u0131nda kalan Osman Pa\u015fa Ordusu\u2019nu desteklemek ve Ruslar\u0131 ma\u011flup etmek i\u00e7in yolunda a\u015f\u0131lmaz da\u011flar ve dolgun \u0131rmaklar olmayan \u015eumnu Ordusu\u2019nu ve Pa\u015falar\u0131n\u0131 g\u00f6nderece\u011fine, Genel Kurmay Ba\u015fkan\u0131 S\u00fcleyman Pa\u015fay\u0131 k\u0131\u015f aylar\u0131nda ge\u00e7ilmesi olanaks\u0131z, ge\u00e7itleri \u00e7ok y\u00fcksek,\u00a0\u00a0Koca Balkan\u2019\u0131n dumanl\u0131 \u015eipka Tepesine s\u00fcrmesi g\u00f6sterilmi\u015ftir. Bir ajan Ba\u015fbakan\u0131n bilin\u00e7li olarak yapt\u0131\u011f\u0131 bu yan\u0131ltma o g\u00fcn bu g\u00fcn ba\u015f\u0131m\u0131za gelen \u00e7ilenin ana neden olmu\u015ftur.<\/div>\n<div>HAK\u0130KAT K\u0130TABI\u2019nda a\u00e7\u0131klanan HAK\u0130KATA \u0130NANIYORUM, \u00e7\u00fcnk\u00fc ba\u015fka hi\u00e7bir yerde, hi\u00e7bir eserde o denli a\u00e7\u0131k, inand\u0131r\u0131c\u0131 ve kesin kan\u0131tlar bulamad\u0131m. G\u00f6r\u00fclen k\u00f6y k\u0131lavuz istemez. Ajanl\u0131k, hainlik Osmanl\u0131\u2019n\u0131n son d\u00f6neminde \u00e7\u00f6k\u00fc\u015fe, en \u00f6nemli sava\u015flar\u0131 kaybetmemize sebebiyet vermi\u015ftir.<\/div>\n<div>T\u00fcrklere kar\u015f\u0131 1877\/78\u2019de ba\u015flayan d\u00fc\u015fmanca politika g\u00fcn\u00fcm\u00fcz Bulgaristan\u2019\u0131nda t\u00fcm h\u0131z\u0131yla devam etmektedir. Ve bug\u00fcn de H\u00d6H\u2019l\u00fc ajanlar\u0131n eliyle bunlar s\u00fcrd\u00fcr\u00fcl\u00fcyor.<\/div>\n<div>\u0130stesek de, istemesek de, s\u00f6z\u00fc g\u00fcn\u00fcm\u00fczde kol gecen hain ajanlara yani H\u00d6H fahri ba\u015fkan\u0131 Ahmet Do\u011fan ile H\u00d6H Genel Ba\u015fkan\u0131 L\u00fctf\u00fc Metanla ellerindeki ajan s\u00fcr\u00fcs\u00fcne getirmek zorunday\u0131z. Osmanl\u0131 d\u00f6neminde Plevne ilinde 623 T\u00fcrk Okulu, medrese ve ba\u015fka e\u011fitim merkezi varken, bug\u00fcn bir tek T\u00fcrk ders odas\u0131 yoktur.<\/div>\n<div><b>Yoruma gerek yok.<\/b><\/div>\n<div>Herkes do\u011fru sonuca kendisi varmal\u0131d\u0131r. \u201cT\u00fcrk ve M\u00fcsl\u00fcman N\u00fcfusu Olmayan bir Plevne\u201d sald\u0131r\u0131lar\u0131 bug\u00fcn de devam ediyor. Halk\u0131m\u0131z iyice sindirilmi\u015ftir.<\/div>\n<div>Tabii ge\u00e7mi\u015fi geri d\u00f6nd\u00fcrmek imk\u00e2ns\u0131zd\u0131r ama ge\u00e7mi\u015fi bug\u00fcn\u00fc ve gelece\u011fi birlikte i\u00e7 i\u00e7e armoni i\u00e7inde ya\u015fatmak olas\u0131d\u0131r. Ve bu \u00e7an sesleriyle birlikte ezan sesi de i\u015fitilen bir Plevne \u00f6zlemidir.<\/div>\n<div><b>Kaybedilen sava\u015flardan sonra yerli n\u00fcfusun yok edilmesi, s\u00fcr\u00fclmesi, kovulmas\u0131 \u00f6teki Avrupa merkezlerinde de uygulanm\u0131\u015f olsayd\u0131, Almanya\u2019da Alman kalmazd\u0131.<\/b><\/div>\n<div>Biz hayat\u0131m\u0131z\u0131 herkesle birlikte devam ettirmek zorunday\u0131z ve bizi istemeyenler bile bizle ya\u015famay\u0131 kabul etmek zorundad\u0131r. Sonra eski harplerin ceremesinin 3 ku\u015fak sonra eziyetlere devam ederek \u00f6detilmesi, art\u0131k ge\u00e7erli bir kural de\u011fildir. Fakat eziyet etme, k\u00f6lele\u015ftirme, k\u00fclt\u00fcrs\u00fczle\u015ftirme politikalar\u0131na kar\u015f\u0131 koyabilmemiz i\u00e7in bizim hepimizin modern bir bilin\u00e7 d\u00fczeyine ula\u015farak \u201c<b>Kar\u015f\u0131 Ak\u0131m<\/b>\u201d olu\u015fturmam\u0131z ve bunu g\u00fc\u00e7l\u00fc geli\u015ftirmemiz ka\u00e7\u0131n\u0131lmaz oldu.<\/div>\n<div><\/div>\n<div>Biz bunu \u015fimdi de ba\u015flatabiliriz ve hatta ba\u015flatm\u0131\u015f bulunuyoruz. Biz kendi Vatan\u0131m\u0131zda k\u00f6le de\u011filiz ve olmak istemiyoruz. Rusya\u2019da k\u00f6lelik devri 800 sene s\u00fcrd\u00fc ama y\u0131k\u0131ld\u0131. Bin y\u0131l s\u00fcren K\u00f6lelik Devrinde kurtar\u0131c\u0131 Spartak\u00fcs 25. Ku\u015fakta do\u011fmu\u015f, Plevne ma\u011flubiyetinden sonra biz Bulgaristan M\u00fcsl\u00fcmanlar\u0131 ancak 3.\u00a0\u00a0Ku\u015fa\u011f\u0131z ve daha ne kadar devam edecektir.<\/div>\n<div><\/div>\n<div><b>Biz Plevne \u015fehir Meydan\u0131\u2019nda ya da \u201cKayal\u0131k \u201dta Osman Pa\u015fa An\u0131t\u0131\u2019na \u00e7elek ve \u00e7i\u00e7ek koymak istiyoruz.<\/b><\/div>\n<div>Plevne\u2019de Osman Pa\u015fa Caddesi olmas\u0131 zaman\u0131 art\u0131k gelmi\u015ftir. Tarihi kim nas\u0131l yazarsa veya anlat\u0131rsa anlats\u0131n, Osman Pa\u015fa d\u0131\u015ftan gelen sald\u0131rgan Rus ordusuna kar\u015f\u0131 Pleven\u2019in yerli Bulgar halk\u0131n\u0131 da istiladan savunmu\u015ftur.<\/div>\n<div><\/div>\n<div><b>Ne yaz\u0131k ki, 93 harbiyle ilgili geli\u015fmeler hep ters olmu\u015ftur.<\/b><\/div>\n<div>Bilindi\u011fi \u00fczere, Hristiyanl\u0131kta D\u0130R\u0130LME olay\u0131 vard\u0131r. Sava\u015fta \u015fehit d\u00fc\u015fen Osman Pa\u015fa asker ve subaylar\u0131 toplu mezara g\u00f6m\u00fclm\u00fc\u015ft\u00fcr. Yerli halk \u201caman dirilirlerse\u201d k\u0131\u015fk\u0131rtmas\u0131na kap\u0131lm\u0131\u015f ve uykusu ka\u00e7m\u0131\u015ft\u0131r.<\/div>\n<div><\/div>\n<div><b>Korku da\u011flar\u0131 beklemeye ba\u015flam\u0131\u015f\u00a0<\/b>ve Kral Ferdinant\u2019\u0131n ricas\u0131 \u00fczerine \u201cBulgar\u2019\u0131n korkusunu\u201d Londra Lortlar Kamaras\u0131na konu olmu\u015f, \u0130ngiliz Lortlar\u0131 \u00e7ok \u00f6zel bir karar alarak, toplu mezardaki kemiklerini \u00e7\u0131kart\u0131p, sand\u0131klara koyarak, Varna \u00fczerinden gemiyle Londra\u2019ya ta\u015f\u0131tm\u0131\u015flar, asla dirilemesinler diye de\u011firmenlerde \u00f6\u011f\u00fct\u00fcp batakl\u0131klara sa\u00e7m\u0131\u015flard\u0131r. O g\u00fcn bu g\u00fcn biz eski g\u00f6r\u00fc\u015flerin ve yalanlar\u0131n batakl\u0131\u011f\u0131ndan \u00e7\u0131kmaya \u00e7al\u0131\u015f\u0131yoruz. Kahramanlar\u0131n kemikleri Plevne toplu kabrinden \u00e7\u0131kar\u0131l\u0131p ta\u015f\u0131nd\u0131 ama biz Vatan\u0131m\u0131zda ya\u015famaya devam ediyoruz. Olaya bu a\u00e7\u0131dan bakma zaman\u0131 gelmi\u015ftir.<\/div>\n<div><\/div>\n<div><b>Bu olay\u0131n bug\u00fcnk\u00fc anlam\u0131 da \u015fudur:<\/b><\/div>\n<div>Bulgaristan T\u00fcrkleri ve M\u00fcsl\u00fcman karde\u015flerimiz Bulgar ve Rus ajanlar\u0131n\u0131n yeni modern esaretine d\u00fc\u015ft\u00fck. Bizi H\u00d6H partisiyle aldatt\u0131lar ve kimliksiz ve ki\u015filiksiz kald\u0131k, uyutulduk eritildik. Modern k\u00f6leli\u011fin b\u00f6yle oldu\u011funa hi\u00e7 akl\u0131m\u0131z ermedi. Biz Say\u0131n Bekir Bozda\u011f\u2019\u0131n bayramla\u015fma ziyaretini Ahmet Do\u011fan, L\u00fctf\u00fc Mestan ve onlar\u0131n ajan \u00e7etesinin bask\u0131s\u0131ndan, yeni k\u00f6lelikten kurtulmam\u0131z yolunda a\u00e7\u0131lan bir kap\u0131 olarak g\u00f6r\u00fcyoruz.\u00a0\u00a0T\u00fcrkiye Cumhuriyeti y\u00f6netimininim, bir\u00e7ok g\u00f6\u00e7men derne\u011finin ve soyda\u015flar\u0131m\u0131zdan ezici \u00e7o\u011funlu\u011fun bu ger\u00e7ekleri anlamaya ba\u015flamas\u0131 hepimizi \u00e7ok mutlu ediyor.<\/div>\n<div>Halk\u0131m\u0131z\u0131 radyo yay\u0131nlar\u0131 ve \u00f6zel bas\u0131nla ayd\u0131nlatma zaman\u0131 gelmi\u015ftir.<\/div>\n<div>Bu ziyaret bizi bu konular \u00fczerinde d\u00fc\u015f\u00fcnd\u00fcrd\u00fc.<\/div>\n<div id=\"bghab-3922625134\" class=\"bghab-yazi-altinda bghab-entity-placement\"><script async src=\"https:\/\/pagead2.googlesyndication.com\/pagead\/js\/adsbygoogle.js\"><\/script>\r\n<!-- bghaber-yaz\u0131-sonu -->\r\n<ins class=\"adsbygoogle\"\r\n     style=\"display:block\"\r\n     data-ad-client=\"ca-pub-6203283170189293\"\r\n     data-ad-slot=\"4222328180\"\r\n     data-ad-format=\"auto\"\r\n     data-full-width-responsive=\"true\"><\/ins>\r\n<script>\r\n     (adsbygoogle = window.adsbygoogle || []).push({});\r\n<\/script><\/div><br style=\"clear: both; display: block; float: none;\"\/>","protected":false},"excerpt":{"rendered":"<p>T\u00fcrkiye Cumhuriyeti Ba\u015fbakan Yard\u0131mc\u0131s\u0131\u00a0Bekir Bozda\u011f\u2019\u0131n Ramazan Bayram\u0131 g\u00fcnlerinde Bulgaristan\u2019a yapt\u0131\u011f\u0131 yerli M\u00fcsl\u00fcmanlarla bayramla\u015fma ziyareti yank\u0131 uyand\u0131rmaya devam ediyor.<\/p>\n","protected":false},"author":2,"featured_media":4406,"comment_status":"closed","ping_status":"closed","sticky":false,"template":"","format":"standard","meta":{"advanced_seo_description":"","jetpack_seo_html_title":"","jetpack_seo_noindex":false,"jetpack_seo_schema_type":"","_jetpack_newsletter_access":"","_jetpack_dont_email_post_to_subs":false,"_jetpack_newsletter_tier_id":0,"_jetpack_memberships_contains_paywalled_content":false,"_jetpack_feature_clip_id":0,"_jetpack_memberships_contains_paid_content":false,"footnotes":"","jetpack_post_was_ever_published":false},"categories":[6],"tags":[30],"class_list":["post-5370","post","type-post","status-publish","format-standard","has-post-thumbnail","hentry","category-yorum","tag-bulgaristan"],"jetpack_sharing_enabled":true,"jetpack_likes_enabled":true,"jetpack-related-posts":[],"jetpack_shortlink":"https:\/\/wp.me\/pc2PfJ-1oC","jetpack_featured_media_url":"https:\/\/i0.wp.com\/www.bghaber.org\/bghaber\/wp-content\/uploads\/2013\/07\/Rafet-Ulut%C3%BCrk-e1514372078752.jpg?fit=335%2C500&ssl=1","_links":{"self":[{"href":"https:\/\/www.bghaber.org\/bghaber\/wp-json\/wp\/v2\/posts\/5370","targetHints":{"allow":["GET"]}}],"collection":[{"href":"https:\/\/www.bghaber.org\/bghaber\/wp-json\/wp\/v2\/posts"}],"about":[{"href":"https:\/\/www.bghaber.org\/bghaber\/wp-json\/wp\/v2\/types\/post"}],"author":[{"embeddable":true,"href":"https:\/\/www.bghaber.org\/bghaber\/wp-json\/wp\/v2\/users\/2"}],"replies":[{"embeddable":true,"href":"https:\/\/www.bghaber.org\/bghaber\/wp-json\/wp\/v2\/comments?post=5370"}],"version-history":[{"count":0,"href":"https:\/\/www.bghaber.org\/bghaber\/wp-json\/wp\/v2\/posts\/5370\/revisions"}],"wp:featuredmedia":[{"embeddable":true,"href":"https:\/\/www.bghaber.org\/bghaber\/wp-json\/wp\/v2\/media\/4406"}],"wp:attachment":[{"href":"https:\/\/www.bghaber.org\/bghaber\/wp-json\/wp\/v2\/media?parent=5370"}],"wp:term":[{"taxonomy":"category","embeddable":true,"href":"https:\/\/www.bghaber.org\/bghaber\/wp-json\/wp\/v2\/categories?post=5370"},{"taxonomy":"post_tag","embeddable":true,"href":"https:\/\/www.bghaber.org\/bghaber\/wp-json\/wp\/v2\/tags?post=5370"}],"curies":[{"name":"wp","href":"https:\/\/api.w.org\/{rel}","templated":true}]}}