{"id":53497,"date":"2021-04-03T00:50:11","date_gmt":"2021-04-02T21:50:11","guid":{"rendered":"https:\/\/www.bghaber.org\/bghaber\/?p=53497"},"modified":"2021-04-04T21:48:04","modified_gmt":"2021-04-04T18:48:04","slug":"dunya-basin-mensuplarindan-bulturke-odul","status":"publish","type":"post","link":"https:\/\/www.bghaber.org\/bghaber\/dunya-basin-mensuplarindan-bulturke-odul\/","title":{"rendered":"D\u00dcNYA BASIN MENSUPLARINDAN BULT\u00dcRK\u2019E \u00d6D\u00dcL"},"content":{"rendered":"<p>D\u00fcnya bas\u0131n mensuplar\u0131n\u0131n gecesinde Gazeteci Yazar Sn. Rafet ULUT\u00dcRK\u2019e ba\u015far\u0131 \u00f6d\u00fcl\u00fc verildi.<\/p>\n<p><img loading=\"lazy\" decoding=\"async\" class=\"\" src=\"https:\/\/scontent.fist4-1.fna.fbcdn.net\/v\/t1.6435-9\/168460450_3993932073997347_3673198296950981640_n.jpg?_nc_cat=107&amp;ccb=1-3&amp;_nc_sid=730e14&amp;_nc_ohc=i6arX2OqkxMAX_6W48q&amp;_nc_oc=AQnLvncKnzmgPSD-8_OaeyaCMIMvxEL-TBZ6mSwStst5Es-2Uly-dI8asAXo9nHNpGk&amp;_nc_ht=scontent.fist4-1.fna&amp;oh=43650b5de6a00ca45b26b7d130a49fea&amp;oe=608EF368\" alt=\"Bir Rafet Ulut\u00fcrk ve Muzaffer Tun\u00e7 dahil 3 ki\u015fi ve ayakta duran insanlar g\u00f6rseli olabilir\" width=\"703\" height=\"739\" \/><\/p>\n<p>D\u00fcnya Bas\u0131n Mensuplar\u0131, \u201cYILIN EN\u2019LER\u0130\u201d \u00f6d\u00fcl\u00fcne \u201cBulgaristan T\u00fcrklerinin Sesi\u201d Gazetesi ve \u201cBGHABER\u201d sitesi lay\u0131k g\u00f6r\u00fcld\u00fc.<\/p>\n<p>BULT\u00dcRK Gazetesi ve BGHABER haber sitesi \u201cBa\u015far\u0131da Y\u0131l\u0131n \u2018En\u2019leri \u00d6d\u00fclleri\u201d t\u00f6renle verdi. \u00c7IRA\u011eAN&#8217;da YAPILAN T\u00d6RENDE BULT\u00dcRK ADINA \u00d6D\u00dcL\u00dcM\u00dcZ\u00dc Genel Ba\u015fkan Rafet ULUT\u00dcRK ald\u0131.<\/p>\n<p>\u0130stanbul Be\u015fikta\u015f\u2019ta \u00c7\u0131ra\u011fan Saray\u0131&#8217;nda D\u00fcnya Bas\u0131n Mensuplar\u0131 Derne\u011fi; 10 y\u0131ldan beri d\u00fczenledi\u011fi ve bir\u00e7ok \u00fcnl\u00fc ismin de kat\u0131ld\u0131\u011f\u0131 \u00abBa\u015far\u0131da Y\u0131l\u0131n \u2039En\u203aleri \u00d6d\u00fclleri\u00bb t\u00f6renini, bu y\u0131lki de yine \u00c7\u0131ra\u011fan Saray\u0131nda Genel Ba\u015fkan\u0131 Muzaffer Tun\u00e7 ev sahipli\u011finde ger\u00e7ekle\u015ftirdi.T\u00f6rene bir\u00e7ok Bakan, Milletvekili, Kaymakam, Belediye Ba\u015fkan\u0131, Ulusal, Tv Kanal\u0131, Gazeteci, B\u00fcrokrat, Bilim Adam\u0131, \u0130\u015fadam\u0131, Sanat\u00e7\u0131, dizi ve film y\u0131ld\u0131z\u0131, Futbolcu, Kul\u00fcp, Vak\u0131f ve Dernek Ba\u015fkanlar\u0131 kat\u0131ld\u0131\u2026<\/p>\n<p>\u0130stanbul \u00c7\u0131ra\u011fan Saray\u0131\u2019da Bulgaristan T\u00fcrklerini Gazeteci Yazar Rafet ULUT\u00dcRK temsil etti. Bu y\u0131lki \u00f6d\u00fcl t\u00f6reninde siyaset, sanat, sa\u011fl\u0131k, spor, i\u015f d\u00fcnyas\u0131, b\u00fcrokrat, gazeteci, de\u011fi\u015fik bran\u015flarda y\u0131l\u0131n ba\u015far\u0131l\u0131 isimlerine yine \u00f6d\u00fcller verildi.<\/p><div id=\"bghab-2914337425\" class=\"bghab-icerik-icine bghab-entity-placement\"><script async src=\"\/\/pagead2.googlesyndication.com\/pagead\/js\/adsbygoogle.js?client=ca-pub-6203283170189293\" crossorigin=\"anonymous\"><\/script><ins class=\"adsbygoogle\" style=\"display:block; text-align:center;\" data-ad-client=\"ca-pub-6203283170189293\" \ndata-ad-slot=\"7303146466\" \ndata-ad-layout=\"in-article\"\ndata-ad-format=\"fluid\" data-full-width-responsive=\"true\"><\/ins>\n<script> \n(adsbygoogle = window.adsbygoogle || []).push({}); \n<\/script>\n<\/div>\n<p>T\u00fcrk D\u00fcnyas\u0131nda Bulgaristan T\u00fcrklerini en ba\u015far\u0131l\u0131 bir \u015fekilde tan\u0131tan \u201cBulgaristan T\u00fcrklerinin Sesi\u201d gazetesi ve \u201cBGhaber\u201d yay\u0131n sitesi \u00f6vg\u00fc \u00f6d\u00fcl\u00fcne lay\u0131k g\u00f6r\u00fcld\u00fc ve D\u00fcnya Bas\u0131n Derne\u011fi \u00f6d\u00fcl\u00fc BULT\u00dcRK Derne\u011fi Genel Ba\u015fkan\u0131 Rafet Ulut\u00fcrk\u2019e sunuldu.<\/p>\n<p>Kutlama konu\u015fmas\u0131nda, D\u00fcnya Bas\u0131n Mensuplar\u0131 Genel Ba\u015fkan\u0131 Muzaffer Tun\u00e7 \u015f\u00f6yle dedi: \u201cDerne\u011fimizin 10.y\u0131l\u0131n\u0131 kutluyoruz. Son \u00fc\u00e7 y\u0131ld\u0131r alan\u0131nda ba\u015far\u0131s\u0131 olan devlet b\u00fcy\u00fcklerimize, b\u00fcrokratlar\u0131m\u0131za, sanayicilerimize, i\u015f adamlar\u0131m\u0131z\u0131, yazarlar\u0131m\u0131za, gazetecilerimize, sinema sanat\u00e7\u0131lar\u0131m\u0131za, fikir \u00fcreten herkese \u00f6d\u00fcller veriyoruz. Bu sene de bir\u00e7ok dalda adaylar\u0131m\u0131z vard\u0131 se\u00e7mek tabi ki zor oldu.<\/p>\n<p>Ancak titiz bir \u00e7al\u0131\u015fma ve ara\u015ft\u0131rma sonucu burada \u00f6d\u00fcl almaya hak kazanan dostlar\u0131m\u0131z\u0131n plaketini takdim edece\u011fiz. D\u00fcnya genelinde ya\u015fad\u0131\u011f\u0131m\u0131z pandemiden dolay\u0131 zor bir s\u00fcre\u00e7ten ge\u00e7iyoruz.<br \/>\n\u0130stanbul\u2019da \u00c7IRA\u011eAN SARAYINDA YAPILAN T\u00d6RENDE B\u00dcY\u00dcK \u00d6D\u00dcL<br \/>\nGENEL BA\u015eKANIMIZ RAFET ULUT\u00dcRK\u2019e verildi.<br \/>\n_________________________<\/p>\n<p>&nbsp;<\/p>\n<p><strong>Ayr\u0131ca D\u00fcnya Bas\u0131n Mensuplar\u0131 olarak devletimize \u015funlar\u0131 \u00f6neriyoruz.<\/strong><br \/>\n1-Gazeteciler i\u00e7in Gazeteci Evlerinin her ile bir adet yap\u0131lmas\u0131 gerekir.<br \/>\n2- D\u00fcnya bas\u0131n saray\u0131 \u0130stanbul\u2019da,<br \/>\n3 \u2013 D\u00fcnya Bas\u0131n Merkezini de \u0130stanbul\u2019da olu\u015fturmal\u0131y\u0131z.<br \/>\nBu zor \u015fartlar alt\u0131nda t\u00f6renimize icabet etti\u011finiz i\u00e7in hepinize te\u015fekk\u00fcr ederim\u201d ded. \u201d\u00d6d\u00fcl T\u00f6renine, Ak Parti \u0130stanbul Milletvekili Halis Dalk\u0131l\u0131\u00e7, Vak\u0131f bank Y\u00f6netim Kurulu ba\u015fkan\u0131 eski Bakan Abdulkadir Aksu, Zeytinburnu Kaymakam\u0131 Zekeriya G\u00fcney, Be\u015fikta\u015f Kaymakam\u0131 \u00d6nder Bakan, Ba\u015fak\u015fehir ve Gaziosmanpa\u015fa Kaymakamlar\u0131, Eski \u0130BB Ba\u015fkan\u0131 Ali M\u00fcf\u00fct G\u00fcrtuna, H\u00fclya Ko\u00e7, \u201cPaytat\u201d, \u201c\u00c7ukurova\u201d ve \u201cErturul\u201d dizilerinin oyuncular\u0131na onurluk taktim edildi.<br \/>\nRafet ULUT\u00dcRK Plaketini ald\u0131ktan sonra; \u201cD\u00fcnya bas\u0131n mensuplar derne\u011fi genel ba\u015fkan\u0131 Muzaffer Tun\u00e7\u2019a ve D\u00fcnya Bas\u0131n Derne\u011fi y\u00f6netimine te\u015fekk\u00fcr etti. Ve \u00f6d\u00fcl\u00fc t\u00fcm \u201cBulgaristan T\u00fcrklerinin Sesi\u201d gazetesi \u00e7al\u0131\u015fanlar ad\u0131na al\u0131yorum\u201d. Dedi.<br \/>\nYo\u011fun kat\u0131l\u0131mla ger\u00e7ekle\u015fen t\u00f6ren, \u00f6zellikle bas\u0131n ve medya d\u00fcnyas\u0131n\u0131n yak\u0131n takibindeydi.<br \/>\nBULT\u00dcRK Y\u00f6netimi olarak; T\u00fcrk D\u00fcnyas\u0131nda ve T\u00fcrkiye\u2019de kamuoyu ad\u0131na yapm\u0131\u015f oldu\u011fu ba\u015far\u0131l\u0131 faaliyet ve \u00e7al\u0131\u015fmalar\u0131ndan dolay\u0131, T\u00fcrk D\u00fcnyas\u0131n\u0131 bir araya getirecek bu muhte\u015fem organizasyona ev sahipli\u011fi yapan D\u00fcnya Bas\u0131n Mensuplar\u0131 Derne\u011fi Ba\u015fkan\u0131 Say\u0131n Muzaffer TUN\u00c7 ba\u015fta olmak \u00fczere, t\u00fcm DBMD ekibini tebrik eder,ba\u015far\u0131lar\u0131n\u0131z\u0131n devam\u0131n\u0131 dileriz.<\/p>\n<p><em><strong>Dr. Nedim B\u0130R\u0130NC\u0130<\/strong><\/em><br \/>\n<em><strong>BGHABER MERKEZ\u0130<\/strong><\/em><\/p><div id=\"bghab-894550700\" class=\"bghab-icerik-icine-10-paragraf bghab-entity-placement\"><script async src=\"\/\/pagead2.googlesyndication.com\/pagead\/js\/adsbygoogle.js?client=ca-pub-6203283170189293\" crossorigin=\"anonymous\"><\/script><ins class=\"adsbygoogle\" style=\"display:block; text-align:center;\" data-ad-client=\"ca-pub-6203283170189293\" \ndata-ad-slot=\"7303146466\" \ndata-ad-layout=\"in-article\"\ndata-ad-format=\"fluid\" data-full-width-responsive=\"true\"><\/ins>\n<script> \n(adsbygoogle = window.adsbygoogle || []).push({}); \n<\/script>\n<\/div>\n<p><img decoding=\"async\" src=\"https:\/\/scontent.fist4-1.fna.fbcdn.net\/v\/t1.6435-9\/168271838_3993934627330425_1332969155210028102_n.jpg?_nc_cat=110&amp;ccb=1-3&amp;_nc_sid=730e14&amp;_nc_ohc=cHnesmf8MYIAX-Rdfbe&amp;_nc_ht=scontent.fist4-1.fna&amp;oh=3aacf95cfc3f86d783733a4149563b0e&amp;oe=608EB4CE\" alt=\"Foto\u011fraf a\u00e7\u0131klamas\u0131 yok.\" \/><\/p>\n<p><img decoding=\"async\" src=\"https:\/\/scontent.fist4-1.fna.fbcdn.net\/v\/t1.6435-9\/168720050_3993936267330261_4575392170255964748_n.jpg?_nc_cat=103&amp;ccb=1-3&amp;_nc_sid=730e14&amp;_nc_ohc=jlSUb1RJewAAX_2CFo3&amp;_nc_ht=scontent.fist4-1.fna&amp;oh=35e515fca67256df294155b75379ddec&amp;oe=608DE1CB\" alt=\"Bir bir veya daha fazla ki\u015fi, ayakta duran insanlar ve i\u00e7 mekan g\u00f6rseli olabilir\" \/><\/p>\n<div class=\"post-views post-4306 entry-meta\"><\/div>\n<div id=\"bghab-1686864022\" class=\"bghab-yazi-altinda bghab-entity-placement\"><script async src=\"https:\/\/pagead2.googlesyndication.com\/pagead\/js\/adsbygoogle.js\"><\/script>\r\n<!-- bghaber-yaz\u0131-sonu -->\r\n<ins class=\"adsbygoogle\"\r\n     style=\"display:block\"\r\n     data-ad-client=\"ca-pub-6203283170189293\"\r\n     data-ad-slot=\"4222328180\"\r\n     data-ad-format=\"auto\"\r\n     data-full-width-responsive=\"true\"><\/ins>\r\n<script>\r\n     (adsbygoogle = window.adsbygoogle || []).push({});\r\n<\/script><\/div><br style=\"clear: both; display: block; float: none;\"\/>","protected":false},"excerpt":{"rendered":"<p>D\u00fcnya bas\u0131n mensuplar\u0131n\u0131n gecesinde Gazeteci Yazar Sn. Rafet ULUT\u00dcRK\u2019e ba\u015far\u0131 \u00f6d\u00fcl\u00fc verildi. D\u00fcnya Bas\u0131n Mensuplar\u0131, \u201cYILIN EN\u2019LER\u0130\u201d \u00f6d\u00fcl\u00fcne \u201cBulgaristan T\u00fcrklerinin Sesi\u201d Gazetesi ve \u201cBGHABER\u201d sitesi<\/p>\n","protected":false},"author":13,"featured_media":53498,"comment_status":"closed","ping_status":"closed","sticky":false,"template":"","format":"standard","meta":{"advanced_seo_description":"","jetpack_seo_html_title":"","jetpack_seo_noindex":false,"jetpack_seo_schema_type":"","_jetpack_newsletter_access":"","_jetpack_dont_email_post_to_subs":false,"_jetpack_newsletter_tier_id":0,"_jetpack_memberships_contains_paywalled_content":false,"_jetpack_feature_clip_id":0,"_jetpack_memberships_contains_paid_content":false,"footnotes":"","jetpack_post_was_ever_published":false},"categories":[1133,10],"tags":[1594,37,2720],"class_list":["post-53497","post","type-post","status-publish","format-standard","has-post-thumbnail","hentry","category-duyuru","category-kultur-sanat","tag-basin","tag-bulturk","tag-odul"],"jetpack_sharing_enabled":true,"jetpack_likes_enabled":true,"jetpack-related-posts":[],"jetpack_shortlink":"https:\/\/wp.me\/pc2PfJ-dUR","jetpack_featured_media_url":"https:\/\/i0.wp.com\/www.bghaber.org\/bghaber\/wp-content\/uploads\/2021\/04\/1-20210329215600-1.jpg?fit=670%2C503&ssl=1","_links":{"self":[{"href":"https:\/\/www.bghaber.org\/bghaber\/wp-json\/wp\/v2\/posts\/53497","targetHints":{"allow":["GET"]}}],"collection":[{"href":"https:\/\/www.bghaber.org\/bghaber\/wp-json\/wp\/v2\/posts"}],"about":[{"href":"https:\/\/www.bghaber.org\/bghaber\/wp-json\/wp\/v2\/types\/post"}],"author":[{"embeddable":true,"href":"https:\/\/www.bghaber.org\/bghaber\/wp-json\/wp\/v2\/users\/13"}],"replies":[{"embeddable":true,"href":"https:\/\/www.bghaber.org\/bghaber\/wp-json\/wp\/v2\/comments?post=53497"}],"version-history":[{"count":0,"href":"https:\/\/www.bghaber.org\/bghaber\/wp-json\/wp\/v2\/posts\/53497\/revisions"}],"wp:featuredmedia":[{"embeddable":true,"href":"https:\/\/www.bghaber.org\/bghaber\/wp-json\/wp\/v2\/media\/53498"}],"wp:attachment":[{"href":"https:\/\/www.bghaber.org\/bghaber\/wp-json\/wp\/v2\/media?parent=53497"}],"wp:term":[{"taxonomy":"category","embeddable":true,"href":"https:\/\/www.bghaber.org\/bghaber\/wp-json\/wp\/v2\/categories?post=53497"},{"taxonomy":"post_tag","embeddable":true,"href":"https:\/\/www.bghaber.org\/bghaber\/wp-json\/wp\/v2\/tags?post=53497"}],"curies":[{"name":"wp","href":"https:\/\/api.w.org\/{rel}","templated":true}]}}