{"id":53396,"date":"2021-03-25T09:30:00","date_gmt":"2021-03-25T06:30:00","guid":{"rendered":"https:\/\/www.bghaber.org\/bghaber\/?p=53396"},"modified":"2021-03-25T18:41:53","modified_gmt":"2021-03-25T15:41:53","slug":"silistra-kiliras-feribot-hatti-tekrar-hizmete-acildi","status":"publish","type":"post","link":"https:\/\/www.bghaber.org\/bghaber\/silistra-kiliras-feribot-hatti-tekrar-hizmete-acildi\/","title":{"rendered":"Silistra-K\u0131l\u0131ra\u015f feribot hatt\u0131 tekrar hizmete a\u00e7\u0131ld\u0131"},"content":{"rendered":"\n<p class=\"wp-block-paragraph\">Bulgaristan Ula\u015ft\u0131rma Bakanl\u0131\u011f\u0131 taraf\u0131ndan bildirildi\u011fi gibi Romanyal\u0131 bir nakliye \u015firketi taraf\u0131ndan i\u015fletilen\u00a0<strong>Silistra-K\u0131l\u0131ra\u015f feribot hatt\u0131, 15 Mart g\u00fcn\u00fcnden itibaren yeniden hizmete a\u00e7\u0131ld\u0131<\/strong>.\u00a0<strong>&#8220;Silistra-Feribot&#8221; s\u0131n\u0131r kap\u0131s\u0131 da ge\u00e7i\u015flere a\u00e7\u0131ld\u0131.<\/strong><\/p>\n\n\n\n<p class=\"wp-block-paragraph\">Silistra Belediye Meclisi karar\u0131 ile\u00a0<strong>3,5 ton \u00fczeri y\u00fck ara\u00e7lar\u0131<\/strong>n\u0131n il merkezi olan \u015fehrin sokak \u015febekesinde seyretmesi ge\u00e7ici olarak durduruldu. Bu y\u00fck ara\u00e7lar\u0131 &#8220;Silistra &#8211; Ada&#8221; hudut kap\u0131s\u0131ndan ge\u00e7i\u015f yapamayarak &#8220;Silistra-Feribot&#8221; ve Bulgaristan ile Romanya aras\u0131ndaki di\u011fer ge\u00e7i\u015f noktalar\u0131ndan ge\u00e7ebilecek.<\/p>\n\n\n\n<p class=\"wp-block-paragraph\"><\/p>\n\n\n\n<p class=\"wp-block-paragraph\">BNR<\/p>\n<div id=\"bghab-1383931379\" class=\"bghab-yazi-altinda bghab-entity-placement\"><script async src=\"https:\/\/pagead2.googlesyndication.com\/pagead\/js\/adsbygoogle.js\"><\/script>\r\n<!-- bghaber-yaz\u0131-sonu -->\r\n<ins class=\"adsbygoogle\"\r\n     style=\"display:block\"\r\n     data-ad-client=\"ca-pub-6203283170189293\"\r\n     data-ad-slot=\"4222328180\"\r\n     data-ad-format=\"auto\"\r\n     data-full-width-responsive=\"true\"><\/ins>\r\n<script>\r\n     (adsbygoogle = window.adsbygoogle || []).push({});\r\n<\/script><\/div><br style=\"clear: both; display: block; float: none;\"\/>","protected":false},"excerpt":{"rendered":"<p>Bulgaristan Ula\u015ft\u0131rma Bakanl\u0131\u011f\u0131 taraf\u0131ndan bildirildi\u011fi gibi Romanyal\u0131 bir nakliye \u015firketi taraf\u0131ndan i\u015fletilen\u00a0Silistra-K\u0131l\u0131ra\u015f feribot hatt\u0131, 15 Mart g\u00fcn\u00fcnden itibaren yeniden hizmete a\u00e7\u0131ld\u0131.\u00a0&#8220;Silistra-Feribot&#8221; s\u0131n\u0131r kap\u0131s\u0131 da ge\u00e7i\u015flere<\/p>\n","protected":false},"author":29,"featured_media":53397,"comment_status":"closed","ping_status":"closed","sticky":false,"template":"","format":"standard","meta":{"advanced_seo_description":"","jetpack_seo_html_title":"","jetpack_seo_noindex":false,"jetpack_seo_schema_type":"","_jetpack_newsletter_access":"","_jetpack_dont_email_post_to_subs":false,"_jetpack_newsletter_tier_id":0,"_jetpack_memberships_contains_paywalled_content":false,"_jetpack_feature_clip_id":0,"_jetpack_memberships_contains_paid_content":false,"footnotes":"","jetpack_post_was_ever_published":false},"categories":[5],"tags":[30,3675,3674,262,212],"class_list":["post-53396","post","type-post","status-publish","format-standard","has-post-thumbnail","hentry","category-yasam","tag-bulgaristan","tag-feribot","tag-kiliras","tag-romanya","tag-silistre"],"jetpack_sharing_enabled":true,"jetpack_likes_enabled":true,"jetpack-related-posts":[],"jetpack_shortlink":"https:\/\/wp.me\/pc2PfJ-dTe","jetpack_featured_media_url":"https:\/\/i0.wp.com\/www.bghaber.org\/bghaber\/wp-content\/uploads\/2021\/03\/Silistra-Kiliras-feribot-hatti-tekrar-hizmete-acildi.jpg?fit=925%2C520&ssl=1","_links":{"self":[{"href":"https:\/\/www.bghaber.org\/bghaber\/wp-json\/wp\/v2\/posts\/53396","targetHints":{"allow":["GET"]}}],"collection":[{"href":"https:\/\/www.bghaber.org\/bghaber\/wp-json\/wp\/v2\/posts"}],"about":[{"href":"https:\/\/www.bghaber.org\/bghaber\/wp-json\/wp\/v2\/types\/post"}],"author":[{"embeddable":true,"href":"https:\/\/www.bghaber.org\/bghaber\/wp-json\/wp\/v2\/users\/29"}],"replies":[{"embeddable":true,"href":"https:\/\/www.bghaber.org\/bghaber\/wp-json\/wp\/v2\/comments?post=53396"}],"version-history":[{"count":0,"href":"https:\/\/www.bghaber.org\/bghaber\/wp-json\/wp\/v2\/posts\/53396\/revisions"}],"wp:featuredmedia":[{"embeddable":true,"href":"https:\/\/www.bghaber.org\/bghaber\/wp-json\/wp\/v2\/media\/53397"}],"wp:attachment":[{"href":"https:\/\/www.bghaber.org\/bghaber\/wp-json\/wp\/v2\/media?parent=53396"}],"wp:term":[{"taxonomy":"category","embeddable":true,"href":"https:\/\/www.bghaber.org\/bghaber\/wp-json\/wp\/v2\/categories?post=53396"},{"taxonomy":"post_tag","embeddable":true,"href":"https:\/\/www.bghaber.org\/bghaber\/wp-json\/wp\/v2\/tags?post=53396"}],"curies":[{"name":"wp","href":"https:\/\/api.w.org\/{rel}","templated":true}]}}