{"id":53394,"date":"2021-03-25T08:30:00","date_gmt":"2021-03-25T05:30:00","guid":{"rendered":"https:\/\/www.bghaber.org\/bghaber\/?p=53394"},"modified":"2021-03-25T18:41:43","modified_gmt":"2021-03-25T15:41:43","slug":"burgas-havaalani-27-marta-kadar-kapali-olacak","status":"publish","type":"post","link":"https:\/\/www.bghaber.org\/bghaber\/burgas-havaalani-27-marta-kadar-kapali-olacak\/","title":{"rendered":"Burgas havaalan\u0131 27 Mart&#8217;a kadar kapal\u0131 olacak"},"content":{"rendered":"\n<p class=\"wp-block-paragraph\">BTA&#8217;n\u0131n aktard\u0131\u011f\u0131 habere g\u00f6re&nbsp;<strong>&#8220;Burgas&#8221; havaalan\u0131 27 Mart tarihine kadar kapal\u0131 olacak<\/strong>. Pistlerin rehabilitasyonu ile ilgili planlanan in\u015faat ve tadilat i\u015flerinden dolay\u0131 onar\u0131m d\u00f6neminde planlanan b\u00fct\u00fcn&nbsp;<strong>u\u00e7ak seferleri ya iptal edilecek ya da Varna havaalan\u0131na y\u00f6nlendirilecek<\/strong>.<\/p>\n\n\n\n<p class=\"wp-block-paragraph\">Yaz turizm sezonu Burgas havaliman\u0131 i\u00e7in bu y\u0131l daha ge\u00e7 ba\u015flayacak.&nbsp;<strong>\u0130lk charter seferleri nin yap\u0131lmas\u0131 ancak Haziran ay\u0131nda beklenirken \u015fimdiye kadar en \u00e7ok rezervasyon B\u00fcy\u00fck Britanya&#8217;dan yap\u0131ld\u0131<\/strong>.<\/p>\n\n\n\n<p class=\"wp-block-paragraph\">Yaz mevsiminde Burgas ve Ada&#8217;da bulunan 9 \u015fehir aras\u0131nda direkt u\u00e7u\u015flar yap\u0131lacak.<\/p>\n\n\n\n<p class=\"wp-block-paragraph\">Karadeniz&#8217;in g\u00fcneyine ayr\u0131ca\u00a0<strong>Polonya, \u00c7ekya, Slovakya ve Avusturya&#8217;dan yo\u011fun ilgi\u00a0<\/strong>var.<\/p>\n\n\n\n<p class=\"wp-block-paragraph\"><\/p>\n\n\n\n<p class=\"wp-block-paragraph\">BNR<\/p><div id=\"bghab-2775446192\" class=\"bghab-icerik-icine bghab-entity-placement\"><script async src=\"\/\/pagead2.googlesyndication.com\/pagead\/js\/adsbygoogle.js?client=ca-pub-6203283170189293\" crossorigin=\"anonymous\"><\/script><ins class=\"adsbygoogle\" style=\"display:block; text-align:center;\" data-ad-client=\"ca-pub-6203283170189293\" \ndata-ad-slot=\"7303146466\" \ndata-ad-layout=\"in-article\"\ndata-ad-format=\"fluid\" data-full-width-responsive=\"true\"><\/ins>\n<script> \n(adsbygoogle = window.adsbygoogle || []).push({}); \n<\/script>\n<\/div>\n<div id=\"bghab-577154337\" class=\"bghab-yazi-altinda bghab-entity-placement\"><script async src=\"https:\/\/pagead2.googlesyndication.com\/pagead\/js\/adsbygoogle.js\"><\/script>\r\n<!-- bghaber-yaz\u0131-sonu -->\r\n<ins class=\"adsbygoogle\"\r\n     style=\"display:block\"\r\n     data-ad-client=\"ca-pub-6203283170189293\"\r\n     data-ad-slot=\"4222328180\"\r\n     data-ad-format=\"auto\"\r\n     data-full-width-responsive=\"true\"><\/ins>\r\n<script>\r\n     (adsbygoogle = window.adsbygoogle || []).push({});\r\n<\/script><\/div><br style=\"clear: both; display: block; float: none;\"\/>","protected":false},"excerpt":{"rendered":"<p>BTA&#8217;n\u0131n aktard\u0131\u011f\u0131 habere g\u00f6re&nbsp;&#8220;Burgas&#8221; havaalan\u0131 27 Mart tarihine kadar kapal\u0131 olacak. Pistlerin rehabilitasyonu ile ilgili planlanan in\u015faat ve tadilat i\u015flerinden dolay\u0131 onar\u0131m d\u00f6neminde planlanan b\u00fct\u00fcn&nbsp;u\u00e7ak<\/p>\n","protected":false},"author":29,"featured_media":32184,"comment_status":"closed","ping_status":"closed","sticky":false,"template":"","format":"standard","meta":{"advanced_seo_description":"","jetpack_seo_html_title":"","jetpack_seo_noindex":false,"jetpack_seo_schema_type":"","_jetpack_newsletter_access":"","_jetpack_dont_email_post_to_subs":false,"_jetpack_newsletter_tier_id":0,"_jetpack_memberships_contains_paywalled_content":false,"_jetpack_feature_clip_id":0,"_jetpack_memberships_contains_paid_content":false,"footnotes":"","jetpack_post_was_ever_published":false},"categories":[5],"tags":[173,1433,3673],"class_list":["post-53394","post","type-post","status-publish","format-standard","has-post-thumbnail","hentry","category-yasam","tag-burgas","tag-havaalani","tag-kapali"],"jetpack_sharing_enabled":true,"jetpack_likes_enabled":true,"jetpack-related-posts":[],"jetpack_shortlink":"https:\/\/wp.me\/pc2PfJ-dTc","jetpack_featured_media_url":"https:\/\/i0.wp.com\/www.bghaber.org\/bghaber\/wp-content\/uploads\/2018\/09\/burgaz-havaalan.jpg?fit=610%2C343&ssl=1","_links":{"self":[{"href":"https:\/\/www.bghaber.org\/bghaber\/wp-json\/wp\/v2\/posts\/53394","targetHints":{"allow":["GET"]}}],"collection":[{"href":"https:\/\/www.bghaber.org\/bghaber\/wp-json\/wp\/v2\/posts"}],"about":[{"href":"https:\/\/www.bghaber.org\/bghaber\/wp-json\/wp\/v2\/types\/post"}],"author":[{"embeddable":true,"href":"https:\/\/www.bghaber.org\/bghaber\/wp-json\/wp\/v2\/users\/29"}],"replies":[{"embeddable":true,"href":"https:\/\/www.bghaber.org\/bghaber\/wp-json\/wp\/v2\/comments?post=53394"}],"version-history":[{"count":0,"href":"https:\/\/www.bghaber.org\/bghaber\/wp-json\/wp\/v2\/posts\/53394\/revisions"}],"wp:featuredmedia":[{"embeddable":true,"href":"https:\/\/www.bghaber.org\/bghaber\/wp-json\/wp\/v2\/media\/32184"}],"wp:attachment":[{"href":"https:\/\/www.bghaber.org\/bghaber\/wp-json\/wp\/v2\/media?parent=53394"}],"wp:term":[{"taxonomy":"category","embeddable":true,"href":"https:\/\/www.bghaber.org\/bghaber\/wp-json\/wp\/v2\/categories?post=53394"},{"taxonomy":"post_tag","embeddable":true,"href":"https:\/\/www.bghaber.org\/bghaber\/wp-json\/wp\/v2\/tags?post=53394"}],"curies":[{"name":"wp","href":"https:\/\/api.w.org\/{rel}","templated":true}]}}