{"id":53390,"date":"2021-03-25T07:30:00","date_gmt":"2021-03-25T04:30:00","guid":{"rendered":"https:\/\/www.bghaber.org\/bghaber\/?p=53390"},"modified":"2021-03-25T16:54:41","modified_gmt":"2021-03-25T13:54:41","slug":"4-nisanda-yurt-disinda-bulunan-bulgaristan-vatandaslari-69-ulkede-oy-verecek","status":"publish","type":"post","link":"https:\/\/www.bghaber.org\/bghaber\/4-nisanda-yurt-disinda-bulunan-bulgaristan-vatandaslari-69-ulkede-oy-verecek\/","title":{"rendered":"4 Nisan&#8217;da yurt d\u0131\u015f\u0131ndaki Bulgaristan vatanda\u015flar\u0131 69 \u00fclkede oy verecek"},"content":{"rendered":"\n<p class=\"wp-block-paragraph\">Bulgaristan Merkez Se\u00e7im Komisyonu,\u00a0<strong>4 Nisan&#8217;da yap\u0131lacak 45. d\u00f6nem milletvekilli\u011fi se\u00e7imlerinde yurt d\u0131\u015f\u0131nda 69 devlette se\u00e7im sand\u0131klar\u0131n\u0131n kurulaca\u011f\u0131 yerleri<\/strong>\u00a0a\u00e7\u0131klad\u0131.<\/p>\n\n\n\n<p class=\"wp-block-paragraph\">Bulgaristan D\u0131\u015fi\u015fleri Bakanl\u0131\u011f\u0131 taraf\u0131ndan a\u00e7\u0131klanan bilgiye g\u00f6re<strong>Irak, Suriye, Libya, Yemen, Afganistan, Pakistan, Kore Demokratik Halk Cumhuriyeti, Mo\u011folistan, Vatikan, Vietnam, Filistin, Endonezya, Kazakistan ve \u00d6zbekistan&#8217;da<\/strong> se\u00e7im sand\u0131klar\u0131 a\u00e7\u0131lmayacak.<\/p>\n\n\n\n<p class=\"wp-block-paragraph\">T\u00fcrkiye&#8217;de a\u00e7\u0131lan sand\u0131klar\u0131n \u00e7o\u011funlu\u011fu \u0130stanbul, Bursa, \u0130zmir, Tekirda\u011f \u015fehirlerinde olmak \u00fczere 12 \u015fehirde toplam 35 sand\u0131k a\u00e7\u0131lacakt\u0131r. <\/p>\n\n\n\n<p class=\"wp-block-paragraph\"><\/p>\n\n\n\n<p class=\"wp-block-paragraph\">Yurt d\u0131\u015f\u0131 se\u00e7im sand\u0131klar\u0131n\u0131n Bulgarca listesine <a href=\"https:\/\/www.cik.bg\/bg\/decisions\/2212\/2021-03-12?fbclid=IwAR34o_riM1aMgJ-XoPSBx1h4sSlvuro0YCItwsAg1f0QrL5c5r4M9ZjD7u4\">buradan\u00a0<\/a>ula\u015fabilirsiniz.<\/p>\n\n\n\n<p class=\"wp-block-paragraph\"><\/p>\n\n\n\n<p class=\"wp-block-paragraph\">BG Haber<\/p><div id=\"bghab-2953908501\" class=\"bghab-icerik-icine bghab-entity-placement\"><script async src=\"\/\/pagead2.googlesyndication.com\/pagead\/js\/adsbygoogle.js?client=ca-pub-6203283170189293\" crossorigin=\"anonymous\"><\/script><ins class=\"adsbygoogle\" style=\"display:block; text-align:center;\" data-ad-client=\"ca-pub-6203283170189293\" \ndata-ad-slot=\"7303146466\" \ndata-ad-layout=\"in-article\"\ndata-ad-format=\"fluid\" data-full-width-responsive=\"true\"><\/ins>\n<script> \n(adsbygoogle = window.adsbygoogle || []).push({}); \n<\/script>\n<\/div>\n<div id=\"bghab-1940377217\" class=\"bghab-yazi-altinda bghab-entity-placement\"><script async src=\"https:\/\/pagead2.googlesyndication.com\/pagead\/js\/adsbygoogle.js\"><\/script>\r\n<!-- bghaber-yaz\u0131-sonu -->\r\n<ins class=\"adsbygoogle\"\r\n     style=\"display:block\"\r\n     data-ad-client=\"ca-pub-6203283170189293\"\r\n     data-ad-slot=\"4222328180\"\r\n     data-ad-format=\"auto\"\r\n     data-full-width-responsive=\"true\"><\/ins>\r\n<script>\r\n     (adsbygoogle = window.adsbygoogle || []).push({});\r\n<\/script><\/div><br style=\"clear: both; display: block; float: none;\"\/>","protected":false},"excerpt":{"rendered":"<p>Bulgaristan Merkez Se\u00e7im Komisyonu,\u00a04 Nisan&#8217;da yap\u0131lacak 45. d\u00f6nem milletvekilli\u011fi se\u00e7imlerinde yurt d\u0131\u015f\u0131nda 69 devlette se\u00e7im sand\u0131klar\u0131n\u0131n kurulaca\u011f\u0131 yerleri\u00a0a\u00e7\u0131klad\u0131. Bulgaristan D\u0131\u015fi\u015fleri Bakanl\u0131\u011f\u0131 taraf\u0131ndan a\u00e7\u0131klanan bilgiye g\u00f6reIrak,<\/p>\n","protected":false},"author":29,"featured_media":22257,"comment_status":"closed","ping_status":"closed","sticky":false,"template":"","format":"standard","meta":{"advanced_seo_description":"","jetpack_seo_html_title":"","jetpack_seo_noindex":false,"jetpack_seo_schema_type":"","_jetpack_newsletter_access":"","_jetpack_dont_email_post_to_subs":false,"_jetpack_newsletter_tier_id":0,"_jetpack_memberships_contains_paywalled_content":false,"_jetpack_feature_clip_id":0,"_jetpack_memberships_contains_paid_content":false,"footnotes":"","jetpack_post_was_ever_published":false},"categories":[1,4],"tags":[30,3670,2188,604,2157],"class_list":["post-53390","post","type-post","status-publish","format-standard","has-post-thumbnail","hentry","category-haberler","category-siyaset","tag-bulgaristan","tag-genel-secim","tag-sandik","tag-secim","tag-yurtdisi"],"jetpack_sharing_enabled":true,"jetpack_likes_enabled":true,"jetpack-related-posts":[],"jetpack_shortlink":"https:\/\/wp.me\/pc2PfJ-dT8","jetpack_featured_media_url":"https:\/\/i0.wp.com\/www.bghaber.org\/bghaber\/wp-content\/uploads\/2017\/02\/secim-2017.jpg?fit=810%2C449&ssl=1","_links":{"self":[{"href":"https:\/\/www.bghaber.org\/bghaber\/wp-json\/wp\/v2\/posts\/53390","targetHints":{"allow":["GET"]}}],"collection":[{"href":"https:\/\/www.bghaber.org\/bghaber\/wp-json\/wp\/v2\/posts"}],"about":[{"href":"https:\/\/www.bghaber.org\/bghaber\/wp-json\/wp\/v2\/types\/post"}],"author":[{"embeddable":true,"href":"https:\/\/www.bghaber.org\/bghaber\/wp-json\/wp\/v2\/users\/29"}],"replies":[{"embeddable":true,"href":"https:\/\/www.bghaber.org\/bghaber\/wp-json\/wp\/v2\/comments?post=53390"}],"version-history":[{"count":0,"href":"https:\/\/www.bghaber.org\/bghaber\/wp-json\/wp\/v2\/posts\/53390\/revisions"}],"wp:featuredmedia":[{"embeddable":true,"href":"https:\/\/www.bghaber.org\/bghaber\/wp-json\/wp\/v2\/media\/22257"}],"wp:attachment":[{"href":"https:\/\/www.bghaber.org\/bghaber\/wp-json\/wp\/v2\/media?parent=53390"}],"wp:term":[{"taxonomy":"category","embeddable":true,"href":"https:\/\/www.bghaber.org\/bghaber\/wp-json\/wp\/v2\/categories?post=53390"},{"taxonomy":"post_tag","embeddable":true,"href":"https:\/\/www.bghaber.org\/bghaber\/wp-json\/wp\/v2\/tags?post=53390"}],"curies":[{"name":"wp","href":"https:\/\/api.w.org\/{rel}","templated":true}]}}