{"id":5329,"date":"2013-08-21T14:29:28","date_gmt":"2013-08-21T11:29:28","guid":{"rendered":"http:\/\/bghaber.org\/bghaber\/?p=5329"},"modified":"2019-07-15T22:10:11","modified_gmt":"2019-07-15T20:10:11","slug":"bozgundan-sonra","status":"publish","type":"post","link":"https:\/\/www.bghaber.org\/bghaber\/bozgundan-sonra\/","title":{"rendered":"Bozgundan Sonra &#8211; Mehmet T\u00fcrker"},"content":{"rendered":"<p><a href=\"https:\/\/i0.wp.com\/bghaber.org\/bghaber\/wp-content\/uploads\/2013\/08\/bozgundan-sonra.jpeg\"><img data-recalc-dims=\"1\" loading=\"lazy\" decoding=\"async\" class=\"alignright size-medium wp-image-5330\" src=\"https:\/\/i0.wp.com\/bghaber.org\/bghaber\/wp-content\/uploads\/2013\/08\/bozgundan-sonra-190x300.jpeg?resize=190%2C300\" alt=\"bozgundan-sonra\" width=\"190\" height=\"300\" \/><\/a>Bozgundan Sonra<\/p>\n<p>Mehmet T\u00fcrker<\/p>\n<p>\u00c7a\u011fr\u0131 Yay\u0131nlar\u0131 \/ Roman Dizisi<\/p>\n<p>&nbsp;<\/p>\n<p>Son 6 y\u0131lda 6 kitaba imzas\u0131n\u0131 atan gazeteci-yazar Mehmet T\u00fcrker\u00b4in Bulgaristan T\u00fcrklerinin son y\u00fczy\u0131ldaki hayat\u0131n\u0131 romanla\u015ft\u0131rma \u00e7al\u0131\u015fmalar\u0131 s\u00fcr\u00fcyor. Yazar,1915-1944 y\u0131llar\u0131n\u0131 kapsayan s\u00fcrede Bulgaristan ve Anadolu&#8217;daki tarihi geli\u015fmelere \u0131\u015f\u0131k tutuyor. Rumelililerin Birinci D\u00fcnya Sava\u015f\u0131 y\u0131llar\u0131nda \u00f6zellikle g\u00f6n\u00fcll\u00fc olarak \u00c7anakkale Sava\u015flar\u0131na kat\u0131lmalar\u0131na T\u00fcrk Edebiyat\u0131\u00b4da yer verilmedi\u011finden, bu eksikli\u011fi tamamlamaya \u00e7al\u0131\u015fm\u0131\u015f.<\/p>\n<p>T\u00fcrker bu romanda yine ak\u0131c\u0131 bir \u00fcsl\u00fbpla Atat\u00fcrk\u00b4\u00fcn Sofya\u00b4da ata\u015felik d\u00f6nemi, Bulgar \u00c7ift\u00e7i Partisi iktidardaki y\u0131llar\u0131, Anadolu&#8217;daki Kurtulu\u015f Sava\u015f\u0131, Bulgar zulm\u00fc, partizan harek\u00e2t\u0131 gibi konulara de\u011finirken, yeri geldik\u00e7e Rumeli\u00b4deki \u00f6rf ve \u00e2detlerden de \u00f6rnekler sunmu\u015f.<\/p><div id=\"bghab-3046354228\" class=\"bghab-icerik-icine bghab-entity-placement\"><script async src=\"\/\/pagead2.googlesyndication.com\/pagead\/js\/adsbygoogle.js?client=ca-pub-6203283170189293\" crossorigin=\"anonymous\"><\/script><ins class=\"adsbygoogle\" style=\"display:block; text-align:center;\" data-ad-client=\"ca-pub-6203283170189293\" \ndata-ad-slot=\"7303146466\" \ndata-ad-layout=\"in-article\"\ndata-ad-format=\"fluid\" data-full-width-responsive=\"true\"><\/ins>\n<script> \n(adsbygoogle = window.adsbygoogle || []).push({}); \n<\/script>\n<\/div>\n<p>264 sayfal\u0131k eserin dip notlar\u0131ndan da g\u00f6r\u00fcl\u00fcyor ki, eser uzun s\u00fcren bir ara\u015ft\u0131rma sonucu meydana gelmi\u015ftir.<br \/>\n(Tan\u0131t\u0131m B\u00fclteninden)<\/p>\n<div id=\"bghab-1542275772\" class=\"bghab-yazi-altinda bghab-entity-placement\"><script async src=\"https:\/\/pagead2.googlesyndication.com\/pagead\/js\/adsbygoogle.js\"><\/script>\r\n<!-- bghaber-yaz\u0131-sonu -->\r\n<ins class=\"adsbygoogle\"\r\n     style=\"display:block\"\r\n     data-ad-client=\"ca-pub-6203283170189293\"\r\n     data-ad-slot=\"4222328180\"\r\n     data-ad-format=\"auto\"\r\n     data-full-width-responsive=\"true\"><\/ins>\r\n<script>\r\n     (adsbygoogle = window.adsbygoogle || []).push({});\r\n<\/script><\/div><br style=\"clear: both; display: block; float: none;\"\/>","protected":false},"excerpt":{"rendered":"<p>Bozgundan Sonra Mehmet T\u00fcrker \u00c7a\u011fr\u0131 Yay\u0131nlar\u0131 \/ Roman Dizisi &nbsp; Son 6 y\u0131lda 6 kitaba imzas\u0131n\u0131 atan gazeteci-yazar Mehmet T\u00fcrker\u00b4in Bulgaristan T\u00fcrklerinin son y\u00fczy\u0131ldaki hayat\u0131n\u0131<\/p>\n","protected":false},"author":29,"featured_media":5330,"comment_status":"closed","ping_status":"closed","sticky":false,"template":"","format":"standard","meta":{"advanced_seo_description":"","jetpack_seo_html_title":"","jetpack_seo_noindex":false,"jetpack_seo_schema_type":"","_jetpack_newsletter_access":"","_jetpack_dont_email_post_to_subs":false,"_jetpack_newsletter_tier_id":0,"_jetpack_memberships_contains_paywalled_content":false,"_jetpack_feature_clip_id":0,"_jetpack_memberships_contains_paid_content":false,"footnotes":"","jetpack_post_was_ever_published":false},"categories":[211],"tags":[30,219],"class_list":["post-5329","post","type-post","status-publish","format-standard","has-post-thumbnail","hentry","category-kitap","tag-bulgaristan","tag-mehmet-turker"],"jetpack_sharing_enabled":true,"jetpack_likes_enabled":true,"jetpack-related-posts":[],"jetpack_shortlink":"https:\/\/wp.me\/pc2PfJ-1nX","jetpack_featured_media_url":"https:\/\/i0.wp.com\/www.bghaber.org\/bghaber\/wp-content\/uploads\/2013\/08\/bozgundan-sonra.jpeg?fit=270%2C425&ssl=1","_links":{"self":[{"href":"https:\/\/www.bghaber.org\/bghaber\/wp-json\/wp\/v2\/posts\/5329","targetHints":{"allow":["GET"]}}],"collection":[{"href":"https:\/\/www.bghaber.org\/bghaber\/wp-json\/wp\/v2\/posts"}],"about":[{"href":"https:\/\/www.bghaber.org\/bghaber\/wp-json\/wp\/v2\/types\/post"}],"author":[{"embeddable":true,"href":"https:\/\/www.bghaber.org\/bghaber\/wp-json\/wp\/v2\/users\/29"}],"replies":[{"embeddable":true,"href":"https:\/\/www.bghaber.org\/bghaber\/wp-json\/wp\/v2\/comments?post=5329"}],"version-history":[{"count":0,"href":"https:\/\/www.bghaber.org\/bghaber\/wp-json\/wp\/v2\/posts\/5329\/revisions"}],"wp:featuredmedia":[{"embeddable":true,"href":"https:\/\/www.bghaber.org\/bghaber\/wp-json\/wp\/v2\/media\/5330"}],"wp:attachment":[{"href":"https:\/\/www.bghaber.org\/bghaber\/wp-json\/wp\/v2\/media?parent=5329"}],"wp:term":[{"taxonomy":"category","embeddable":true,"href":"https:\/\/www.bghaber.org\/bghaber\/wp-json\/wp\/v2\/categories?post=5329"},{"taxonomy":"post_tag","embeddable":true,"href":"https:\/\/www.bghaber.org\/bghaber\/wp-json\/wp\/v2\/tags?post=5329"}],"curies":[{"name":"wp","href":"https:\/\/api.w.org\/{rel}","templated":true}]}}