{"id":53260,"date":"2021-03-14T23:12:34","date_gmt":"2021-03-14T20:12:34","guid":{"rendered":"https:\/\/www.bghaber.org\/bghaber\/?p=53260"},"modified":"2021-03-14T23:12:41","modified_gmt":"2021-03-14T20:12:41","slug":"bulgaristanda-erkekler-ve-kadinlar-arasindaki-maas-farki","status":"publish","type":"post","link":"https:\/\/www.bghaber.org\/bghaber\/bulgaristanda-erkekler-ve-kadinlar-arasindaki-maas-farki\/","title":{"rendered":"Bulgaristan&#8217;da erkekler ve kad\u0131nlar aras\u0131ndaki maa\u015f fark\u0131"},"content":{"rendered":"\n<p class=\"wp-block-paragraph\">Bulgaristan\u2019da son y\u0131llarda \u00f6nemli ad\u0131mlar at\u0131lsa da, kad\u0131n- erkek e\u015fitli\u011fi hala sa\u011flanm\u0131\u015f de\u011fil.<\/p>\n\n\n\n<p class=\"wp-block-paragraph\"><strong>Erkekler ve kad\u0131nlar aras\u0131ndaki i\u015f \u00fccretleri, yani maa\u015flar\u0131n fark\u0131 %13.5.<\/strong>&nbsp;<strong>Bulgaristan Parlamentosunda milletvekillerin sadece d\u00f6rtte biri kad\u0131n.<\/strong>&nbsp;<strong>\u00dclkede<\/strong><strong>&nbsp;\u00e7ocu\u011funa tek ba\u015f\u0131na bakan 360 000 kad\u0131n var. Onlardan %72\u2019si yoksulluk s\u0131n\u0131r\u0131nda ya\u015fam s\u00fcr\u00fcyor.<\/strong><\/p>\n\n\n\n<p class=\"wp-block-paragraph\">8 Mart- Uluslararas\u0131 Kad\u0131nlar G\u00fcn\u00fc arifesinde bu verileri a\u00e7\u0131klayan Bulgaristan Kad\u0131nlar Fonu, Hollanda ve \u0130svi\u00e7re el\u00e7iliklerinin deste\u011fi ile 20 farkl\u0131 etkinlik d\u00fczenleyecek. \u00a0BNR muhabiri Gergana Hris\u00e7eva\u2019n\u0131n haberi.\u00a0<\/p>\n\n\n\n<p class=\"wp-block-paragraph\">BNR<\/p>\n<div id=\"bghab-1135331143\" class=\"bghab-yazi-altinda bghab-entity-placement\"><script async src=\"https:\/\/pagead2.googlesyndication.com\/pagead\/js\/adsbygoogle.js\"><\/script>\r\n<!-- bghaber-yaz\u0131-sonu -->\r\n<ins class=\"adsbygoogle\"\r\n     style=\"display:block\"\r\n     data-ad-client=\"ca-pub-6203283170189293\"\r\n     data-ad-slot=\"4222328180\"\r\n     data-ad-format=\"auto\"\r\n     data-full-width-responsive=\"true\"><\/ins>\r\n<script>\r\n     (adsbygoogle = window.adsbygoogle || []).push({});\r\n<\/script><\/div><br style=\"clear: both; display: block; float: none;\"\/>","protected":false},"excerpt":{"rendered":"<p>Bulgaristan\u2019da son y\u0131llarda \u00f6nemli ad\u0131mlar at\u0131lsa da, kad\u0131n- erkek e\u015fitli\u011fi hala sa\u011flanm\u0131\u015f de\u011fil. Erkekler ve kad\u0131nlar aras\u0131ndaki i\u015f \u00fccretleri, yani maa\u015flar\u0131n fark\u0131 %13.5.&nbsp;Bulgaristan Parlamentosunda milletvekillerin<\/p>\n","protected":false},"author":29,"featured_media":26182,"comment_status":"closed","ping_status":"closed","sticky":false,"template":"","format":"standard","meta":{"advanced_seo_description":"","jetpack_seo_html_title":"","jetpack_seo_noindex":false,"jetpack_seo_schema_type":"","_jetpack_newsletter_access":"","_jetpack_dont_email_post_to_subs":false,"_jetpack_newsletter_tier_id":0,"_jetpack_memberships_contains_paywalled_content":false,"_jetpack_feature_clip_id":0,"_jetpack_memberships_contains_paid_content":false,"footnotes":"","jetpack_post_was_ever_published":false},"categories":[5],"tags":[30,2659,3667,1240,1249],"class_list":["post-53260","post","type-post","status-publish","format-standard","has-post-thumbnail","hentry","category-yasam","tag-bulgaristan","tag-erkek","tag-fark","tag-kadin","tag-maas"],"jetpack_sharing_enabled":true,"jetpack_likes_enabled":true,"jetpack-related-posts":[],"jetpack_shortlink":"https:\/\/wp.me\/pc2PfJ-dR2","jetpack_featured_media_url":"https:\/\/i0.wp.com\/www.bghaber.org\/bghaber\/wp-content\/uploads\/2018\/01\/istihdam-seferberlig.jpg?fit=750%2C420&ssl=1","_links":{"self":[{"href":"https:\/\/www.bghaber.org\/bghaber\/wp-json\/wp\/v2\/posts\/53260","targetHints":{"allow":["GET"]}}],"collection":[{"href":"https:\/\/www.bghaber.org\/bghaber\/wp-json\/wp\/v2\/posts"}],"about":[{"href":"https:\/\/www.bghaber.org\/bghaber\/wp-json\/wp\/v2\/types\/post"}],"author":[{"embeddable":true,"href":"https:\/\/www.bghaber.org\/bghaber\/wp-json\/wp\/v2\/users\/29"}],"replies":[{"embeddable":true,"href":"https:\/\/www.bghaber.org\/bghaber\/wp-json\/wp\/v2\/comments?post=53260"}],"version-history":[{"count":0,"href":"https:\/\/www.bghaber.org\/bghaber\/wp-json\/wp\/v2\/posts\/53260\/revisions"}],"wp:featuredmedia":[{"embeddable":true,"href":"https:\/\/www.bghaber.org\/bghaber\/wp-json\/wp\/v2\/media\/26182"}],"wp:attachment":[{"href":"https:\/\/www.bghaber.org\/bghaber\/wp-json\/wp\/v2\/media?parent=53260"}],"wp:term":[{"taxonomy":"category","embeddable":true,"href":"https:\/\/www.bghaber.org\/bghaber\/wp-json\/wp\/v2\/categories?post=53260"},{"taxonomy":"post_tag","embeddable":true,"href":"https:\/\/www.bghaber.org\/bghaber\/wp-json\/wp\/v2\/tags?post=53260"}],"curies":[{"name":"wp","href":"https:\/\/api.w.org\/{rel}","templated":true}]}}