{"id":5326,"date":"2013-08-21T14:26:52","date_gmt":"2013-08-21T11:26:52","guid":{"rendered":"http:\/\/bghaber.org\/bghaber\/?p=5326"},"modified":"2019-07-15T22:10:11","modified_gmt":"2019-07-15T20:10:11","slug":"hazanda-son-yolculuk","status":"publish","type":"post","link":"https:\/\/www.bghaber.org\/bghaber\/hazanda-son-yolculuk\/","title":{"rendered":"Hazanda Son Yolculuk"},"content":{"rendered":"<p><a href=\"https:\/\/i0.wp.com\/bghaber.org\/bghaber\/wp-content\/uploads\/2013\/08\/hazanda-son-yolculuk.jpeg\"><img data-recalc-dims=\"1\" loading=\"lazy\" decoding=\"async\" class=\"alignright size-medium wp-image-5327\" alt=\"hazanda-son-yolculuk\" src=\"https:\/\/i0.wp.com\/bghaber.org\/bghaber\/wp-content\/uploads\/2013\/08\/hazanda-son-yolculuk-191x300.jpeg?resize=191%2C300\" width=\"191\" height=\"300\" \/><\/a>Hazanda Son Yolculuk<\/p>\n<p>Mehmet T\u00fcrker<\/p>\n<p>\u00c7a\u011fr\u0131 Yay\u0131nlar\u0131 \/ An\u0131-Gezi Dizisi<\/p>\n<p>&nbsp;<\/p>\n<p>Bu eser, Yazar Osman Erendoruk&#8217;un hayat\u0131n\u0131 ve ya\u015fad\u0131\u011f\u0131 son g\u00fcnlerini bir an\u0131 \u015feklinde g\u00fcndeme alm\u0131\u015f ve onun ya\u015fad\u0131klar\u0131n\u0131 bu kitap da toplam\u0131\u015ft\u0131r.<br \/>\n(Tan\u0131t\u0131m B\u00fclteninden)<\/p>\n<div id=\"bghab-1077602187\" class=\"bghab-yazi-altinda bghab-entity-placement\"><script async src=\"https:\/\/pagead2.googlesyndication.com\/pagead\/js\/adsbygoogle.js\"><\/script>\r\n<!-- bghaber-yaz\u0131-sonu -->\r\n<ins class=\"adsbygoogle\"\r\n     style=\"display:block\"\r\n     data-ad-client=\"ca-pub-6203283170189293\"\r\n     data-ad-slot=\"4222328180\"\r\n     data-ad-format=\"auto\"\r\n     data-full-width-responsive=\"true\"><\/ins>\r\n<script>\r\n     (adsbygoogle = window.adsbygoogle || []).push({});\r\n<\/script><\/div><br style=\"clear: both; display: block; float: none;\"\/>","protected":false},"excerpt":{"rendered":"<p>Hazanda Son Yolculuk Mehmet T\u00fcrker \u00c7a\u011fr\u0131 Yay\u0131nlar\u0131 \/ An\u0131-Gezi Dizisi &nbsp; Bu eser, Yazar Osman Erendoruk&#8217;un hayat\u0131n\u0131 ve ya\u015fad\u0131\u011f\u0131 son g\u00fcnlerini bir an\u0131 \u015feklinde g\u00fcndeme<\/p>\n","protected":false},"author":29,"featured_media":5327,"comment_status":"closed","ping_status":"closed","sticky":false,"template":"","format":"standard","meta":{"advanced_seo_description":"","jetpack_seo_html_title":"","jetpack_seo_noindex":false,"jetpack_seo_schema_type":"","_jetpack_newsletter_access":"","_jetpack_dont_email_post_to_subs":false,"_jetpack_newsletter_tier_id":0,"_jetpack_memberships_contains_paywalled_content":false,"_jetpack_feature_clip_id":0,"_jetpack_memberships_contains_paid_content":false,"footnotes":"","jetpack_post_was_ever_published":false},"categories":[211],"tags":[219],"class_list":["post-5326","post","type-post","status-publish","format-standard","has-post-thumbnail","hentry","category-kitap","tag-mehmet-turker"],"jetpack_sharing_enabled":true,"jetpack_likes_enabled":true,"jetpack-related-posts":[],"jetpack_shortlink":"https:\/\/wp.me\/pc2PfJ-1nU","jetpack_featured_media_url":"https:\/\/i0.wp.com\/www.bghaber.org\/bghaber\/wp-content\/uploads\/2013\/08\/hazanda-son-yolculuk.jpeg?fit=270%2C422&ssl=1","_links":{"self":[{"href":"https:\/\/www.bghaber.org\/bghaber\/wp-json\/wp\/v2\/posts\/5326","targetHints":{"allow":["GET"]}}],"collection":[{"href":"https:\/\/www.bghaber.org\/bghaber\/wp-json\/wp\/v2\/posts"}],"about":[{"href":"https:\/\/www.bghaber.org\/bghaber\/wp-json\/wp\/v2\/types\/post"}],"author":[{"embeddable":true,"href":"https:\/\/www.bghaber.org\/bghaber\/wp-json\/wp\/v2\/users\/29"}],"replies":[{"embeddable":true,"href":"https:\/\/www.bghaber.org\/bghaber\/wp-json\/wp\/v2\/comments?post=5326"}],"version-history":[{"count":0,"href":"https:\/\/www.bghaber.org\/bghaber\/wp-json\/wp\/v2\/posts\/5326\/revisions"}],"wp:featuredmedia":[{"embeddable":true,"href":"https:\/\/www.bghaber.org\/bghaber\/wp-json\/wp\/v2\/media\/5327"}],"wp:attachment":[{"href":"https:\/\/www.bghaber.org\/bghaber\/wp-json\/wp\/v2\/media?parent=5326"}],"wp:term":[{"taxonomy":"category","embeddable":true,"href":"https:\/\/www.bghaber.org\/bghaber\/wp-json\/wp\/v2\/categories?post=5326"},{"taxonomy":"post_tag","embeddable":true,"href":"https:\/\/www.bghaber.org\/bghaber\/wp-json\/wp\/v2\/tags?post=5326"}],"curies":[{"name":"wp","href":"https:\/\/api.w.org\/{rel}","templated":true}]}}