{"id":53250,"date":"2021-03-13T18:50:58","date_gmt":"2021-03-13T15:50:58","guid":{"rendered":"https:\/\/www.bghaber.org\/bghaber\/?p=53250"},"modified":"2026-02-02T19:48:25","modified_gmt":"2026-02-02T16:48:25","slug":"bulgaristan-turkerinin-bir-ondere-ihtiyaci-vardir","status":"publish","type":"post","link":"https:\/\/www.bghaber.org\/bghaber\/bulgaristan-turkerinin-bir-ondere-ihtiyaci-vardir\/","title":{"rendered":"Bulgaristan T\u00fcrkeri\u2019nin bir \u00d6NDERE ihtiyac\u0131 vard\u0131r"},"content":{"rendered":"<p><strong>BGSAM<\/strong><br \/>\nTarih: 12 Mart 2021<\/p>\n<p>Bulgaristan M\u00fcsl\u00fcmanlar\u0131n\u0131n toplumsal b\u00fcnyesinde bir AKSAKAL-\u00d6NDER BO\u015eLU\u011eU belirmi\u015f bulunuyor. Sorun \u00e7\u00f6z\u00fclmelidir!<\/p>\n<p>G\u00f6r\u00fcld\u00fc\u011f\u00fc \u00fczere, Bulgaristan Milli Gizli Kurmay\u0131 art\u0131k Hak ve \u00d6zg\u00fcrl\u00fck Hareket &#8211; H\u00d6H-DPS milletvekili Delyan Peevski\u2019den kurtuldu. \u015eimdi de kollar\u0131n\u0131 s\u0131vam\u0131\u015f Ahmet Do\u011fan\u2019\u0131 merkeze alm\u0131\u015f ve kurtulma yollar\u0131n\u0131 netle\u015ftirmeye \u00e7al\u0131\u015f\u0131yor. Do\u011fan\u2019\u0131n s\u00f6zde <strong><em>\u201csaraylar\u0131\u201d<\/em><\/strong> var ama saray ve k\u00f6\u015fklerin etraf\u0131nda kaleler yok, kale duvarlar\u0131n\u0131n kale kap\u0131s\u0131 da yok. \u015eimdiye kadar bu kale duvar\u0131 T\u00fcrkl\u00fck ruhuydu, fakat o Bulgaristan T\u00fcrk ruhunu ate\u015fe verdi ve k\u0131\u015f ortas\u0131nda \u00e7\u0131plak kald\u0131. Halk\u0131m\u0131z\u0131 Boyko Borisov\u2019un 50 levas\u0131na muhta\u00e7 b\u0131rakt\u0131 ki 600 y\u0131ldan beri bizi besleyen vatan topra\u011f\u0131m\u0131z\u0131 \u00e7orak yapt\u0131. Bu da bir hesapla\u015fma sorunu oldu. Kendisi \u015fimdiye kadar oldu\u011fu gibi yine Bulgar derin devleti -DC-Kom\u00fcnist doktrinin yan\u0131nda yer ald\u0131 ve kimli\u011fimize mezar kazd\u0131. \u015eimdi \u00e7ukura kendisi d\u00fc\u015f\u00fcyor ve kurtar\u0131n beni demi\u015f olsa, el uzatacak yok.<\/p>\n<p><strong>Ger\u00e7eklere birlikte bakal\u0131m.<\/strong><\/p>\n<p>1970\u2019li ve 80\u2019li y\u0131llarda BKP\u2019nin T\u00fcrklerin ve Pomaklar\u0131n isimlerini zorla de\u011fi\u015ftirirken, i\u011fren\u00e7 i\u015flere ve \u00fclke i\u00e7inde ve d\u0131\u015f\u0131nda \u00e7evrilen de\u011fi\u015fik yolsuzluklara Moskova\u2019dan tepki gelmesin ve problem ya\u015fanmas\u0131n diye, Bulgaristan Kom\u00fcnist Partisi \u2013 BKP, <strong><em>\u201cMultigrup\u201d<\/em><\/strong> adl\u0131 bir Rus \u015firketinin \u0130svi\u00e7re\u2019deki gizli bankalar\u0131na para g\u00f6nderiyordu.<\/p><div id=\"bghab-386042460\" class=\"bghab-icerik-icine bghab-entity-placement\"><script async src=\"\/\/pagead2.googlesyndication.com\/pagead\/js\/adsbygoogle.js?client=ca-pub-6203283170189293\" crossorigin=\"anonymous\"><\/script><ins class=\"adsbygoogle\" style=\"display:block; text-align:center;\" data-ad-client=\"ca-pub-6203283170189293\" \ndata-ad-slot=\"7303146466\" \ndata-ad-layout=\"in-article\"\ndata-ad-format=\"fluid\" data-full-width-responsive=\"true\"><\/ins>\n<script> \n(adsbygoogle = window.adsbygoogle || []).push({}); \n<\/script>\n<\/div>\n<p>Bulgar <strong><em>\u201cMultigrub\u201d<\/em><\/strong>u ise 1988\u2019de Sofya\u2019da kuruldu. Kom\u00fcnist politika ve ideolojiden geri ad\u0131m atarak ekonomiyi esir al\u0131p suyunu \u00e7\u0131karma plan\u0131 ve totalitarizmi ya\u015fatmakt\u0131 hedefleri. Olan ise her zaman oldu\u011fu gibi halka olacakt\u0131. \u00c7eken yine az\u0131nl\u0131klar olacakt\u0131. Hedefte az\u0131nl\u0131klar ba\u015fta olmak \u00fczere, halk\u0131 hi\u00e7 s\u0131k\u0131lmadan sefalete itmek, s\u00fcr\u00fcnd\u00fcrmek, gurbete mahk\u00fbm etmek ve bir daha uyan\u0131p dirilmesini engellemek vard\u0131 ak\u0131llar\u0131nda. T\u00fcrkleri cahil b\u0131rakmak \u00f6n plandayd\u0131.<\/p>\n<p>1990\u2019dan \u00f6nce ve sonra h\u00fck\u00fcmetlerden her \u00e7e\u015fit destek alan <strong><em>\u201cMultigrup\u201d<\/em><\/strong> 1991 Lukanov h\u00fck\u00fcmeti zaman\u0131nda, devletle ve politik g\u00fc\u00e7lerle b\u00fct\u00fcnle\u015fme, b\u00fct\u00fcn ekonomiyi ve BKP\u2019nin yurt d\u0131\u015f\u0131ndaki paralar\u0131na el koyma ve Rusya Federasyonu ile iyi olmaya y\u00f6nelmi\u015fti. Birincisinin ard\u0131ndan 20 <strong><em>\u201cMultigrup\u201d<\/em><\/strong> \u015firketi kuruldu. Bunlar\u0131n 200\u2019den fazla k\u0131z \u015firketi memlekete yay\u0131ld\u0131.<\/p>\n<p>1990\u2019da para ka\u00e7ak\u00e7\u0131l\u0131\u011f\u0131 ve kara para aklama merkezi Wad\u00fcs\/Lihtensteein\u2019de <strong><em>\u201cMustegrup\u201d<\/em><\/strong>\u015firketi tescil edildi.<\/p>\n<p>1991\u2019de MG Finance USA Inc. \u0130smiyle Washington, ABD <strong><em>\u201cMultigrup\u201d<\/em><\/strong> kay\u0131t i\u015flemi yap\u0131ld\u0131.\u00a0 \u0130svi\u00e7re\u2019deki Ruslar\u0131n y\u00f6netimindeki <strong><em>\u201cMultigrub\u2019a\u201d<\/em><\/strong> g\u00f6nderilen paralar geri al\u0131nd\u0131 ve katlamak \u00fczere yo\u011fun \u00e7al\u0131\u015fmalar ba\u015flad\u0131. Bulgaristan tarihinde hi\u00e7 g\u00f6r\u00fclmemi\u015f sahtek\u00e2rl\u0131klar ve ka\u00e7ak\u00e7\u0131l\u0131k h\u00fck\u00fcmetlerin g\u00f6lgesinde yap\u0131ld\u0131.<\/p>\n<p><strong><em>\u201cMustigrup\u201d<\/em><\/strong> Holding ile H\u00d6H-DPS\u2019nin ne ili\u015fkisi var demeyiniz. Multigrup siyasi partilerin hepsi ile iyi ge\u00e7inmek i\u00e7in kurulmu\u015ftu. 1994\u2019te Mustigrup onay\u0131 ve deste\u011fi olmadan Prof. Berov h\u00fck\u00fcmeti kurulamazd\u0131. 2001\u2019de yine <strong><em>\u201cMultigrup\u201d <\/em><\/strong>deste\u011fi olmadan H\u00d6H partisi II. Simeon h\u00fck\u00fcmetine kat\u0131lamazd\u0131. Ayn\u0131 c\u00fcmleyi 2005\u2019te Sergey Stani\u015fev h\u00fck\u00fcmeti i\u00e7in de kurabiliriz. 2009\u2019da se\u00e7imlerden \u00f6nce iktidara uzanan H\u00d6H-DPS partisi de\u011fil, Multigrup idi. Yolunu kesen Almanya ve ABD g\u00fc\u00e7leri Mult\u0131grub\u2019u beyaz bayrak kald\u0131rmaya zorlad\u0131.<\/p><div id=\"bghab-1324064829\" class=\"bghab-icerik-icine-10-paragraf bghab-entity-placement\"><script async src=\"\/\/pagead2.googlesyndication.com\/pagead\/js\/adsbygoogle.js?client=ca-pub-6203283170189293\" crossorigin=\"anonymous\"><\/script><ins class=\"adsbygoogle\" style=\"display:block; text-align:center;\" data-ad-client=\"ca-pub-6203283170189293\" \ndata-ad-slot=\"7303146466\" \ndata-ad-layout=\"in-article\"\ndata-ad-format=\"fluid\" data-full-width-responsive=\"true\"><\/ins>\n<script> \n(adsbygoogle = window.adsbygoogle || []).push({}); \n<\/script>\n<\/div>\n<p><strong>Bulgaristan\u2019\u0131n en zengin ki\u015fisi olarak \u0130liya Pavlov\u2019u ortaya \u00e7\u0131kart\u0131lar<\/strong>.<\/p>\n<p>T\u00fcm sanayi i\u015fletmelerinin, enerji tesislerinin giri\u015f ve \u00e7\u0131k\u0131\u015f\u0131na <strong><em>\u201cMultigrup\u201d<\/em><\/strong> yerle\u015fti. Ka\u00e7ak\u00e7\u0131l\u0131k ve kumar i\u015fleri ald\u0131 y\u00fcr\u00fcd\u00fc. Ahmet Do\u011fan Multigrub\u2019a kat\u0131ld\u0131. Hatta Vejdi Ra\u015fidov Bulgaristan\u2019da ilk <strong><em>\u201cMultak\u201d<\/em><\/strong> oldu. Ramadan Atalay <strong><em>\u201cKremikovtsi\u201d<\/em><\/strong> de <strong><em>\u201ckurs\u201d<\/em><\/strong> g\u00f6rd\u00fckten sonra H\u00d6H-DPS politik y\u00f6netimine Multigrup kadrosu olarak kazand\u0131r\u0131ld\u0131.<\/p>\n<p><strong>Ne var ki 2002\u2019de \u0130liya Pavlov\u2019un tek kur\u015funla \u00f6ld\u00fcr\u00fclmesiyle \u201cMultigrup\u201d modeli can \u00e7eki\u015fmeye ba\u015flad\u0131, ama bitirilmedi. <\/strong><\/p>\n<p>Bilmeyenler MULT\u0130GRUP sermaye kaynaklar\u0131n\u0131 hala bug\u00fcn de bilmezler. Paralar\u0131n kayna\u011f\u0131 1980\u2019lerde BKP\u2019nin d\u0131\u015f \u00fclkelere \u00e7\u0131kard\u0131\u011f\u0131 d\u00f6vizdir. Bu sermaye <strong><em>\u201cMultigrup -Zug\u201d<\/em><\/strong> taraf\u0131ndan y\u00f6netilmi\u015ftir. <strong><em>\u201cZug\u201d<\/em><\/strong> \u0130svi\u00e7re\u2019de Bulgar finans \u00e7evresinin ya\u015fad\u0131\u011f\u0131 kenttir. Us-Virjinya <strong><em>\u201cMultigrup\u201d<\/em><\/strong> ise ABD\u2019de gazino i\u015flerine kat\u0131lm\u0131\u015f ve G\u00fcney Amerika \u00fclkelerine uzanm\u0131\u015ft\u0131r. Bulgaristan end\u00fcstrisi ve tar\u0131m\u0131n\u0131 kene gibi emen <strong><em>\u201cMultigrup-agro\u201d<\/em><\/strong>\u00a0 II. Semion (2001-2005) ve Sergey Stani\u015fev (2005-2009) y\u0131llar\u0131nda Avrupa Birli\u011fi fonlar\u0131 da\u011f\u0131t\u0131m\u0131 Ahmet Do\u011fan\u2019\u0131n elindeyken ferrah g\u00fcnler ya\u015famaya devam etmi\u015ftir.<\/p>\n<p>Ne var ki, 2009\u2019da A.Do\u011fan\u2019\u0131n elinden al\u0131nan bu imk\u00e2nlar, GERB partisi y\u00f6netimine ve \u015fahsen Ba\u015fbakan Boyko Borisov\u2019un eline ge\u00e7mi\u015ftir. Soygun el de\u011fi\u015ftirmi\u015ftir. A.Do\u011fan da parmaklar\u0131n\u0131 yalamaya ve sadaka beklemeye ba\u015flam\u0131\u015ft\u0131r.<\/p><div id=\"bghab-2203493490\" class=\"bghab-icerik-icine-15-paragraf bghab-entity-placement\"><script async src=\"\/\/pagead2.googlesyndication.com\/pagead\/js\/adsbygoogle.js?client=ca-pub-6203283170189293\" crossorigin=\"anonymous\"><\/script><ins class=\"adsbygoogle\" style=\"display:block; text-align:center;\" data-ad-client=\"ca-pub-6203283170189293\" \ndata-ad-slot=\"7303146466\" \ndata-ad-layout=\"in-article\"\ndata-ad-format=\"fluid\" data-full-width-responsive=\"true\"><\/ins>\n<script> \n(adsbygoogle = window.adsbygoogle || []).push({}); \n<\/script>\n<\/div>\n<p><strong>Bu durumu \u015f\u00f6yle bir \u00f6rnekle a\u00e7\u0131klayabiliriz<\/strong>.<\/p>\n<p>2007\u2019den beri yani son 13 y\u0131lda Bulgaristan tar\u0131m\u0131na 30 milyar Avro yat\u0131r\u0131m fonu g\u00f6nderilmi\u015ftir. Bu paralar \u00f6yle bir \u00e7al\u0131nm\u0131\u015ft\u0131r ki, g\u00fcn\u00fcm\u00fczde Bulgaristan t\u00fcketti\u011fi patatesin ancak % 15\u2019ini ve so\u011fan\u0131n % 25\u2019ini ve lahanan\u0131n % 30\u2019unu kendi \u00fcretebiliyor.<\/p>\n<p>\u015eu korona vir\u00fcs g\u00fcnlerinde s\u0131n\u0131r kap\u0131lar\u0131nda s\u0131k\u0131 kontrol uygulan\u0131nca, pazarlarda tezg\u00e2hlar tamamen bo\u015fald\u0131. Daha \u00f6nce e\u015fine rastlanmayan bu soygun ekonomimizi tamamen \u00e7\u00f6kertti. Koloni s\u00fcr\u00fcm pazar\u0131 olduk. Avrupa\u2019n\u0131n i\u015fe yaramayan, standart d\u0131\u015f\u0131 mallar\u0131yla ya\u015f\u0131yoruz.<\/p>\n<p><strong>\u015e\u00f6yle bir \u00f6zelli\u011fe de dikkatinizi \u00e7ekmek istiyorum<\/strong>.<\/p>\n<p>2009\u2019dan bug\u00fcne iktidarda olan GERB-Borisov partisi, 2013 se\u00e7imlerinden sonra h\u00fck\u00fcmet kuramam\u0131\u015ft\u0131. Gizli Devlet Kurmay\u0131, \u00a0Sosyalistlerin BSP ve T\u00fcrklerin H\u00d6H-DPS partisinin ortak h\u00fck\u00fcmet kurmak i\u00e7in Ba\u015fbakan olarak, \u00fcniversite \u00f6\u011fretim \u00fcyesi, maliyeci Plamen Ore\u015farski \u00fczerinde kilitlenince, Peevski Ore\u015farski\u2019nin evine gitmi\u015f ve \u201c<strong>Bulgaristan\u2019\u0131n en zengin adam\u0131 benim, ben ba\u015fbakan olaca\u011f\u0131m, \u00e7ekil yolumdan<\/strong>\u201d demi\u015fti.<\/p><div id=\"bghab-91038632\" class=\"bghab-icerik-icine-20-paragraf bghab-entity-placement\"><script async src=\"\/\/pagead2.googlesyndication.com\/pagead\/js\/adsbygoogle.js?client=ca-pub-6203283170189293\" crossorigin=\"anonymous\"><\/script><ins class=\"adsbygoogle\" style=\"display:block; text-align:center;\" data-ad-client=\"ca-pub-6203283170189293\" \ndata-ad-slot=\"7303146466\" \ndata-ad-layout=\"in-article\"\ndata-ad-format=\"fluid\" data-full-width-responsive=\"true\"><\/ins>\n<script> \n(adsbygoogle = window.adsbygoogle || []).push({}); \n<\/script>\n<\/div>\n<p>2002\u2019de Ba\u015fkan \u0130liya Pavlov \u00f6ld\u00fcr\u00fcld\u00fckten sonra MULT\u0130GRUP y\u00f6netimine getirilen Delyan Peevski, Ahmet Do\u011fanla birlik olmu\u015f ve iyice palazlanm\u0131\u015ft\u0131. Ne var ki, sermaye \u00e7al\u0131\u015ft\u0131rman\u0131n zor i\u015f oldu\u011funu Peevski\u2019 nin \u00fclkeyi terk etmek zorunda kalmas\u0131nda g\u00f6rebiliyoruz. \u0130kinci D\u00fcnya Sava\u015f\u0131\u2019ndan sonra Ruslara kalan 16 t\u00fcr\u00fcn i\u015fletmesini, kur\u015fun \u00e7inko madenlerini, kablo ve \u015feker fabrikalar\u0131n\u0131n alt\u0131ndan girdi \u00fcst\u00fcnden \u00e7\u0131kt\u0131. B\u00fcy\u00fck say\u0131da i\u015fletmeyi \u00e7\u00f6kertti. Elinde kalan ne varsa her \u015feri ka\u00e7mazdan \u00f6nce paraya \u00e7evirdi, 3 banka soydu ve paralar\u0131 d\u0131\u015f \u00fclkelere \u00e7\u0131kard\u0131. Fakat olaylar yaln\u0131z bununla bitmiyor. Peevski\u2019nin DUBAY\u2019a ka\u00e7mas\u0131yla, Bulgar oligar\u015fisi, Bulgar Savc\u0131l\u0131k, Ahmet Do\u011fan \u00e7evresi ve Rusya etkisinin olu\u015fturdu\u011fu Boyko Borisov\u2019a da koltuk de\u011fne\u011fi olan Ba\u015fsavc\u0131l\u0131k h\u00fck\u00fcmdarl\u0131\u011f\u0131 \u00e7atlad\u0131 ve da\u011f\u0131lmaya ba\u015flad\u0131. Bu geli\u015fmelerin b\u00fcy\u00fck say\u0131da belirtisi var. Bu nedenle T\u00fcrk ayd\u0131nlar\u0131 ve yurtsever, bilin\u00e7li ve zeki kesin H\u00d6H-DPS y\u00f6netiminden uzakla\u015ft\u0131. 1993\u2019te yap\u0131lan H\u00d6H-DPS K\u0131rca Ali Kongresindeki olaylar y\u00fcz karas\u0131d\u0131r ve unutulmaz ve 10 bin T\u00fcrk\u00e7\u00fc ayd\u0131n partiden ayr\u0131lm\u0131\u015ft\u0131r. Bu ayd\u0131nlar\u0131m\u0131z H\u00d6H d\u00fc\u015fman\u0131 de\u011fil parti i\u00e7inde olanlar\u0131 tasvip etmeyen, edemeyen kesimdir. Bir T\u00fcrk H\u00d6H d\u00fc\u015fman\u0131 olamaz, ama partimizin ka\u00e7ak\u00e7\u0131l\u0131k \u015febekesinden fark\u0131 olmayan Multigrup ile ba\u011flanmas\u0131n\u0131 da kabul edemez. Bizim insanlar\u0131m\u0131z adaletli ve hakk\u0131n yan\u0131ndad\u0131rlar, h\u0131rs\u0131z\u0131n yan\u0131nda duramazlar. Sonu\u00e7ta Multigrup ve Peevski BULGARTABAC HOLD\u015eNG\u0130 de soydular ve kapatt\u0131lar. Hatta o kadar ileriye gidildi ki, Do\u011fan ile Peevski\u2019nin T\u00fcrkiye Cumhuriyeti\u2019ne girmeleri bile yasakland\u0131.<\/p>\n<p><strong>\u00c7\u00f6k\u00fc\u015f\u00fcn birka\u00e7 belirtisine i\u015faret ediyoruz.<\/strong><\/p>\n<p><strong><u>Birinci belirti<\/u><\/strong> 2020 g\u00fcz\u00fcnde Ahmet Do\u011fan ve Delyan Peevski dokunulmazl\u0131k ve devlet korumalar\u0131n\u0131n kald\u0131r\u0131lmas\u0131;<\/p>\n<p><strong><u>\u0130kinci Belirti,<\/u><\/strong> Ahmet Do\u011fan\u2019\u0131n <strong><em>\u201cRosenets\u201d<\/em><\/strong> Karadeniz K\u00f6\u015fk\u00fc\u2019n\u00fcn Y\u00fcksek Mahkeme karar\u0131yla <strong><em>\u201cm\u00fcze olarak\u201d<\/em><\/strong> kullan\u0131lmas\u0131 karar\u0131;<\/p>\n<p><strong><u>\u00dc\u00e7\u00fcnc\u00fc belirti<\/u><\/strong><u>,<\/u> Ahmet Do\u011fan\u2019\u0131n 45. Meclise milletvekili aday\u0131 \u00e7\u0131kamamas\u0131;<\/p><div id=\"bghab-480903636\" class=\"bghab-icerik-icine-25-paragraf bghab-entity-placement\"><script async src=\"\/\/pagead2.googlesyndication.com\/pagead\/js\/adsbygoogle.js?client=ca-pub-6203283170189293\" crossorigin=\"anonymous\"><\/script><ins class=\"adsbygoogle\" style=\"display:block; text-align:center;\" data-ad-client=\"ca-pub-6203283170189293\" \ndata-ad-slot=\"7303146466\" \ndata-ad-layout=\"in-article\"\ndata-ad-format=\"fluid\" data-full-width-responsive=\"true\"><\/ins>\n<script> \n(adsbygoogle = window.adsbygoogle || []).push({}); \n<\/script>\n<\/div>\n<p><strong><u>D\u00f6rd\u00fcnc\u00fc belirti<\/u><\/strong><u>;<\/u> Delyan Peevski\u2019nin milletvekili adayl\u0131\u011f\u0131ndan \u00e7ekilmesi ve \u00fclkeden apar topar ka\u00e7mas\u0131;<\/p>\n<p><strong><u>Be\u015finci belirti<\/u><\/strong><u>;<\/u> ABD\/ New York \u0130l Mahkemesinin D. Peevski hakk\u0131nda tutuklama karar\u0131n\u0131n \u00e7\u0131karmas\u0131;<\/p>\n<p><strong><u>Alt\u0131nc\u0131 Belirti<\/u><\/strong>, Ahmet Do\u011fan\u2019\u0131n <strong><em>\u201cStudena\u201d<\/em><\/strong> baraj\u0131 kenar\u0131nda devlet orman\u0131nda ka\u00e7ak yollardan <strong><em>\u201cK\u0131\u015fl\u0131k Saray\u201d<\/em><\/strong> in\u015faat\u0131n\u0131n durdurulmas\u0131 ve<\/p>\n<p><strong><u>Yedinci olarak<\/u><\/strong><u>,<\/u> Prag\u2019ta <strong><em>\u201c\u00c7EZ\u201d<\/em><\/strong> \u015firketinin <strong><em>\u201cDevnya\u201d<\/em><\/strong> Is\u0131 Elektrik santrali al\u0131m sat\u0131m\u0131yla ilgili Ahmet Do\u011fana kar\u015f\u0131 a\u011f\u0131r ceza mahkemesinde dava a\u00e7mas\u0131 vs\u2019dir.<\/p>\n<p>Bu geli\u015fmeler \u00f6ncelikle Multigrup-H\u00d6H-DPS ortakl\u0131\u011f\u0131na ve Multigrup Holding- H\u00d6H-DPS\u2019ye Moskova himayesine son veriyor ve hesapla\u015fma g\u00fcnleri kap\u0131 \u00e7al\u0131yor.<\/p><div id=\"bghab-810937764\" class=\"bghab-icerik-icine-30-paragraf bghab-entity-placement\"><script async src=\"\/\/pagead2.googlesyndication.com\/pagead\/js\/adsbygoogle.js?client=ca-pub-6203283170189293\" crossorigin=\"anonymous\"><\/script><ins class=\"adsbygoogle\" style=\"display:block; text-align:center;\" data-ad-client=\"ca-pub-6203283170189293\" \ndata-ad-slot=\"7303146466\" \ndata-ad-layout=\"in-article\"\ndata-ad-format=\"fluid\" data-full-width-responsive=\"true\"><\/ins>\n<script> \n(adsbygoogle = window.adsbygoogle || []).push({}); \n<\/script>\n<\/div>\n<p><strong>Bu durumda Peevski ve Do\u011fan\u2019\u0131 ne NATO, ne ABD, ne de Moskova istiyor. \u0130kisinin de son ferman\u0131 yaz\u0131lm\u0131\u015ft\u0131r.<\/strong><\/p>\n<p><strong>AKSAKAL aran\u0131yor dememizin sebebi i\u015fte budur. <\/strong><\/p>\n<p>Bir s\u00fcr\u00fc varsa, kara koyun veya bir ko\u00e7 gerekir ve elinde gegeli-sopa, s\u0131rt\u0131nda ya\u011fmurluklu bir \u00e7oban olmal\u0131d\u0131r.<\/p>\n<p>\u00d6zellikle belirtmemiz yerinde olur, halk\u0131m\u0131z\u0131n soyulmas\u0131na, aldat\u0131lmas\u0131na, k\u00f6le muamelesi g\u00f6rmesine, cahil b\u0131rak\u0131lmas\u0131na ve ezilmesine tahamm\u00fcl edemedi\u011fimizden dolay\u0131 H\u00d6H partisinin politik y\u00f6netimine kar\u015f\u0131 1993\u2019ten sonra s\u0131cak bakmam\u0131\u015ft\u0131k ve bakm\u0131yoruz. Fakat Ahmet Do\u011fan ile Delyan Peevski\u2019nin ayn\u0131 kuvvetle gelen Moskova ve Washington tekmesiyle politika d\u0131\u015f\u0131na itilmesi, <strong><em>BULGAR\u0130STAN M\u00dcSL\u00dcMAN KAMUOYUNDA B\u0130R S\u0130YAS\u0130 BO\u015eLUK BEL\u0130RD\u0130\u011e\u0130NE<\/em><\/strong> i\u015faret ediyor.\u00a0 \u0130\u015fte bu da bir <strong>AKSAKAL BO\u015eLU\u011eUDUR.<\/strong><\/p>\n<p><strong>Bulgarlar\u0131n da Ahmet Do\u011fan\u2019\u0131 defterden sildiklerini g\u00f6r\u00fcyoruz.<\/strong><\/p><div id=\"bghab-898203305\" class=\"bghab-icerik-icine-35-paragraf bghab-entity-placement\"><script async src=\"\/\/pagead2.googlesyndication.com\/pagead\/js\/adsbygoogle.js?client=ca-pub-6203283170189293\" crossorigin=\"anonymous\"><\/script><ins class=\"adsbygoogle\" style=\"display:block; text-align:center;\" data-ad-client=\"ca-pub-6203283170189293\" \ndata-ad-slot=\"7303146466\" \ndata-ad-layout=\"in-article\"\ndata-ad-format=\"fluid\" data-full-width-responsive=\"true\"><\/ins>\n<script> \n(adsbygoogle = window.adsbygoogle || []).push({}); \n<\/script>\n<\/div>\n<p>Bu operasyon Bulgar Gizli Kurmay\u0131 taraf\u0131ndan \u00f6rg\u00fctlenmi\u015f olup, Ba\u015fbakan Borisov\u2019un koltuk de\u011fneklerinin toplanmas\u0131 \u015feklinde de de\u011ferlendirilebilir. Ayn\u0131 zamanda A. Do\u011fan, D. Peevski, Kr. Karaka\u00e7anov, V. Simyonov, V. Siderov ve V. Mare\u015fki\u2019nin siyasi sahneden indirme plan\u0131 uyguland\u0131\u011f\u0131na tan\u0131k oluyoruz.<\/p>\n<p>Bu se\u00e7imler r\u00fc\u015fvet\u00e7ilik, doland\u0131r\u0131c\u0131l\u0131k, u\u015fakl\u0131k ve adaletsizlikten ar\u0131nma az\u0131s\u0131ndan yeni bir ba\u015flang\u0131\u00e7 da olabilir. Pek tabii ki, bu d\u00f6n\u00fc\u015f\u00fcm\u00fcn ana g\u00fcc\u00fc se\u00e7mendir ve M\u00fcsl\u00fcman se\u00e7mene d\u00fc\u015fen \u00f6nc\u00fc rol\u00fc y\u00fcksek de\u011ferdir. Beklentimiz 2021 se\u00e7imleri sonras\u0131 ilahi adaletin ortaya \u00e7\u0131kma y\u0131l\u0131 olmas\u0131 ve if\u015falar y\u0131l\u0131 olmas\u0131 dile\u011fi ile,<\/p>\n<p><strong>13 Mart 2021 tarihinde Ahmet Do\u011fan\u2019\u0131n Sofya \u201cSaray\u0131\u201d \u00f6n\u00fcnde saat 13\u2019te eski polislerin, gizli polis \u201cDS\u201d kadrolar\u0131n\u0131n ve milliyet\u00e7ilerin toplanmas\u0131 ve D. Peevski\u2019nin ard\u0131ndan Ahmet Do\u011fan\u2019\u0131n da memleketten ayr\u0131lmas\u0131, Bulgaristan\u2019\u0131 terk etmesi ve geri d\u00f6nmemesi sloganlar\u0131yla bir miting ve protesto eylemi \u00f6rg\u00fctlenece\u011fi duyuruldu. Bu \u00f6nerileri kabul etmiyorsa tutuklanmas\u0131 ve yarg\u0131lanmas\u0131nda direniliyor. Bu istekler slogan \u015feklinde daha 2020 Nisan\u2019\u0131nda dile gelmi\u015ftir. Diyebilecek tek s\u00f6z\u00fcm\u00fcz var Allah bildi\u011fi gibi yaps\u0131n.<\/strong><\/p>\n<p><strong>Bu olay\u0131n se\u00e7im \u00f6ncesine rastlamas\u0131 \u00e7ok anlaml\u0131d\u0131r.<\/strong><\/p>\n<p>Toplumu r\u00fc\u015fvet\u00e7i, doland\u0131r\u0131c\u0131 ve soygunculardan temizlemek isteyenlerin H\u00d6H partisi liderlerinden ba\u015flamas\u0131 da ayr\u0131ca \u00f6zel anlaml\u0131d\u0131r. \u0130n\u015fallah bu a\u015fa\u011f\u0131 katmanlara do\u011furu devam eder.<\/p><div id=\"bghab-2372163717\" class=\"bghab-icerik-icine-40-paragraf bghab-entity-placement\"><script async src=\"\/\/pagead2.googlesyndication.com\/pagead\/js\/adsbygoogle.js?client=ca-pub-6203283170189293\" crossorigin=\"anonymous\"><\/script><ins class=\"adsbygoogle\" style=\"display:block; text-align:center;\" data-ad-client=\"ca-pub-6203283170189293\" \ndata-ad-slot=\"7303146466\" \ndata-ad-layout=\"in-article\"\ndata-ad-format=\"fluid\" data-full-width-responsive=\"true\"><\/ins>\n<script> \n(adsbygoogle = window.adsbygoogle || []).push({}); \n<\/script>\n<\/div>\n<p>H\u00d6H s\u00f6zde T\u00fcrk partisi diye an\u0131l\u0131yor fakat 1990\u2019dan beri Ahmet Do\u011fan y\u00f6netimindeki H\u00d6H-DPS T\u00fcrk kadro yeti\u015ftirmemi\u015ftir. D\u0131\u015f \u00fclkelere g\u00f6nderilen baz\u0131 gen\u00e7ler ya okumam\u0131\u015f ya da okuduktan sonra geri d\u00f6nmemi\u015flerdir. T\u00fcrkiye Cumhuriyetinde e\u011fitim alan kadrolara da lider nitelikleri a\u015f\u0131lanmam\u0131\u015f, politikay\u0131 kucaklayamam\u0131\u015flar, kucaklayabilenler de Kasim Dal ve L\u00fctfi Metan\u2019\u0131n hayallerine kurban olmu\u015flard\u0131r. Tabi bu hareketler de onlar\u0131n (DC) g\u00fcdeminde hareket oldu\u011fu da \u00e7ok yak\u0131nda ortaya \u00e7\u0131kacakt\u0131r.<\/p>\n<p><strong>Bulgaristan T\u00fcrkeri\u2019nin bir AKSAKAL \u00d6NDERE ihtiyac\u0131 vard\u0131r. \u015eimdiki H\u00d6H y\u00f6netiminde b\u00f6yle bir kadro maalesef yoktur. Bu sorunun mutlaka \u00e7\u00f6z\u00fclmesi en \u00f6nemli g\u00fcndem sorunu olmu\u015ftur.<\/strong><\/p>\n<p><strong>MULT\u0130GRUB\u2019<\/strong>un devrilmesi, Bulgaristan\u2019da BKP\u2019nin daha 1988\u2019de demokratikle\u015fmeye kurdu\u011fu ekonomik ve mali tuza\u011f\u0131n \u00e7\u00f6kmesi anlam\u0131na gelir. Multigrup ile Ba\u015fsavc\u0131l\u0131\u011f\u0131n siyam karde\u015fli\u011fi de ilk b\u00fcy\u00fck darbelerini alm\u0131\u015f ve halk\u0131m\u0131z\u0131n b\u00fcy\u00fck bask\u0131s\u0131 alt\u0131ndad\u0131r. Mahkemelerin savc\u0131l\u0131k bask\u0131s\u0131ndan kurtar\u0131lmas\u0131n\u0131 isteyenler art\u0131yor ve sokaklar dolup ta\u015f\u0131yor. Adalet ve hukuk reformu isteyenler ilk \u00f6nce ba\u015fsavc\u0131n\u0131n istifas\u0131n\u0131 ve savc\u0131l\u0131\u011f\u0131n yarg\u0131 sisteminde avukatlar\u0131n yan\u0131nda yer almas\u0131nda \u0131srar ederken yasa ve anayasa de\u011fi\u015fikli\u011fi istiyorlar. Ba\u015fsavc\u0131l\u0131\u011f\u0131 atayan Y\u00fcksek Mahkeme \u00fcyelerinin ve \u00e7al\u0131\u015fma usul\u00fcn\u00fcn de de\u011fi\u015ftirilmesinde \u0131srar ediliyor.<\/p>\n<p>Siyasetten ilgilenenler bizi okusunlar.\u00a0 Bulgaristan de\u011fi\u015fikliklere gebedir.<\/p>\n<p>Hepinize te\u015fekk\u00fcrler, \u00e7evrenizle de payla\u015f\u0131rsan\u0131z memnun oluruz. T\u00fcm okuyanlar\u0131m\u0131za sa\u011fl\u0131kl\u0131 ve ger\u00e7ekleri ke\u015ffetmelerini arzu ediyoruz.<\/p><div id=\"bghab-2744103298\" class=\"bghab-icerik-icine-45-paragraf bghab-entity-placement\"><script async src=\"\/\/pagead2.googlesyndication.com\/pagead\/js\/adsbygoogle.js?client=ca-pub-6203283170189293\" crossorigin=\"anonymous\"><\/script><ins class=\"adsbygoogle\" style=\"display:block; text-align:center;\" data-ad-client=\"ca-pub-6203283170189293\" \ndata-ad-slot=\"7303146466\" \ndata-ad-layout=\"in-article\"\ndata-ad-format=\"fluid\" data-full-width-responsive=\"true\"><\/ins>\n<script> \n(adsbygoogle = window.adsbygoogle || []).push({}); \n<\/script>\n<\/div>\n<div id=\"bghab-1969501518\" class=\"bghab-yazi-altinda bghab-entity-placement\"><script async src=\"https:\/\/pagead2.googlesyndication.com\/pagead\/js\/adsbygoogle.js\"><\/script>\r\n<!-- bghaber-yaz\u0131-sonu -->\r\n<ins class=\"adsbygoogle\"\r\n     style=\"display:block\"\r\n     data-ad-client=\"ca-pub-6203283170189293\"\r\n     data-ad-slot=\"4222328180\"\r\n     data-ad-format=\"auto\"\r\n     data-full-width-responsive=\"true\"><\/ins>\r\n<script>\r\n     (adsbygoogle = window.adsbygoogle || []).push({});\r\n<\/script><\/div><br style=\"clear: both; display: block; float: none;\"\/>","protected":false},"excerpt":{"rendered":"<p>BGSAM Tarih: 12 Mart 2021 Bulgaristan M\u00fcsl\u00fcmanlar\u0131n\u0131n toplumsal b\u00fcnyesinde bir AKSAKAL-\u00d6NDER BO\u015eLU\u011eU belirmi\u015f bulunuyor. Sorun \u00e7\u00f6z\u00fclmelidir! G\u00f6r\u00fcld\u00fc\u011f\u00fc \u00fczere, Bulgaristan Milli Gizli Kurmay\u0131 art\u0131k Hak ve<\/p>\n","protected":false},"author":25,"featured_media":24178,"comment_status":"closed","ping_status":"closed","sticky":false,"template":"","format":"standard","meta":{"advanced_seo_description":"","jetpack_seo_html_title":"","jetpack_seo_noindex":false,"jetpack_seo_schema_type":"","_jetpack_newsletter_access":"","_jetpack_dont_email_post_to_subs":false,"_jetpack_newsletter_tier_id":0,"_jetpack_memberships_contains_paywalled_content":false,"_jetpack_feature_clip_id":0,"_jetpack_memberships_contains_paid_content":false,"footnotes":"","jetpack_post_was_ever_published":false},"categories":[3848,6],"tags":[],"class_list":["post-53250","post","type-post","status-publish","format-standard","has-post-thumbnail","hentry","category-secim","category-yorum"],"jetpack_sharing_enabled":true,"jetpack_likes_enabled":true,"jetpack-related-posts":[],"jetpack_shortlink":"https:\/\/wp.me\/pc2PfJ-dQS","jetpack_featured_media_url":"https:\/\/i0.wp.com\/www.bghaber.org\/bghaber\/wp-content\/uploads\/2017\/09\/bgsam.png?fit=793%2C599&ssl=1","_links":{"self":[{"href":"https:\/\/www.bghaber.org\/bghaber\/wp-json\/wp\/v2\/posts\/53250","targetHints":{"allow":["GET"]}}],"collection":[{"href":"https:\/\/www.bghaber.org\/bghaber\/wp-json\/wp\/v2\/posts"}],"about":[{"href":"https:\/\/www.bghaber.org\/bghaber\/wp-json\/wp\/v2\/types\/post"}],"author":[{"embeddable":true,"href":"https:\/\/www.bghaber.org\/bghaber\/wp-json\/wp\/v2\/users\/25"}],"replies":[{"embeddable":true,"href":"https:\/\/www.bghaber.org\/bghaber\/wp-json\/wp\/v2\/comments?post=53250"}],"version-history":[{"count":0,"href":"https:\/\/www.bghaber.org\/bghaber\/wp-json\/wp\/v2\/posts\/53250\/revisions"}],"wp:featuredmedia":[{"embeddable":true,"href":"https:\/\/www.bghaber.org\/bghaber\/wp-json\/wp\/v2\/media\/24178"}],"wp:attachment":[{"href":"https:\/\/www.bghaber.org\/bghaber\/wp-json\/wp\/v2\/media?parent=53250"}],"wp:term":[{"taxonomy":"category","embeddable":true,"href":"https:\/\/www.bghaber.org\/bghaber\/wp-json\/wp\/v2\/categories?post=53250"},{"taxonomy":"post_tag","embeddable":true,"href":"https:\/\/www.bghaber.org\/bghaber\/wp-json\/wp\/v2\/tags?post=53250"}],"curies":[{"name":"wp","href":"https:\/\/api.w.org\/{rel}","templated":true}]}}